{"id":637766,"date":"2026-01-03T06:53:21","date_gmt":"2026-01-03T06:53:21","guid":{"rendered":"https:\/\/www.europesays.com\/fr\/637766\/"},"modified":"2026-01-03T06:53:21","modified_gmt":"2026-01-03T06:53:21","slug":"lyon-louverture-de-cette-enseigne-au-centre-confluence-accuse-un-mois-de-retard","status":"publish","type":"post","link":"https:\/\/www.europesays.com\/fr\/637766\/","title":{"rendered":"Lyon. L&rsquo;ouverture de cette enseigne au centre Confluence accuse un mois de retard"},"content":{"rendered":"<p>                    Par<br \/>\n        <strong><br \/>\n            <a href=\"https:\/\/actu.fr\/auteur\/ludivine-caporal\" title=\"Consulter tous les articles de Ludivine Caporal\" target=\"_blank\" rel=\"noopener\">Ludivine Caporal<\/a><br \/>\n                    <\/strong><\/p>\n<p>        Publi\u00e9 le<\/p>\n<p>            3 janv. 2026 \u00e0 6h10        <\/p>\n<p>Il pensait ouvrir au rez-de-chauss\u00e9e le samedi 20 d\u00e9cembre, juste avant les f\u00eates de fin d\u2019ann\u00e9e. Mais l\u2019\u00e9tablissement <strong>Arctic Juice &amp; Cafe<\/strong> est finalement oblig\u00e9 de prendre son mal en patience avant de pouvoir rencontrer sa client\u00e8le du centre commercial de <a href=\"https:\/\/actu.fr\/tag\/confluence\" target=\"_blank\" rel=\"noopener\">Confluence<\/a>.<\/p>\n<p class=\" wall-content\">Des \u00ab\u00a0raisons administratives ind\u00e9pendantes de [sa] volont\u00e9, li\u00e9es \u00e0 la municipalit\u00e9 de <a href=\"https:\/\/actu.fr\/auvergne-rhone-alpes\/lyon_69123\" target=\"_blank\" rel=\"noopener\">Lyon<\/a>\u00a0\u00bb sont mentionn\u00e9es.<\/p>\n<p>Pas avant mi-janvier<\/p>\n<p class=\" wall-content\">Selon les informations dont nous disposons, il s\u2019agirait en fait d\u2019un<strong> probl\u00e8me avec la commission s\u00e9curit\u00e9 charg\u00e9e des ERP<\/strong> (\u00e9tablissements recevant du public).<\/p>\n<p class=\" wall-content\">\u00ab\u00a0Une nouvelle commission aura lieu le 16 janvier afin de valider l\u2019ouverture du nouveau lieu Arctic et nous croisons les doigts pour que toutes les conditions soient r\u00e9unies pour qu\u2019il ouvre mi-janvier\u00a0\u00bb, nous indique-t-on du c\u00f4t\u00e9 du groupe, qui con\u00e7oit et exploite des bars \u00e0 jus et \u00e0 caf\u00e9 \u00ab\u00a0de qualit\u00e9 sup\u00e9rieure\u00a0\u00bb, offrant \u00e9galement des brunchs \u00e0 base de produits naturels.<\/p>\n<p class=\" wall-content\"><a href=\"https:\/\/www.instagram.com\/p\/DR1kT5ViNqd\/embed\" title=\"Ouvrir le lien sur Instagram\" target=\"_blank\" rel=\"noopener\">Visualiser le contenu sur Instagram<\/a><\/p>\n<p class=\" wall-content\">En attendant, les clients fid\u00e8les de la marque peuvent retrouver Arctic Juice &amp; Cafe <strong>au Grand H\u00f4tel-Dieu, c\u00f4t\u00e9 Bellecour,<\/strong> dans un tout nouveau shop\u00a0qui a pu ouvrir, lui, d\u00e9but d\u00e9cembre.<\/p>\n<p class=\" wall-content\">Personnalisez votre actualit\u00e9 en ajoutant vos villes et m\u00e9dias en favori avec <a href=\"https:\/\/moncompte.actu.fr\" title=\"D\u00e9couvez Mon Actu\" rel=\"nofollow noopener\" data-trk=\"{&quot;cta&quot;:{&quot;action&quot;:&quot;https:\\\/\\\/moncompte.actu.fr&quot;,&quot;category&quot;:&quot;mon compte&quot;,&quot;from&quot;:&quot;article footer&quot;,&quot;name&quot;:&quot;Mon actu&quot;,&quot;type&quot;:&quot;cta&quot;}}\" target=\"_blank\">Mon Actu<\/a>.<\/p>\n<p>                    <script async src=\"\/\/www.instagram.com\/embed.js\"><\/script><\/p>\n","protected":false},"excerpt":{"rendered":"Par Ludivine Caporal Publi\u00e9 le 3 janv. 2026 \u00e0 6h10 Il pensait ouvrir au rez-de-chauss\u00e9e le samedi 20&hellip;\n","protected":false},"author":2,"featured_media":19791,"comment_status":"","ping_status":"","sticky":false,"template":"","format":"standard","meta":{"footnotes":""},"categories":[1889],"tags":[1111,11,2430,3157,1777,674,1011,27,2428,12,3147,25,104],"class_list":{"0":"post-637766","1":"post","2":"type-post","3":"status-publish","4":"format-standard","5":"has-post-thumbnail","7":"category-lyon","8":"tag-actu","9":"tag-actualites","10":"tag-auvergne-rhone-alpes","11":"tag-confluence","12":"tag-eu","13":"tag-europe","14":"tag-fr","15":"tag-france","16":"tag-lyon","17":"tag-news","18":"tag-nouveaux-commerces","19":"tag-republique-francaise","20":"tag-societe"},"share_on_mastodon":{"url":"https:\/\/pubeurope.com\/@fr\/115829853581693566","error":""},"_links":{"self":[{"href":"https:\/\/www.europesays.com\/fr\/wp-json\/wp\/v2\/posts\/637766","targetHints":{"allow":["GET"]}}],"collection":[{"href":"https:\/\/www.europesays.com\/fr\/wp-json\/wp\/v2\/posts"}],"about":[{"href":"https:\/\/www.europesays.com\/fr\/wp-json\/wp\/v2\/types\/post"}],"author":[{"embeddable":true,"href":"https:\/\/www.europesays.com\/fr\/wp-json\/wp\/v2\/users\/2"}],"replies":[{"embeddable":true,"href":"https:\/\/www.europesays.com\/fr\/wp-json\/wp\/v2\/comments?post=637766"}],"version-history":[{"count":0,"href":"https:\/\/www.europesays.com\/fr\/wp-json\/wp\/v2\/posts\/637766\/revisions"}],"wp:featuredmedia":[{"embeddable":true,"href":"https:\/\/www.europesays.com\/fr\/wp-json\/wp\/v2\/media\/19791"}],"wp:attachment":[{"href":"https:\/\/www.europesays.com\/fr\/wp-json\/wp\/v2\/media?parent=637766"}],"wp:term":[{"taxonomy":"category","embeddable":true,"href":"https:\/\/www.europesays.com\/fr\/wp-json\/wp\/v2\/categories?post=637766"},{"taxonomy":"post_tag","embeddable":true,"href":"https:\/\/www.europesays.com\/fr\/wp-json\/wp\/v2\/tags?post=637766"}],"curies":[{"name":"wp","href":"https:\/\/api.w.org\/{rel}","templated":true}]}}