{"id":637767,"date":"2026-01-03T06:55:10","date_gmt":"2026-01-03T06:55:10","guid":{"rendered":"https:\/\/www.europesays.com\/fr\/637767\/"},"modified":"2026-01-03T06:55:10","modified_gmt":"2026-01-03T06:55:10","slug":"jusqua-quand-le-froid-va-t-il-durer-en-ile-de-france-nos-previsions","status":"publish","type":"post","link":"https:\/\/www.europesays.com\/fr\/637767\/","title":{"rendered":"Jusqu&rsquo;\u00e0 quand le froid va-t-il durer en \u00cele-de-France\u202f? Nos pr\u00e9visions"},"content":{"rendered":"<p>Depuis la fin du mois de d\u00e9cembre, l\u2019\u00cele-de-France traverse cette p\u00e9riode de froid marqu\u00e9, avec des temp\u00e9ratures fr\u00e9quemment n\u00e9gatives au lever du jour. Les cartes de pr\u00e9visions illustrent une persistance des gel\u00e9es matinales et une progression notable des temp\u00e9ratures \u00e0 l\u2019approche du vendredi 9 janvier, avant le retour de valeurs plus douces associ\u00e9es \u00e0 l\u2019humidit\u00e9.<\/p>\n<p>                                            R\u00e9sum\u00e9<\/p>\n<ul>\n<li><strong>Vague de froid persistante<\/strong> en<a href=\"https:\/\/www.meteocity.com\/france\/ile-de-france-r3012874\" target=\"_blank\" rel=\"noopener\"> \u00cele-de-France<\/a>, avec des minimales jusqu\u2019\u00e0 <strong>-7\u00b0C<\/strong> enregistr\u00e9es le matin.<\/li>\n<li>Une <strong>remont\u00e9e progressive des temp\u00e9ratures<\/strong> s\u2019observe \u00e0 partir du vendredi 9 janvier, atteignant <strong>jusqu\u2019\u00e0 11\u00b0C<\/strong> au sud de la r\u00e9gion l\u2019apr\u00e8s-midi.<\/li>\n<li>Les <strong>nuages et pr\u00e9cipitations<\/strong> s\u2019imposent d\u00e8s vendredi, marquant la fin de la p\u00e9riode la plus froide.<\/li>\n<li>Avant ce redoux, <strong>la vigilance reste de mise<\/strong> en raison des gel\u00e9es matinales et du risque de verglas.<\/li>\n<\/ul>\n<p>    Chronologie du froid en \u00cele-de-France<\/p>\n<p>    Un froid intense et durable jusqu\u2019au milieu de la semaine<\/p>\n<p>Le <strong>samedi 3 janvier<\/strong>, les temp\u00e9ratures matinales plongent largement sous le z\u00e9ro\u202f: on rel\u00e8ve <strong>-3\u00b0C \u00e0 -2\u00b0C<\/strong> sur la majorit\u00e9 des d\u00e9partements, le ciel est partag\u00e9 entre nuages et \u00e9claircies. L\u2019apr\u00e8s-midi, le thermom\u00e8tre ne d\u00e9passe pas <strong>3\u00b0C \u00e0 4\u00b0C<\/strong>, confirmant une nette sensation hivernale.<\/p>\n<p>Dimanche matin, le <strong>froid se renforce<\/strong> franchement. Les minimales atteignent <strong>-5\u00b0C<\/strong> localement, et partout dans toute l\u2019\u00cele-de-France la nuit est glaciale. Malgr\u00e9 un retour \u00e0 <strong>2\u00b0C<\/strong> au meilleur de l\u2019apr\u00e8s-midi, la masse d\u2019air reste tr\u00e8s froide et la couverture nuageuse domine.<\/p>\n<p>Lundi 5 janvier, <strong>une nouvelle chute<\/strong> des temp\u00e9ratures se produit\u202f: le mercure flirte avec <strong>-7\u00b0C<\/strong> dans les zones rurales, <strong>-5\u00b0C<\/strong> en ville et en p\u00e9riph\u00e9rie. Ce doublement du gel matinal sous des ciels peu nuageux augmente le risque de verglas et de sols glissants.<\/p>\n<p>    Une timide douceur \u00e0 partir de jeudi 8 janvier<\/p>\n<p>Entre le <strong>mardi 6 et le jeudi 8 janvier<\/strong>, la r\u00e9gion reste sous l\u2019influence d\u2019une bulle froide avec des minimales majoritairement <strong>entre -3\u00b0C et 0\u00b0C<\/strong>. Les apr\u00e8s-midis plafonnent \u00e0 <strong>1\u00b0C ou 2\u00b0C<\/strong>, parfois <strong>3\u00b0C<\/strong> en cas d\u2019\u00e9claircie plus persistante.<\/p>\n<p>La transition se produit progressivement jeudi. Les temp\u00e9ratures matinales restent basses mais l\u2019apr\u00e8s-midi, on retrouve quelques valeurs plus positives. Les nuages gagnent du terrain, annon\u00e7ant un changement de masse d\u2019air.<\/p>\n<p>    Un redoux marqu\u00e9 d\u00e8s vendredi 9 janvier\u202f: fin du froid intense<\/p>\n<p>Le vendredi 9 janvier marque la <strong>fin de la s\u00e9quence froide<\/strong>. D\u00e8s le matin, si l\u2019on observe encore de faibles gel\u00e9es (<strong>0\u00b0C \u00e0 2\u00b0C<\/strong> en g\u00e9n\u00e9ral), l\u2019apr\u00e8s-midi apporte un net redoux, avec des maximales <strong>jusqu\u2019\u00e0 11\u00b0C<\/strong> dans le sud de la r\u00e9gion et <strong>10\u00b0C<\/strong> dans la p\u00e9riph\u00e9rie. La hausse des temp\u00e9ratures s\u2019accompagne toutefois de la <strong>reprise des pr\u00e9cipitations<\/strong>, rendant l\u2019atmosph\u00e8re plus humide.<\/p>\n<p>Les jours suivants, le <strong>froid s\u2019estompe durablement<\/strong>. M\u00eame si des matins frais subsistent (<strong>1\u00b0C \u00e0 5\u00b0C<\/strong>), les temp\u00e9ratures maximales se maintiennent autour de <strong>4\u00b0C \u00e0 6\u00b0C<\/strong>, parfois plus selon les localit\u00e9s.<\/p>\n<p>La vague de froid intense qui s\u00e9vit depuis une semaine tend donc \u00e0 dispara\u00eetre au profit d\u2019un temps g\u00e9n\u00e9ralement plus doux, mais humide et nuageux. Les risques de gel\u00e9es nocturnes deviennent faibles en plaine.<\/p>\n<p>Attention, il est encore possible que la situation puisse \u00e9voluer.<\/p>\n<p>    Conseils pratiques et points \u00e0 retenir<\/p>\n<ul>\n<li><strong>Jusqu\u2019au vendredi 9 janvier<\/strong>, restez vigilants face au risque de <strong>verglas<\/strong>, surtout lors des d\u00e9placements matinaux.<\/li>\n<li><strong>Prot\u00e9gez les personnes fragiles<\/strong> (enfants, personnes \u00e2g\u00e9es) et surveillez l\u2019isolation de votre domicile\u202f: temp\u00e9ratures inf\u00e9rieures \u00e0 -5\u00b0C peuvent causer des d\u00e9g\u00e2ts sur les canalisations expos\u00e9es.<\/li>\n<li>Pensez \u00e0 <strong>v\u00e9rifier votre v\u00e9hicule<\/strong>\u202f: batterie, niveaux d\u2019huile et liquide antigel, pneus adapt\u00e9s aux conditions hivernales.<\/li>\n<li>Adaptez votre habillement\u202f: <strong>plusieurs couches<\/strong>, gants, bonnet, \u00e9charpe et chaussures antid\u00e9rapantes.<\/li>\n<li>\u00c0 partir du vendredi apr\u00e8s-midi, on retrouvera des <strong>temp\u00e9ratures positives<\/strong> plus confortables, mais pr\u00e9voyez parapluie et v\u00eatements imperm\u00e9ables en raison de la reprise des pluies.<\/li>\n<\/ul>\n<p>    Tableau\u202f: \u00c9volution des temp\u00e9ratures maximales et minimales en \u00cele-de-France<\/p>\n<tr>DateTemp\u00e9rature Matin (mini, \u00b0C)Temp\u00e9rature Apr\u00e8s-midi (maxi, \u00b0C)<\/tr>\n<tr>\n<td style=\"text-align:center;\">Samedi 3 janvier<\/td>\n<td style=\"text-align:center;\">-3 \u00e0 -1<\/td>\n<td style=\"text-align:center;\">2 \u00e0 4<\/td>\n<\/tr>\n<tr>\n<td style=\"text-align:center;\">Dimanche 4 janvier<\/td>\n<td style=\"text-align:center;\">-5 \u00e0 -3<\/td>\n<td style=\"text-align:center;\">1 \u00e0 3<\/td>\n<\/tr>\n<tr>\n<td style=\"text-align:center;\">Lundi 5 janvier<\/td>\n<td style=\"text-align:center;\">-7 \u00e0 -5<\/td>\n<td style=\"text-align:center;\">0 \u00e0 3<\/td>\n<\/tr>\n<tr>\n<td style=\"text-align:center;\">Mardi 6 janvier<\/td>\n<td style=\"text-align:center;\">-3 \u00e0 -1<\/td>\n<td style=\"text-align:center;\">0 \u00e0 2<\/td>\n<\/tr>\n<tr>\n<td style=\"text-align:center;\">Mercredi 7 janvier<\/td>\n<td style=\"text-align:center;\">-2 \u00e0 -1<\/td>\n<td style=\"text-align:center;\">0 \u00e0 1<\/td>\n<\/tr>\n<tr>\n<td style=\"text-align:center;\">Jeudi 8 janvier<\/td>\n<td style=\"text-align:center;\">-1 \u00e0 0<\/td>\n<td style=\"text-align:center;\">0 \u00e0 3<\/td>\n<\/tr>\n<tr>\n<td style=\"text-align:center;\">Vendredi 9 janvier<\/td>\n<td style=\"text-align:center;\">0 \u00e0 2<\/td>\n<td style=\"text-align:center;\">5 \u00e0 11<\/td>\n<\/tr>\n","protected":false},"excerpt":{"rendered":"Depuis la fin du mois de d\u00e9cembre, l\u2019\u00cele-de-France traverse cette p\u00e9riode de froid marqu\u00e9, avec des temp\u00e9ratures fr\u00e9quemment&hellip;\n","protected":false},"author":2,"featured_media":637768,"comment_status":"","ping_status":"","sticky":false,"template":"","format":"standard","meta":{"footnotes":""},"categories":[1592],"tags":[1111,11,1777,674,1011,27,662,12,626,25],"class_list":{"0":"post-637767","1":"post","2":"type-post","3":"status-publish","4":"format-standard","5":"has-post-thumbnail","7":"category-ile-de-france","8":"tag-actu","9":"tag-actualites","10":"tag-eu","11":"tag-europe","12":"tag-fr","13":"tag-france","14":"tag-ile-de-france","15":"tag-news","16":"tag-paris","17":"tag-republique-francaise"},"share_on_mastodon":{"url":"https:\/\/pubeurope.com\/@fr\/115829861535202912","error":""},"_links":{"self":[{"href":"https:\/\/www.europesays.com\/fr\/wp-json\/wp\/v2\/posts\/637767","targetHints":{"allow":["GET"]}}],"collection":[{"href":"https:\/\/www.europesays.com\/fr\/wp-json\/wp\/v2\/posts"}],"about":[{"href":"https:\/\/www.europesays.com\/fr\/wp-json\/wp\/v2\/types\/post"}],"author":[{"embeddable":true,"href":"https:\/\/www.europesays.com\/fr\/wp-json\/wp\/v2\/users\/2"}],"replies":[{"embeddable":true,"href":"https:\/\/www.europesays.com\/fr\/wp-json\/wp\/v2\/comments?post=637767"}],"version-history":[{"count":0,"href":"https:\/\/www.europesays.com\/fr\/wp-json\/wp\/v2\/posts\/637767\/revisions"}],"wp:featuredmedia":[{"embeddable":true,"href":"https:\/\/www.europesays.com\/fr\/wp-json\/wp\/v2\/media\/637768"}],"wp:attachment":[{"href":"https:\/\/www.europesays.com\/fr\/wp-json\/wp\/v2\/media?parent=637767"}],"wp:term":[{"taxonomy":"category","embeddable":true,"href":"https:\/\/www.europesays.com\/fr\/wp-json\/wp\/v2\/categories?post=637767"},{"taxonomy":"post_tag","embeddable":true,"href":"https:\/\/www.europesays.com\/fr\/wp-json\/wp\/v2\/tags?post=637767"}],"curies":[{"name":"wp","href":"https:\/\/api.w.org\/{rel}","templated":true}]}}