{"id":637771,"date":"2026-01-03T06:57:10","date_gmt":"2026-01-03T06:57:10","guid":{"rendered":"https:\/\/www.europesays.com\/fr\/637771\/"},"modified":"2026-01-03T06:57:10","modified_gmt":"2026-01-03T06:57:10","slug":"la-capitale-du-venezuela-secouee-par-de-fortes-explosions-en-pleine-nuit","status":"publish","type":"post","link":"https:\/\/www.europesays.com\/fr\/637771\/","title":{"rendered":"la capitale du Venezuela secou\u00e9e par de fortes explosions en pleine nuit"},"content":{"rendered":"\n<p class=\"post__live-container--answer-text post__space-node\">L\u2019agence am\u00e9ricaine Associated Press (AP) a rapport\u00e9 \u00ab\u00a0au moins sept explosions et des avions volant \u00e0 basse altitude\u00a0\u00bb au-dessus de la ville de Caracas, au Venezuela, dans un contexte o\u00f9 Donald Trump, qui a fait d\u00e9ployer une flottille de guerre dans les Cara\u00efbes, a \u00e9voqu\u00e9 la possibilit\u00e9 de frappes terrestres contre le pays et a affirm\u00e9 que les jours du pr\u00e9sident v\u00e9n\u00e9zu\u00e9lien, Nicolas Maduro, \u00e9taient \u00ab\u00a0compt\u00e9s\u00a0\u00bb. Les autorit\u00e9s v\u00e9n\u00e9zu\u00e9liennes n\u2019ont pas r\u00e9agi dans l\u2019imm\u00e9diat.<\/p>\n","protected":false},"excerpt":{"rendered":"L\u2019agence am\u00e9ricaine Associated Press (AP) a rapport\u00e9 \u00ab\u00a0au moins sept explosions et des avions volant \u00e0 basse altitude\u00a0\u00bb&hellip;\n","protected":false},"author":2,"featured_media":637772,"comment_status":"","ping_status":"","sticky":false,"template":"","format":"standard","meta":{"footnotes":""},"categories":[1888],"tags":[1111,1928,11,1927,1777,674,1011,27,12,1926,626,1925,25],"class_list":{"0":"post-637771","1":"post","2":"type-post","3":"status-publish","4":"format-standard","5":"has-post-thumbnail","7":"category-paris","8":"tag-actu","9":"tag-actu-paris","10":"tag-actualites","11":"tag-actualites-paris","12":"tag-eu","13":"tag-europe","14":"tag-fr","15":"tag-france","16":"tag-news","17":"tag-news-paris","18":"tag-paris","19":"tag-paris-news","20":"tag-republique-francaise"},"share_on_mastodon":{"url":"https:\/\/pubeurope.com\/@fr\/115829869357323436","error":""},"_links":{"self":[{"href":"https:\/\/www.europesays.com\/fr\/wp-json\/wp\/v2\/posts\/637771","targetHints":{"allow":["GET"]}}],"collection":[{"href":"https:\/\/www.europesays.com\/fr\/wp-json\/wp\/v2\/posts"}],"about":[{"href":"https:\/\/www.europesays.com\/fr\/wp-json\/wp\/v2\/types\/post"}],"author":[{"embeddable":true,"href":"https:\/\/www.europesays.com\/fr\/wp-json\/wp\/v2\/users\/2"}],"replies":[{"embeddable":true,"href":"https:\/\/www.europesays.com\/fr\/wp-json\/wp\/v2\/comments?post=637771"}],"version-history":[{"count":0,"href":"https:\/\/www.europesays.com\/fr\/wp-json\/wp\/v2\/posts\/637771\/revisions"}],"wp:featuredmedia":[{"embeddable":true,"href":"https:\/\/www.europesays.com\/fr\/wp-json\/wp\/v2\/media\/637772"}],"wp:attachment":[{"href":"https:\/\/www.europesays.com\/fr\/wp-json\/wp\/v2\/media?parent=637771"}],"wp:term":[{"taxonomy":"category","embeddable":true,"href":"https:\/\/www.europesays.com\/fr\/wp-json\/wp\/v2\/categories?post=637771"},{"taxonomy":"post_tag","embeddable":true,"href":"https:\/\/www.europesays.com\/fr\/wp-json\/wp\/v2\/tags?post=637771"}],"curies":[{"name":"wp","href":"https:\/\/api.w.org\/{rel}","templated":true}]}}