{"id":637775,"date":"2026-01-03T06:59:18","date_gmt":"2026-01-03T06:59:18","guid":{"rendered":"https:\/\/www.europesays.com\/fr\/637775\/"},"modified":"2026-01-03T06:59:18","modified_gmt":"2026-01-03T06:59:18","slug":"le-pari-fou-de-frederic-douin-pour-reediter-le-plan-de-turgot-en-couleurs","status":"publish","type":"post","link":"https:\/\/www.europesays.com\/fr\/637775\/","title":{"rendered":"le pari fou de Fr\u00e9d\u00e9ric Douin pour r\u00e9\u00e9diter le Plan de Turgot en couleurs"},"content":{"rendered":"<p class=\"article__intro\">Imaginez Paris au 18 si\u00e8cle sur 12 m\u00b2, un plan sur lequel chaque fa\u00e7ade d&rsquo;immeuble est visible. Fr\u00e9d\u00e9ric Douin l&rsquo;a fait : une r\u00e9\u00e9dition unique en couleurs du Plan de Turgot. De l&rsquo;ob\u00e9lisque de Louxor \u00e0 la vall\u00e9e de Chevreuse, d\u00e9couvrez ce libraire qui redonne vie \u00e0 des tr\u00e9sors oubli\u00e9s.<\/p>\n<p>\n      L\u2019actu des r\u00e9gions\n    <\/p>\n<p>\n      Chaque jour, un tour d\u2019horizon des principales infos de toutes les r\u00e9gions.\n    <\/p>\n<p>    France T\u00e9l\u00e9visions utilise votre adresse e-mail afin de vous envoyer la newsletter \u00ab\u00a0L\u2019actu des r\u00e9gions\u00a0\u00bb. Vous pouvez vous d\u00e9sinscrire \u00e0 tout moment via le lien en bas de cette newsletter. <a target=\"_blank\" href=\"https:\/\/www.francetelevisions.fr\/groupe\/confidentialite\/politique-de-confidentialite\/politique-de-confidentialite-de-france-televisions-6503\" rel=\"noopener\">Notre politique de confidentialit\u00e9<\/a><\/p>\n<p>Imaginez un plan de Paris si d\u00e9taill\u00e9 qu\u2019on peut y voir chaque fa\u00e7ade d&rsquo;immeuble et chaque jardin de 1739, le tout s\u2019\u00e9talant sur une surface monumentale de 4 m\u00e8tres par 3. C\u2019est le d\u00e9fi fou relev\u00e9 par Fr\u00e9d\u00e9ric Douin, un libraire et \u00e9diteur de livres anciens qui vient de r\u00e9aliser la toute premi\u00e8re r\u00e9\u00e9dition en couleurs et \u00e0 l\u2019\u00e9chelle 1 du c\u00e9l\u00e8bre Plan de Turgot.<\/p>\n<p><a data-article-figure=\"\" href=\"https:\/\/france3-regions.franceinfo.fr\/image\/7cxRpT-qHGAdKNJtMDBwM5_k450\/1012x710\/regions\/2026\/01\/02\/cour-carree-louvre-6957abcb2cef5075136585.jpg\" data-pswp-width=\"1012\" data-pswp-height=\"710\" target=\"_blank\" rel=\"noopener\"><\/p>\n<p>          <img width=\"600\" height=\"400\" class=\"article-image lazy\" data-src=\"https:\/\/www.europesays.com\/fr\/wp-content\/uploads\/2026\/01\/cour-carree-louvre-6957abcb2cef5075136585.jpg\" alt=\"La cour carr\u00e9e du palais royal du Louvre en 1739\" fetchpriority=\"high\" as=\"image\"\/><\/p>\n<p>\n            La cour carr\u00e9e du palais royal du Louvre en 1739<br \/>\n                           \u2022<br \/>\n                                      \u00a9 Editions Douin\n                      <\/p>\n<p><\/a><\/p>\n<p>Ce document exceptionnel, con\u00e7u \u00e0 l&rsquo;origine par l&rsquo;architecte Louis Bretez, sur une commande de Michel-Etienne Turgot, pr\u00e9v\u00f4t des marchands de Paris, n&rsquo;avait jamais \u00e9t\u00e9 imprim\u00e9 qu&rsquo;en noir et blanc. Gr\u00e2ce \u00e0 la num\u00e9risation d\u2019un exemplaire d\u2019\u00e9poque enti\u00e8rement aquarell\u00e9 \u00e0 la main, d\u00e9nich\u00e9 dans une collection priv\u00e9e, Fr\u00e9d\u00e9ric Douin offre aujourd&rsquo;hui une plong\u00e9e in\u00e9dite dans le Paris d&rsquo;avant Haussmann.<\/p>\n<blockquote class=\"ftvi_content_quote\">\n<p class=\"ftvi_citation_quote\">Le plan nous pr\u00e9sente Paris en vue \u00e0 vol d&rsquo;oiseau de 3\/4 qui nous permet de voir toutes les fa\u00e7ades des immeubles et des monuments.<\/p>\n<p>Fr\u00e9d\u00e9ric Douin, \u00e9diteur<\/p><\/blockquote>\n<p>Ce plan n\u2019est pas orient\u00e9 comme tous les plans que l\u2019on conna\u00eet avec le nord en haut de la carte ; ici c&rsquo;est\u00a0l\u2019Est. Cela permet de voir toutes les fa\u00e7ades de la plupart des \u00e9glises orient\u00e9es vers le soleil levant, comme Notre-Dame ou Saint-Sulpice. Les yeux p\u00e9tillants de malice, Fr\u00e9d\u00e9ric Douin tient \u00e0 pr\u00e9ciser : \u201cC&rsquo;est une fausse 3D, mais on se demande comment ils ont fait \u00e0 l&rsquo;\u00e9poque ,en 1739, pour r\u00e9aliser une telle prouesse parce que m\u00eame si Paris \u00e9tait beaucoup plus petit qu\u2019aujourd\u2019hui, c\u2019\u00e9tait quand m\u00eame d\u00e9j\u00e0 un territoire immense.\u201d<\/p>\n<p>Sur ce plan, on d\u00e9couvre par exemple la prison de la Bastille avant sa destruction en 1789, les Champs Elys\u00e9es (orthographi\u00e9s \u00e0 l\u2019\u00e9poque Champs Elizz\u00e9es) repr\u00e9sent\u00e9s par\u00a0un vaste espace bois\u00e9 et des jardins potagers dans le prolongement du jardin des Tuileries. Une v\u00e9g\u00e9talisation qu&rsquo;explique l&rsquo;\u00e9diteur : \u201cIl y a beaucoup de jardins puisque la population parisienne \u00e9tait nourrie localement gr\u00e2ce aux multiples\u00a0jardins potagers et aux champs cultiv\u00e9s. On voit aussi des moulins partout sur le plan de Turgot.\u201d<\/p>\n<p><a data-article-figure=\"\" href=\"https:\/\/france3-regions.franceinfo.fr\/image\/Y_sXEKi5mRgxoOnsiHwE6wEaQgg\/787x406\/regions\/2026\/01\/02\/bastille-6957ab23eef53596838546.jpg\" data-pswp-width=\"787\" data-pswp-height=\"406\" target=\"_blank\" rel=\"noopener\"><\/p>\n<p>          <img width=\"600\" height=\"400\" class=\"article-image lazy\" data-src=\"https:\/\/www.europesays.com\/fr\/wp-content\/uploads\/2026\/01\/bastille-6957ab23eef53596838546.jpg\" alt=\"La prison de la Bastille en 1739\" fetchpriority=\"high\" as=\"image\"\/><\/p>\n<p>\n            La prison de la Bastille en 1739<br \/>\n                           \u2022<br \/>\n                                      \u00a9 Editions Douin\n                      <\/p>\n<p><\/a><\/p>\n<p>Rien ne pr\u00e9destinait Fr\u00e9d\u00e9ric Douin \u00e0 devenir le gardien des chefs-d\u2019\u0153uvre oubli\u00e9s. Ancien directeur de projet en informatique, il d\u00e9cide \u00e0 38 ans de changer de vie apr\u00e8s avoir d\u00e9couvert le monde des livres anciens gr\u00e2ce \u00e0 un petit vendeur au bas de son bureau \u00e0 Neuilly-sur-Seine. En 2002, il ouvre sa premi\u00e8re librairie \u00e0 Saint-Cloud avant de s&rsquo;installer \u00e0 la ferme du Fromentaux, \u00e0 Pecqueuse, dans l&rsquo;Essonne, o\u00f9 il stocke aujourd&rsquo;hui pr\u00e8s de 50 000 ouvrages.<\/p>\n<p>Son parcours est aussi marqu\u00e9 par un combat personnel. Atteint d&rsquo;une tumeur au cerveau depuis 2011, Fr\u00e9d\u00e9ric Douin voit dans ses r\u00e9\u00e9ditions une mani\u00e8re de \u00ab\u00a0laisser une trace\u00a0\u00bb. C&rsquo;est d&rsquo;ailleurs durant ses traitements en 2024 qu&rsquo;il s&rsquo;est lanc\u00e9 le d\u00e9fi de r\u00e9\u00e9diter le Plan de Turgot au format original, une aventure financ\u00e9e avec succ\u00e8s gr\u00e2ce \u00e0 une souscription \u00e9clair aupr\u00e8s de ses clients. Le plan de Turgot est pr\u00e9sent\u00e9 en 22 feuilles qui, une fois rassembl\u00e9es, forment une affiche gigantesque de 4 m\u00e8tres par 3.<\/p>\n<p><a data-article-figure=\"\" href=\"https:\/\/france3-regions.franceinfo.fr\/image\/W_CUX-XEY_9qtipApziilBcrqeY\/1328x1842\/regions\/2026\/01\/02\/plan-de-turgot-flyer-a4-impression-page-0001-6957afa9dc7f7989164993.jpg\" data-pswp-width=\"1328\" data-pswp-height=\"1842\" target=\"_blank\" rel=\"noopener\"><\/p>\n<p>          <img width=\"600\" height=\"400\" class=\"article-image lazy\" data-src=\"https:\/\/www.europesays.com\/fr\/wp-content\/uploads\/2026\/01\/plan-de-turgot-flyer-a4-impression-page-0001-6957afa9dc7f7989164993.jpg\" alt=\"Le plan de Turgot dans une version unique au monde tout en couleurs de 12 m\u00b2\" fetchpriority=\"high\" as=\"image\"\/><\/p>\n<p>\n            Le plan de Turgot dans une version unique au monde tout en couleurs de 12 m\u00b2<br \/>\n                           \u2022<br \/>\n                                      \u00a9 Editions Douin\n                      <\/p>\n<p><\/a><\/p>\n<p>Fr\u00e9d\u00e9ric Douin n&rsquo;est pas qu&rsquo;un libraire traditionnel. Il a su marier sa passion pour le papier avec son expertise informatique. Son concept ? Num\u00e9riser et r\u00e9\u00e9diter des ouvrages rares et libres de droits qui m\u00e9ritent mieux que l&rsquo;oubli. Son catalogue compte plus de 200 titres, allant de curiosit\u00e9s comme <strong>La poule \u00e0 poils<\/strong> de Vimar \u00e0 des textes historiques rares, tel un r\u00e9cit du fr\u00e8re de l&rsquo;\u00e9gyptologue Champollion sur le transport de l&rsquo;ob\u00e9lisque de Louxor vers la place de la Concorde : <strong>Champollion-Figeac &#8211; L&rsquo;Ob\u00e9lisque de Louqsor transport\u00e9 \u00e0 Paris<\/strong>.<\/p>\n<p><a data-article-figure=\"\" href=\"https:\/\/france3-regions.franceinfo.fr\/image\/Il2hcaRpF25LbSB36gpn88Ja8c4\/921x549\/regions\/2026\/01\/02\/chateau-vallee-de-chevreuse-6957ae83ad210964805163.jpg\" data-pswp-width=\"921\" data-pswp-height=\"549\" target=\"_blank\" rel=\"noopener\"><\/p>\n<p>          <img width=\"600\" height=\"400\" class=\"article-image lazy\" data-src=\"https:\/\/www.europesays.com\/fr\/wp-content\/uploads\/2026\/01\/chateau-vallee-de-chevreuse-6957ae83ad210964805163.jpg\" alt=\"L'esplanade du ch\u00e2teau de la Madeleine \u00e0 Chevreuse\" fetchpriority=\"high\" as=\"image\"\/><\/p>\n<p>\n            L&rsquo;esplanade du ch\u00e2teau de la Madeleine \u00e0 Chevreuse<br \/>\n                           \u2022<br \/>\n                                      \u00a9 H\u00e9l\u00e8ne Rochas\n                      <\/p>\n<p><\/a><\/p>\n<p>Si Fr\u00e9d\u00e9ric Douin est un sp\u00e9cialiste du pass\u00e9, il sait aussi parier sur le pr\u00e9sent. Sa derni\u00e8re grande r\u00e9ussite n&rsquo;est pas une r\u00e9\u00e9dition, mais une nouveaut\u00e9 : \u00ab <strong>Chevreuse et ses vall\u00e9es<\/strong> \u00bb. Ce beau livre de photos d&rsquo;H\u00e9l\u00e8ne Rochas, avec des textes \u00e9crits par Jean-Baptiste Monnerie et Michel Devez, a connu un grand succ\u00e8s pendant les f\u00eates de fin 2025.<\/p>\n<p><a data-article-figure=\"\" href=\"https:\/\/france3-regions.franceinfo.fr\/image\/sTUdlpEuAsk9vml_WGfrl5UBI4Q\/1215x1000\/regions\/2026\/01\/02\/chevreuse-et-ses-vallees-jpg-6957aeb92b743302288803.jpg\" data-pswp-width=\"1215\" data-pswp-height=\"1000\" target=\"_blank\" rel=\"noopener\"><\/p>\n<p>          <img width=\"600\" height=\"400\" class=\"article-image lazy\" data-src=\"https:\/\/www.europesays.com\/fr\/wp-content\/uploads\/2026\/01\/chevreuse-et-ses-vallees-jpg-6957aeb92b743302288803.jpg\" alt=\"Chevreuse et ses vall\u00e9es\" fetchpriority=\"high\" as=\"image\"\/><\/p>\n<p>\n            Chevreuse et ses vall\u00e9es<br \/>\n                           \u2022<br \/>\n                                      \u00a9 H\u00e9l\u00e8ne Rochas\n                      <\/p>\n<p><\/a><\/p>\n<p>L&rsquo;ouvrage propose un itin\u00e9raire \u00e0 v\u00e9lo \u00e0 travers les quatre vall\u00e9es du parc naturel, tout en brossant les portraits de personnalit\u00e9s historiques li\u00e9es \u00e0 la r\u00e9gion, comme Jean Racine ou Blaise Pascal. Le premier tirage de 350 exemplaires a \u00e9t\u00e9 \u00e9puis\u00e9 avant m\u00eame No\u00ebl, permettant \u00e0 l&rsquo;\u00e9diteur de lancer une nouvelle impression. Pour Fr\u00e9d\u00e9ric Douin, ce livre est un hommage au \u00ab\u00a0poumon vert\u00a0\u00bb de l&rsquo;\u00cele-de-France, situ\u00e9 \u00e0 deux pas de ses propres bureaux en Essonne. Un tome 2 est d\u00e9j\u00e0 en pr\u00e9paration pour la fin de l&rsquo;ann\u00e9e 2026.<\/p>\n","protected":false},"excerpt":{"rendered":"Imaginez Paris au 18 si\u00e8cle sur 12 m\u00b2, un plan sur lequel chaque fa\u00e7ade d&rsquo;immeuble est visible. Fr\u00e9d\u00e9ric&hellip;\n","protected":false},"author":2,"featured_media":637776,"comment_status":"","ping_status":"","sticky":false,"template":"","format":"standard","meta":{"footnotes":""},"categories":[1888],"tags":[11,1777,674,1011,27,12,626,25],"class_list":{"0":"post-637775","1":"post","2":"type-post","3":"status-publish","4":"format-standard","5":"has-post-thumbnail","7":"category-paris","8":"tag-actualites","9":"tag-eu","10":"tag-europe","11":"tag-fr","12":"tag-france","13":"tag-news","14":"tag-paris","15":"tag-republique-francaise"},"share_on_mastodon":{"url":"https:\/\/pubeurope.com\/@fr\/115829877249026612","error":""},"_links":{"self":[{"href":"https:\/\/www.europesays.com\/fr\/wp-json\/wp\/v2\/posts\/637775","targetHints":{"allow":["GET"]}}],"collection":[{"href":"https:\/\/www.europesays.com\/fr\/wp-json\/wp\/v2\/posts"}],"about":[{"href":"https:\/\/www.europesays.com\/fr\/wp-json\/wp\/v2\/types\/post"}],"author":[{"embeddable":true,"href":"https:\/\/www.europesays.com\/fr\/wp-json\/wp\/v2\/users\/2"}],"replies":[{"embeddable":true,"href":"https:\/\/www.europesays.com\/fr\/wp-json\/wp\/v2\/comments?post=637775"}],"version-history":[{"count":0,"href":"https:\/\/www.europesays.com\/fr\/wp-json\/wp\/v2\/posts\/637775\/revisions"}],"wp:featuredmedia":[{"embeddable":true,"href":"https:\/\/www.europesays.com\/fr\/wp-json\/wp\/v2\/media\/637776"}],"wp:attachment":[{"href":"https:\/\/www.europesays.com\/fr\/wp-json\/wp\/v2\/media?parent=637775"}],"wp:term":[{"taxonomy":"category","embeddable":true,"href":"https:\/\/www.europesays.com\/fr\/wp-json\/wp\/v2\/categories?post=637775"},{"taxonomy":"post_tag","embeddable":true,"href":"https:\/\/www.europesays.com\/fr\/wp-json\/wp\/v2\/tags?post=637775"}],"curies":[{"name":"wp","href":"https:\/\/api.w.org\/{rel}","templated":true}]}}