{"id":637777,"date":"2026-01-03T07:00:11","date_gmt":"2026-01-03T07:00:11","guid":{"rendered":"https:\/\/www.europesays.com\/fr\/637777\/"},"modified":"2026-01-03T07:00:11","modified_gmt":"2026-01-03T07:00:11","slug":"a-pokrovsk-et-myrnohrad-la-progression-russe-ne-cesse-de-ralentir","status":"publish","type":"post","link":"https:\/\/www.europesays.com\/fr\/637777\/","title":{"rendered":"\u00c0 Pokrovsk et Myrnohrad, la progression russe ne cesse de ralentir"},"content":{"rendered":"<dl class=\"post-meta-box flex flex-wrap items-top border-grey-lighter border-b post-meta relative z-20\">&#13;<br \/>\n                                    &#13;<br \/>\n                                    &#13;<br \/>\n                                    &#13;<\/p>\n<dt class=\"inline-block py-1 leading-5 w-1\/5 sm:1\/6 xl:w-3\/10 flex items-top font-sans text-3xs text-grey tracking-wider uppercase border-grey-lighter border-t\">&#13;<br \/>\n                                      Date                                    <\/dt>\n<p>&#13;<\/p>\n<dd class=\"inline-block w-4\/5 sm:5\/6 xl:w-7\/10 pl-1u lg:pl-0 flex-grow  py-1 font-sans text-xs leading-5 border-grey-lighter border-t\">&#13;<br \/>\n                                      &#13;<br \/>\n                                        3 janvier 2026                                      &#13;\n                                    <\/dd>\n<p>&#13;\n                                  <\/dl>\n<p>  Ajouter<br \/>\n  Article ajout\u00e9<\/p>\n<p>  T\u00e9l\u00e9charger le PDF<br \/>\n  En cours<\/p>\n<dl class=\"post-meta-box flex flex-wrap items-top border-grey-lighter border-b post-meta relative z-20 mt-4\">&#13;<\/p>\n<dt class=\"partager inline-block py-1 leading-5 w-1\/5 sm:1\/6 xl:w-3\/10 flex items-top font-sans text-3xs text-grey tracking-wider uppercase border-grey-lighter border-t\">&#13;<br \/>\n                                      Partager                                    <\/dt>\n<p>&#13;<\/p>\n<dd class=\"partager inline-block w-4\/5 sm:5\/6 xl:w-7\/10 pl-1u lg:pl-0 flex-grow  py-1 font-sans text-xs leading-5 border-grey-lighter border-t\">&#13;<br \/>\n                                      <a target=\"_blank\" data-social=\"twitter\" class=\"text-red no-underline inline-block w-4 h-4 mr-2\" href=\"https:\/\/twitter.com\/intent\/tweet\/?text=%C3%80+Pokrovsk+et+Myrnohrad%2C+la+progression+de+l%E2%80%99arm%C3%A9e+russe+ne+cesse+de+ralentir&amp;url=https%3A%2F%2Flegrandcontinent.eu%2Ffr%2F2026%2F01%2F03%2Fa-pokrovsk-et-myrnohrad-la-progression-de-larmee-russe-ne-cesse-de-ralentir%2F\" rel=\"noopener\">&#13;<br \/>\n                                          &#13;<br \/>\n                                        <\/a>&#13;<br \/>\n                                      <a target=\"_blank\" data-social=\"facebook\" class=\"text-red no-underline inline-block w-4 h-4 mr-2\" href=\"https:\/\/facebook.com\/sharer\/sharer.php?u=https%3A%2F%2Flegrandcontinent.eu%2Ffr%2F2026%2F01%2F03%2Fa-pokrovsk-et-myrnohrad-la-progression-de-larmee-russe-ne-cesse-de-ralentir%2F\" rel=\"noopener\">&#13;<br \/>\n                                          &#13;<br \/>\n                                        <\/a>&#13;<br \/>\n                                      <a target=\"_blank\" data-social=\"linkedin\" class=\"text-red no-underline inline-block w-4 h-4 mr-2\" href=\"https:\/\/www.linkedin.com\/shareArticle?title=%C3%80+Pokrovsk+et+Myrnohrad%2C+la+progression+de+l%E2%80%99arm%C3%A9e+russe+ne+cesse+de+ralentir&amp;url=https%3A%2F%2Flegrandcontinent.eu%2Ffr%2F2026%2F01%2F03%2Fa-pokrovsk-et-myrnohrad-la-progression-de-larmee-russe-ne-cesse-de-ralentir%2F\" rel=\"noopener\">&#13;<br \/>\n                                          &#13;<br \/>\n                                        <\/a>&#13;<br \/>\n&#13;<br \/>\n&#13;\n                                    <\/dd>\n<p>&#13;<br \/>\n                                    &#13;\n                                  <\/dl>\n<p>Aujourd\u2019hui, samedi 3 janvier, cela fait 156 jours que l\u2019arm\u00e9e russe est entr\u00e9e dans la ville de Pokrovsk, dans l\u2019oblast de Donetsk, \u00e0 la fin du mois de juillet. Les donn\u00e9es vectorielles de l\u2019Institute for the Study of War indiquent que Moscou contr\u00f4lait 70\u00a0% de la ville au 31 d\u00e9cembre, contre 59\u00a0% \u00e0 la fin du mois de novembre. Dans la ville voisine de Myrnohrad, les forces russes sont pr\u00e9sentes sur 30\u00a0% de la surface municipale.<\/p>\n<p>Lorsqu\u2019on s\u2019int\u00e9resse \u00e0 la progression russe en termes de kilom\u00e8tres carr\u00e9s, la situation est toutefois bien moins avantageuse qu\u2019il n\u2019y para\u00eet pour Moscou.<\/p>\n<ul class=\"wp-block-list\">\n<li>Au long du mois de d\u00e9cembre, les forces russes ont avanc\u00e9 en moyenne de 100m\u00b2 par jour \u00e0 l\u2019int\u00e9rieur de la ville de Pokrovsk.<\/li>\n<li>Le rythme de progression russe a ainsi diminu\u00e9 par rapport \u00e0 la p\u00e9riode juillet-novembre, lorsque Moscou avan\u00e7ait de 120m\u00b2 chaque jour.<\/li>\n<li>Cette maigre avanc\u00e9e se fait au prix de nombreuses pertes, tant humaines que mat\u00e9rielles, notamment provoqu\u00e9es par les drones FPV ukrainiens.<\/li>\n<\/ul>\n<p>Malgr\u00e9 un net avantage num\u00e9rique \u2014 on estime que jusqu\u2019\u00e0 150 000 combattants russes sont d\u00e9ploy\u00e9s dans le secteur de Pokrovsk \u2014, l\u2019arm\u00e9e russe peine \u00e0 consolider ses positions dans la partie nord de la ville, au-del\u00e0 des voies ferr\u00e9es. L\u2019arriv\u00e9e du froid dans l\u2019Est de l\u2019Ukraine permet n\u00e9anmoins \u00e0 Moscou de multiplier les assauts motoris\u00e9s via des v\u00e9hicules blind\u00e9s, des chars, mais aussi des voitures civiles modifi\u00e9es ou bien des quads\u00a0.<\/p>\n<ul class=\"wp-block-list\">\n<li>Dans le nord-ouest de la ville, les tentatives d\u2019infiltrations russes sont bloqu\u00e9es par plusieurs unit\u00e9s ukrainiennes qui parviennent \u00e0 barrer la route jusqu\u2019\u00e0 Hryshyne, un village situ\u00e9 \u00e0 environ 6 kilom\u00e8tres de Pokrovsk.<\/li>\n<li>Les d\u00e9fenseurs ukrainiens ont re\u00e7u au cours des derniers jours une livraison de 12 chars d\u2019assaut Abrams suppl\u00e9mentaires livr\u00e9s par l\u2019Australie, portant le total \u00e0 49, suite \u00e0 la livraison de 37 appareils par Canberra plus t\u00f4t au cours de l\u2019\u00e9t\u00e9 2025.<\/li>\n<li>Ces nouveaux blind\u00e9s seraient d\u2019ores et d\u00e9j\u00e0 entr\u00e9s en action jeudi 1er janvier pour neutraliser des points de tirs russes \u00e0 l\u2019int\u00e9rieur de Pokrovsk\u00a0.<\/li>\n<\/ul>\n<p>Le maintien durable d\u2019une pr\u00e9sence ukrainienne \u00e0 l\u2019int\u00e9rieur de Pokrovsk et Myrnohrad est vu comme un objectif prioritaire par Kiev, alors que le Kremlin cherche \u00e0 obtenirla totalit\u00e9 du Donbass dans le cadre d\u2019un accord de paix. Le red\u00e9ploiement par l\u2019\u00c9tat-major ukrainien d\u2019unit\u00e9s de r\u00e9serve \u00e0 Pokrovsk \u00e0 la fin du mois d\u2019octobre semble avoir permis de contribuer \u00e0 endiguer la progression russe \u2014 <a href=\"https:\/\/legrandcontinent.eu\/fr\/2025\/12\/30\/zaporijia-le-principal-objectif-de-larmee-russe-en-2026\/\" target=\"_blank\" rel=\"noopener\">potentiellement au d\u00e9triment d\u2019autres secteurs<\/a> du front.<\/p>\n<p>Si les forces ukrainiennes subissent une pression permanente en raison des bombardements russes visant les lignes d\u2019approvisionnement, l\u2019augmentation massive du nombre de soldats russes d\u00e9ploy\u00e9s en Ukraine constitue lui aussi un risque.<\/p>\n<ul class=\"wp-block-list\">\n<li>L\u2019arm\u00e9e russe dispose actuellement de 710 000 combattants sur le front, contre 150 000 lors du lancement de l\u2019invasion \u00e0 grande \u00e9chelle, en f\u00e9vrier 2022.<\/li>\n<li>La chute des temp\u00e9ratures exige toutefois un approvisionnement accru, notamment en carburant et en vivres, qui pourrait surcharger les lignes d\u2019approvisionnement\u00a0.<\/li>\n<li>Cette pression vient s\u2019ajouter \u00e0 celle exerc\u00e9e par les drones ukrainiens, qui ciblent syst\u00e9matiquement les r\u00e9seaux logistiques.<\/li>\n<\/ul>\n<p>                            <script async src=\"https:\/\/platform.twitter.com\/widgets.js\" charset=\"utf-8\"><\/script><\/p>\n","protected":false},"excerpt":{"rendered":"&#13; &#13; &#13; &#13; &#13; Date &#13; &#13; &#13; 3 janvier 2026 &#13; &#13; Ajouter Article ajout\u00e9 T\u00e9l\u00e9charger&hellip;\n","protected":false},"author":2,"featured_media":637778,"comment_status":"","ping_status":"","sticky":false,"template":"","format":"standard","meta":{"footnotes":""},"categories":[1591],"tags":[11,1887,12,1885,1886,132],"class_list":{"0":"post-637777","1":"post","2":"type-post","3":"status-publish","4":"format-standard","5":"has-post-thumbnail","7":"category-russie","8":"tag-actualites","9":"tag-federation-de-russie","10":"tag-news","11":"tag-russia","12":"tag-russian-federation","13":"tag-russie"},"share_on_mastodon":{"url":"https:\/\/pubeurope.com\/@fr\/115829881156122972","error":""},"_links":{"self":[{"href":"https:\/\/www.europesays.com\/fr\/wp-json\/wp\/v2\/posts\/637777","targetHints":{"allow":["GET"]}}],"collection":[{"href":"https:\/\/www.europesays.com\/fr\/wp-json\/wp\/v2\/posts"}],"about":[{"href":"https:\/\/www.europesays.com\/fr\/wp-json\/wp\/v2\/types\/post"}],"author":[{"embeddable":true,"href":"https:\/\/www.europesays.com\/fr\/wp-json\/wp\/v2\/users\/2"}],"replies":[{"embeddable":true,"href":"https:\/\/www.europesays.com\/fr\/wp-json\/wp\/v2\/comments?post=637777"}],"version-history":[{"count":0,"href":"https:\/\/www.europesays.com\/fr\/wp-json\/wp\/v2\/posts\/637777\/revisions"}],"wp:featuredmedia":[{"embeddable":true,"href":"https:\/\/www.europesays.com\/fr\/wp-json\/wp\/v2\/media\/637778"}],"wp:attachment":[{"href":"https:\/\/www.europesays.com\/fr\/wp-json\/wp\/v2\/media?parent=637777"}],"wp:term":[{"taxonomy":"category","embeddable":true,"href":"https:\/\/www.europesays.com\/fr\/wp-json\/wp\/v2\/categories?post=637777"},{"taxonomy":"post_tag","embeddable":true,"href":"https:\/\/www.europesays.com\/fr\/wp-json\/wp\/v2\/tags?post=637777"}],"curies":[{"name":"wp","href":"https:\/\/api.w.org\/{rel}","templated":true}]}}