{"id":637781,"date":"2026-01-03T07:02:17","date_gmt":"2026-01-03T07:02:17","guid":{"rendered":"https:\/\/www.europesays.com\/fr\/637781\/"},"modified":"2026-01-03T07:02:17","modified_gmt":"2026-01-03T07:02:17","slug":"moodys-table-sur-trois-baisses-de-taux-des-debut-2026","status":"publish","type":"post","link":"https:\/\/www.europesays.com\/fr\/637781\/","title":{"rendered":"Moody\u2019s table sur trois baisses de taux d\u00e8s d\u00e9but 2026"},"content":{"rendered":"<p><strong>La faiblesse du march\u00e9 du travail, l\u2019incertitude li\u00e9e \u00e0 l\u2019inflation et les <a href=\"https:\/\/www.leconomistemaghrebin.com\/2025\/12\/01\/les-etats-unis-preparent-ils-une-attaque-contre-le-venezuela\/\" target=\"_blank\" rel=\"noopener\">pressions politiques<\/a> inciteront la R\u00e9serve f\u00e9d\u00e9rale am\u00e9ricaine \u00e0 baisser drastiquement ses taux d\u2019int\u00e9r\u00eat d\u00e9but 2026, a d\u00e9clar\u00e9 Mark Zandi, \u00e9conomiste en chef de Moody\u2019s Analytics.<\/strong><\/p>\n<p>Bien que les march\u00e9s et les responsables de la Fed eux-m\u00eames n\u2019anticipent qu\u2019un assouplissement modeste cette ann\u00e9e 2026, M. Zandi pr\u00e9voit que la Banque centrale am\u00e9ricaine proc\u00e9dera \u00e0 trois baisses de taux, chacune de 0,25 %, avant le milieu de l\u2019ann\u00e9e.<\/p>\n<p>\u00ab La d\u00e9cision d\u2019assouplir davantage la politique mon\u00e9taire s\u2019explique par un march\u00e9 du travail qui continue de se fragiliser, notamment d\u00e9but 2026 \u00bb, a soulign\u00e9 l\u2019\u00e9conomiste dans son r\u00e9cent rapport pour l\u2019ann\u00e9e 2026. \u00ab Il faudra plus de temps aux entreprises pour avoir la certitude que les changements de politiques commerciales et migratoires, ainsi que d\u2019autres menaces, ne les d\u00e9stabiliseront pas avant qu\u2019elles ne reprennent leurs embauches \u00bb, a-t-il pr\u00e9cis\u00e9.<\/p>\n<p>\u00ab D\u2019ici l\u00e0, la croissance de l\u2019emploi restera insuffisante pour emp\u00eacher une nouvelle hausse du ch\u00f4mage, et \u00e0 mesure que le ch\u00f4mage augmentera, la Fed baissera les taux d\u2019int\u00e9r\u00eat \u00bb, a-t-il ajout\u00e9.<\/p>\n<p>Le march\u00e9 anticipe actuellement deux baisses cette ann\u00e9e, la premi\u00e8re apr\u00e8s avril et la seconde probablement au cours du second semestre, peut-\u00eatre vers septembre.<\/p>\n<p>Mark Zandi estime qu\u2019un certain nombre de facteurs contraindront la Fed \u00e0 agir plus rapidement. \u00ab Trump fera \u00e9galement pression pour une baisse des taux d\u2019int\u00e9r\u00eat. L\u2019<a href=\"https:\/\/www.leconomistemaghrebin.com\/2025\/04\/28\/fragilite-accrue-dollar-face-aux-doutes-sur-la-fed\/\" target=\"_blank\" rel=\"noopener\">ind\u00e9pendance de la Fed<\/a> s\u2019\u00e9rodera progressivement \u00e0 mesure que le pr\u00e9sident nommera de nouveaux membres au Comit\u00e9 f\u00e9d\u00e9ral de l\u2019Open Market, notamment le pr\u00e9sident de la Fed en mai \u00bb, a-t-il soulign\u00e9. \u00ab Compte tenu des \u00e9lections de mi-mandat \u00e0 venir, la pression politique sur la Fed pour qu\u2019elle baisse davantage les taux afin de soutenir la croissance \u00e9conomique devrait s\u2019intensifier \u00bb, a-t-il insist\u00e9.<\/p>\n","protected":false},"excerpt":{"rendered":"La faiblesse du march\u00e9 du travail, l\u2019incertitude li\u00e9e \u00e0 l\u2019inflation et les pressions politiques inciteront la R\u00e9serve f\u00e9d\u00e9rale&hellip;\n","protected":false},"author":2,"featured_media":637782,"comment_status":"","ping_status":"","sticky":false,"template":"","format":"standard","meta":{"footnotes":""},"categories":[1589],"tags":[11,73,1866,12,1864,1865,1863,308],"class_list":{"0":"post-637781","1":"post","2":"type-post","3":"status-publish","4":"format-standard","5":"has-post-thumbnail","7":"category-etats-unis","8":"tag-actualites","9":"tag-etats-unis","10":"tag-etats-unis-damerique","11":"tag-news","12":"tag-united-states","13":"tag-united-states-of-america","14":"tag-us","15":"tag-usa"},"share_on_mastodon":{"url":"https:\/\/pubeurope.com\/@fr\/115829889260798756","error":""},"_links":{"self":[{"href":"https:\/\/www.europesays.com\/fr\/wp-json\/wp\/v2\/posts\/637781","targetHints":{"allow":["GET"]}}],"collection":[{"href":"https:\/\/www.europesays.com\/fr\/wp-json\/wp\/v2\/posts"}],"about":[{"href":"https:\/\/www.europesays.com\/fr\/wp-json\/wp\/v2\/types\/post"}],"author":[{"embeddable":true,"href":"https:\/\/www.europesays.com\/fr\/wp-json\/wp\/v2\/users\/2"}],"replies":[{"embeddable":true,"href":"https:\/\/www.europesays.com\/fr\/wp-json\/wp\/v2\/comments?post=637781"}],"version-history":[{"count":0,"href":"https:\/\/www.europesays.com\/fr\/wp-json\/wp\/v2\/posts\/637781\/revisions"}],"wp:featuredmedia":[{"embeddable":true,"href":"https:\/\/www.europesays.com\/fr\/wp-json\/wp\/v2\/media\/637782"}],"wp:attachment":[{"href":"https:\/\/www.europesays.com\/fr\/wp-json\/wp\/v2\/media?parent=637781"}],"wp:term":[{"taxonomy":"category","embeddable":true,"href":"https:\/\/www.europesays.com\/fr\/wp-json\/wp\/v2\/categories?post=637781"},{"taxonomy":"post_tag","embeddable":true,"href":"https:\/\/www.europesays.com\/fr\/wp-json\/wp\/v2\/tags?post=637781"}],"curies":[{"name":"wp","href":"https:\/\/api.w.org\/{rel}","templated":true}]}}