{"id":637783,"date":"2026-01-03T07:03:29","date_gmt":"2026-01-03T07:03:29","guid":{"rendered":"https:\/\/www.europesays.com\/fr\/637783\/"},"modified":"2026-01-03T07:03:29","modified_gmt":"2026-01-03T07:03:29","slug":"lucas-tindall-craquant-petit-supporter-surexcite-a-lhippodrome-de-cheltenham","status":"publish","type":"post","link":"https:\/\/www.europesays.com\/fr\/637783\/","title":{"rendered":"Lucas Tindall, craquant petit supporter surexcit\u00e9 \u00e0 l&rsquo;hippodrome de Cheltenham"},"content":{"rendered":"<p>Pour le clan Tindall, l&rsquo;ann\u00e9e 2026 d\u00e9bute sur des chapeaux de roues ! <strong>Ce 1er janvier 2026, la famille au grand complet \u00e9tait pr\u00e9sente \u00e0 l&rsquo;hippodrome de Cheltenham, dans le comt\u00e9 du Gloucestershire<\/strong>. <a target=\"_blank\" href=\"https:\/\/www.pointdevue.fr\/grand-angle\/biographies\/zara-tindall\" rel=\"noopener\">Zara Tindall<\/a>, son \u00e9poux, <a target=\"_blank\" href=\"https:\/\/www.pointdevue.fr\/grand-angle\/biographies\/mike-tindall\" rel=\"noopener\">Mike<\/a>, et leurs trois enfants, <a target=\"_blank\" href=\"https:\/\/www.pointdevue.fr\/grand-angle\/biographies\/mia-tindall\" rel=\"noopener\">Mia<\/a>, <a target=\"_blank\" href=\"https:\/\/www.pointdevue.fr\/grand-angle\/biographies\/lena-tindall\" rel=\"noopener\">Lena<\/a> et <a target=\"_blank\" href=\"https:\/\/www.pointdevue.fr\/grand-angle\/biographies\/lucas-tindall\" rel=\"noopener\">Lucas<\/a>, ont assist\u00e9 aux traditionnelles courses hippiques du jour de l&rsquo;An, rendez-vous incontournable des amoureux d&rsquo;\u00e9quitation.<\/p>\n<p>Tandis que r\u00e9gnait une ambiance \u00f4 combien joyeuse au gr\u00e9 des sept courses tr\u00e8s disput\u00e9es du parcours, le benjamin de la fratrie, bient\u00f4t 5 ans, a eu toutes les peines du monde \u00e0 tenir en place. <strong>L&rsquo;air glacial n&rsquo;a, de toute \u00e9vidence, pas eu d&rsquo;impact sur la forme physique de Lucas Tindall, v\u00e9ritable boule d&rsquo;\u00e9nergie !<\/strong> Depuis le balcon transparent, le gar\u00e7onnet a multipli\u00e9 les pitreries, tant\u00f4t se balan\u00e7ant \u00e0 la rambarde, tant\u00f4t agripp\u00e9 \u00e0 la baie vitr\u00e9e. \u00a0<\/p>\n<p><img decoding=\"async\" src=\"https:\/\/www.europesays.com\/fr\/wp-content\/uploads\/2026\/01\/BESTIMAGE_00737362_000003tytyiGU9Ty.jpg\" alt=\"Lucas Tindall\"\/><strong>Lucas Tindall, bient\u00f4t 5 ans, a amus\u00e9 l&rsquo;assistance \u00e0 l&rsquo;hippodrome de Cheltenham, ce 1er janvier 2025.<\/strong> \u00a9 Julien Burton \/ Bestimage<img decoding=\"async\" src=\"https:\/\/www.europesays.com\/fr\/wp-content\/uploads\/2026\/01\/BESTIMAGE_00737362_000018_(1)jfBJkhhXFJ.jpg\" alt=\"Lucas Tindall\"\/><strong>Lucas Tindall, dernier-n\u00e9 de Mike et Zara Tindall, n&rsquo;a pas r\u00e9ussi \u00e0 rester en place \u00e0 l&rsquo;hippodrome de Cheltenham.<\/strong> \u00a9 Julien Burton \/ Bestimage<\/p>\n<p>Heureusement, Zara Tindall n&rsquo;a pas l\u00e2ch\u00e9 son petit gar\u00e7on des yeux ! La fille de la <a target=\"_blank\" href=\"https:\/\/www.pointdevue.fr\/grand-angle\/biographies\/princesse-anne\" rel=\"noopener\">princesse Anne<\/a> a \u00e9t\u00e9 vue en pleine discussion avec son fils. Lui a-t-elle conseill\u00e9 de se calmer ? Quoi qu&rsquo;il en soit, le gar\u00e7onnet a accueilli les paroles de sa maman d&rsquo;un air boudeur&#8230;<\/p>\n<p><img decoding=\"async\" src=\"https:\/\/www.europesays.com\/fr\/wp-content\/uploads\/2026\/01\/BESTIMAGE_00737362_000015ROwre9HtXH.jpg\" alt=\"Lucas Tindall\"\/><strong>Lucas Tindall et sa maman, Zara Tindall, ce 1er janvier 2026.<\/strong> \u00a9 Julien Burton \/ BestimageSupporter enthousiate<\/p>\n<p>Comme ses s\u0153urs a\u00een\u00e9es et ses parents, Lucas Tindall sera-t-il lui aussi un fan d&rsquo;\u00e9quitation ? Entre deux fac\u00e9ties, le gar\u00e7onnet a jet\u00e9 un \u0153il sur les courses en contrebas, sans oublier d&rsquo;encourager les sportifs engag\u00e9s !<\/p>\n<p><img decoding=\"async\" src=\"https:\/\/www.europesays.com\/fr\/wp-content\/uploads\/2026\/01\/BESTIMAGE_00737362_000027rM5gJYsOUs.jpg\" alt=\"Lucas Tindall\"\/><strong>Lucas Tindall, petit supporter qui donne de la voix !<\/strong> \u00a9 Julien Burton \/ Bestimage<\/p>\n<p>Au-del\u00e0 de ces amusements enfantins, ce rendez-vous sportif fut l&rsquo;occasion de passer une belle journ\u00e9e en famille.\u00a0<\/p>\n<p><img decoding=\"async\" src=\"https:\/\/www.europesays.com\/fr\/wp-content\/uploads\/2026\/01\/ABACA_980954_002Dh1J4hBG7Q.jpg\" alt=\"Lucas Tindall\"\/><strong>Lucas Tindall pose, ce 1er janvier 2026, aux c\u00f4t\u00e9s de ses parents, Zara et Mike Tindall.<\/strong> \u00a9 Splash News\/ABACA<img decoding=\"async\" src=\"https:\/\/www.europesays.com\/fr\/wp-content\/uploads\/2026\/01\/BESTIMAGE_00737362_000046TvdSqLkh3V.jpg\" alt=\"Lucas Tindall\"\/><strong>Lucas Tindall et sa cousine Savannah Phillips, fille a\u00een\u00e9e de Peter Phillips.<\/strong> \u00a9 Julien Burton \/ Bestimage<\/p>\n<p>Mike et Zara Tindall ont eu la joie de partager ce moment avec leurs ni\u00e8ces, Savannah et Isla Phillips, les filles de <a target=\"_blank\" href=\"https:\/\/www.pointdevue.fr\/grand-angle\/biographies\/peter-phillips\" rel=\"noopener\">Peter Phillips<\/a>. Les adolescentes de 15 et 13 ans se sont montr\u00e9es tr\u00e8s investie et enthousiastes tout au long des courses.<\/p>\n<p><img decoding=\"async\" src=\"https:\/\/www.europesays.com\/fr\/wp-content\/uploads\/2026\/01\/BESTIMAGE_00737362_000030FFVwWTLEtF.jpg\" alt=\"Lucas Tindall\"\/><strong>Savannah Phillips entour\u00e9e de Mia Tindall (\u00e0 gauche) et Isla Phillips (\u00e0 droite).<\/strong> \u00a9 Julien Burton \/ Bestimage<img decoding=\"async\" src=\"https:\/\/www.europesays.com\/fr\/wp-content\/uploads\/2026\/01\/BESTIMAGE_00737362_000011PZHyuCOEcM.jpg\" alt=\"Mia Tindall et Isla Phillips\"\/><strong>Mia Tindall et Isla Phillips, ce 1er janvier 2026, \u00e0 \u00a0l&rsquo;hippodrome de Cheltenham.\u00a0<\/strong> \u00a9 Julien Burton \/ Bestimage<\/p>\n<p>Ou comment commercer l&rsquo;ann\u00e9e de la plus belles des mani\u00e8res !<\/p>\n<p><strong>Lire aussi &gt;&gt; <\/strong><a target=\"_blank\" href=\"https:\/\/www.pointdevue.fr\/royal\/royaume-uni\/les-tindall-font-du-ski-mike-et-zara-en-famille-en-autriche\" rel=\"noopener\"><strong>Les Tindall font du ski, Mike et Zara en famille en Autriche<\/strong><\/a><\/p>\n","protected":false},"excerpt":{"rendered":"Pour le clan Tindall, l&rsquo;ann\u00e9e 2026 d\u00e9bute sur des chapeaux de roues ! Ce 1er janvier 2026, la&hellip;\n","protected":false},"author":2,"featured_media":637784,"comment_status":"","ping_status":"","sticky":false,"template":"","format":"standard","meta":{"footnotes":""},"categories":[1588],"tags":[11,1777,674,12,473,1853,1851,1850,1852],"class_list":{"0":"post-637783","1":"post","2":"type-post","3":"status-publish","4":"format-standard","5":"has-post-thumbnail","7":"category-royaume-uni","8":"tag-actualites","9":"tag-eu","10":"tag-europe","11":"tag-news","12":"tag-royaume-uni","13":"tag-royaume-uni-de-grande-bretagne-et-dirlande-du-nord","14":"tag-uk","15":"tag-united-kingdom","16":"tag-united-kingdom-of-great-britain-and-northern-ireland"},"share_on_mastodon":{"url":"https:\/\/pubeurope.com\/@fr\/115829893430790921","error":""},"_links":{"self":[{"href":"https:\/\/www.europesays.com\/fr\/wp-json\/wp\/v2\/posts\/637783","targetHints":{"allow":["GET"]}}],"collection":[{"href":"https:\/\/www.europesays.com\/fr\/wp-json\/wp\/v2\/posts"}],"about":[{"href":"https:\/\/www.europesays.com\/fr\/wp-json\/wp\/v2\/types\/post"}],"author":[{"embeddable":true,"href":"https:\/\/www.europesays.com\/fr\/wp-json\/wp\/v2\/users\/2"}],"replies":[{"embeddable":true,"href":"https:\/\/www.europesays.com\/fr\/wp-json\/wp\/v2\/comments?post=637783"}],"version-history":[{"count":0,"href":"https:\/\/www.europesays.com\/fr\/wp-json\/wp\/v2\/posts\/637783\/revisions"}],"wp:featuredmedia":[{"embeddable":true,"href":"https:\/\/www.europesays.com\/fr\/wp-json\/wp\/v2\/media\/637784"}],"wp:attachment":[{"href":"https:\/\/www.europesays.com\/fr\/wp-json\/wp\/v2\/media?parent=637783"}],"wp:term":[{"taxonomy":"category","embeddable":true,"href":"https:\/\/www.europesays.com\/fr\/wp-json\/wp\/v2\/categories?post=637783"},{"taxonomy":"post_tag","embeddable":true,"href":"https:\/\/www.europesays.com\/fr\/wp-json\/wp\/v2\/tags?post=637783"}],"curies":[{"name":"wp","href":"https:\/\/api.w.org\/{rel}","templated":true}]}}