{"id":63780,"date":"2025-04-30T07:15:08","date_gmt":"2025-04-30T07:15:08","guid":{"rendered":"https:\/\/www.europesays.com\/fr\/63780\/"},"modified":"2025-04-30T07:15:08","modified_gmt":"2025-04-30T07:15:08","slug":"little-jaffna-une-plongee-chez-les-tamouls-de-paris-qui-deborde-denergie","status":"publish","type":"post","link":"https:\/\/www.europesays.com\/fr\/63780\/","title":{"rendered":"\u00ab\u00a0Little Jaffna\u00a0\u00bb une plong\u00e9e chez les Tamouls de Paris qui d\u00e9borde d\u2019\u00e9nergie"},"content":{"rendered":"<p>Pour son tout premier long-m\u00e9trage, Lawrence Valin plonge le spectateur au coeur de la communaut\u00e9 tamoule, dans le XIXe\u00a0arrondissement de Paris.<\/p>\n<p>Little Jaffna\u00a0est l\u2019histoire d\u2019un jeune policier d\u2019origine tamoule qui infiltre un groupe d\u2019activistes collectant des fonds pour les rebelles s\u00e9paratistes du Sri Lanka, les fameux Tigres tamouls. (La guerre civile, termin\u00e9e en 2009, &#8230;<\/p>\n<p>\u00a0<\/p>\n","protected":false},"excerpt":{"rendered":"Pour son tout premier long-m\u00e9trage, Lawrence Valin plonge le spectateur au coeur de la communaut\u00e9 tamoule, dans le&hellip;\n","protected":false},"author":2,"featured_media":63781,"comment_status":"","ping_status":"","sticky":false,"template":"","format":"standard","meta":{"footnotes":""},"categories":[1888],"tags":[11,5492,16254,893,1777,674,1011,27,16251,16250,12,626,16252,25,16253],"class_list":{"0":"post-63780","1":"post","2":"type-post","3":"status-publish","4":"format-standard","5":"has-post-thumbnail","7":"category-paris","8":"tag-actualites","9":"tag-caen","10":"tag-deborde","11":"tag-energie","12":"tag-eu","13":"tag-europe","14":"tag-fr","15":"tag-france","16":"tag-jaffna","17":"tag-little","18":"tag-news","19":"tag-paris","20":"tag-plongee","21":"tag-republique-francaise","22":"tag-tamouls"},"share_on_mastodon":{"url":"https:\/\/pubeurope.com\/@fr\/114425687117903308","error":""},"_links":{"self":[{"href":"https:\/\/www.europesays.com\/fr\/wp-json\/wp\/v2\/posts\/63780","targetHints":{"allow":["GET"]}}],"collection":[{"href":"https:\/\/www.europesays.com\/fr\/wp-json\/wp\/v2\/posts"}],"about":[{"href":"https:\/\/www.europesays.com\/fr\/wp-json\/wp\/v2\/types\/post"}],"author":[{"embeddable":true,"href":"https:\/\/www.europesays.com\/fr\/wp-json\/wp\/v2\/users\/2"}],"replies":[{"embeddable":true,"href":"https:\/\/www.europesays.com\/fr\/wp-json\/wp\/v2\/comments?post=63780"}],"version-history":[{"count":0,"href":"https:\/\/www.europesays.com\/fr\/wp-json\/wp\/v2\/posts\/63780\/revisions"}],"wp:featuredmedia":[{"embeddable":true,"href":"https:\/\/www.europesays.com\/fr\/wp-json\/wp\/v2\/media\/63781"}],"wp:attachment":[{"href":"https:\/\/www.europesays.com\/fr\/wp-json\/wp\/v2\/media?parent=63780"}],"wp:term":[{"taxonomy":"category","embeddable":true,"href":"https:\/\/www.europesays.com\/fr\/wp-json\/wp\/v2\/categories?post=63780"},{"taxonomy":"post_tag","embeddable":true,"href":"https:\/\/www.europesays.com\/fr\/wp-json\/wp\/v2\/tags?post=63780"}],"curies":[{"name":"wp","href":"https:\/\/api.w.org\/{rel}","templated":true}]}}