{"id":637801,"date":"2026-01-03T07:18:14","date_gmt":"2026-01-03T07:18:14","guid":{"rendered":"https:\/\/www.europesays.com\/fr\/637801\/"},"modified":"2026-01-03T07:18:14","modified_gmt":"2026-01-03T07:18:14","slug":"le-ballon-de-la-discorde-entre-le-maroc-et-lalgerie-a-la-can-2025","status":"publish","type":"post","link":"https:\/\/www.europesays.com\/fr\/637801\/","title":{"rendered":"Le ballon de la discorde entre le Maroc et l&rsquo;Alg\u00e9rie \u00e0 la CAN 2025"},"content":{"rendered":"<p style=\"text-align: justify;\"><strong>Depuis quelques heures, les relais du Makhzen diffusent \u2013 \u00e0 large spectre \u2013 une vid\u00e9o dans laquelle ils accusent le staff des Fennecs \u00e0 la CAN 2025 (21 d\u00e9cembre \u2013 18 janvier) d\u2019avoir vol\u00e9 des ballons lors du match Guin\u00e9e \u00e9quatoriale \u2013 Alg\u00e9rie. Une histoire \u00e0 dormir debout. Une orchestration (maladroitement) ficel\u00e9e. Preuve \u00e0 l\u2019appui.<\/strong><\/p>\n<p style=\"text-align: justify;\">Tout d\u2019abord, on pr\u00e9cisera qu\u2019il est vrai que <strong>Nabil Neghiz<\/strong>, coach adjoint de <strong>Petkovic<\/strong>, et <strong>Paolo Rongoni<\/strong>, pr\u00e9parateur physique de l\u2019<strong>EN<\/strong>, ont pris deux ballons pour faire \u00e9chauffer<strong> Youcef Atal<\/strong> et <strong>Mehdi Dorval<\/strong> qui allaient entrer juste apr\u00e8s la pause. Mais il n\u2019a jamais \u00e9t\u00e9 question de les voler et ce pour deux raisons.<\/p>\n<p>La personne sur les vid\u00e9os ne fait pas partie du staff Dz<\/p>\n<p style=\"text-align: justify;\">Primo, parce que l\u2019<strong>\u00e9quipe nationale<\/strong> dispose de ses propres ballons officiels donn\u00e9s par la <strong>CAF<\/strong> dans son mat\u00e9riel d\u2019entra\u00eenements pour la<strong> CAN 2025<\/strong>. Il n\u2019y a donc aucun int\u00e9r\u00eat \u00e0 attendre d\u2019\u00eatre au stade pour \u201cvoler\u201d des balles devant des cam\u00e9ras. Secundo, l\u2019homme qui circule dans les diff\u00e9rents clich\u00e9s et les vid\u00e9os de surveillance qui ont suppos\u00e9ment capt\u00e9 les images d\u2019un vol ne fait absolument pas partie de la d\u00e9l\u00e9gation <strong>Dz<\/strong> (photo jointe ci-dessus) sur place \u00e0 <strong>Rabat<\/strong>.<\/p>\n<p style=\"text-align: justify;\">D\u2019ailleurs, on peut voir cela \u00e0 son surv\u00eatement avec les logos qui diff\u00e8rent de ceux du staff des <strong>Verts<\/strong>. Cette personne (munie d\u2019une accr\u00e9ditation que le comit\u00e9 local d\u2019organisation peut attribuer si certains se demandent comment il a obtenu son badge) n\u2019a rien \u00e0 voir avec l\u2019<strong>Alg\u00e9rie<\/strong>. Il suffit juste de comparer son visage aux membres du staff et de l\u2019encadrement qui ont pos\u00e9 avec les <strong>28 Fennecs <\/strong>concern\u00e9s par le tournoi au<strong> Centre technique national (CTN) de Sidi Moussa<\/strong> avant de s\u2019envoler vers le <strong>Maroc<\/strong>. Circulez, il n\u2019y a rien \u00e0 voir.<\/p>\n<p>La photo de famille des Verts sur la quelle le bonhomme de la vid\u00e9o n\u2019est pas pr\u00e9sent\u00a0<\/p>\n<p><img fetchpriority=\"high\" decoding=\"async\" class=\"wp-image-200840 size-full aligncenter\" title=\"Photo d\u00e9l\u00e9gation Alg\u00e9rie CAN 2025\" src=\"https:\/\/www.europesays.com\/fr\/wp-content\/uploads\/2026\/01\/FB_IMG_1767351302606.jpg\" alt=\"Photo d\u00e9l\u00e9gation Alg\u00e9rie CAN 2025\" width=\"2048\" height=\"1372\"  \/><\/p>\n<p><img loading=\"lazy\" decoding=\"async\" class=\"aligncenter wp-image-200839 size-full perfmatters-lazy\" title=\"Ballon Alg\u00e9rie Maroc CAN 2025\" alt=\"Ballon Alg\u00e9rie Maroc CAN 2025\" width=\"791\" height=\"1214\" src=\"https:\/\/www.europesays.com\/fr\/wp-content\/uploads\/2026\/01\/Messenger_creation_DC205A3B-CAB6-4082-9C8A-059143009851.jpeg\"  data-\/><\/p><\/p>\n","protected":false},"excerpt":{"rendered":"Depuis quelques heures, les relais du Makhzen diffusent \u2013 \u00e0 large spectre \u2013 une vid\u00e9o dans laquelle ils&hellip;\n","protected":false},"author":2,"featured_media":637802,"comment_status":"","ping_status":"","sticky":false,"template":"","format":"standard","meta":{"footnotes":""},"categories":[1410],"tags":[23240,70538,74476,63,1011,27,37218,74477,74478,74479,12802,60,74480],"class_list":{"0":"post-637801","1":"post","2":"type-post","3":"status-publish","4":"format-standard","5":"has-post-thumbnail","7":"category-football","8":"tag-algu00e9rie","9":"tag-can-2025","10":"tag-fennecs","11":"tag-football","12":"tag-fr","13":"tag-france","14":"tag-guinu00e9e-u00e9quatoriale","15":"tag-mehdi-dorval","16":"tag-nabil-neghiz","17":"tag-paolo-rongoni","18":"tag-rabat","19":"tag-sports","20":"tag-youcef-atal"},"share_on_mastodon":{"url":"https:\/\/pubeurope.com\/@fr\/115829952678020665","error":""},"_links":{"self":[{"href":"https:\/\/www.europesays.com\/fr\/wp-json\/wp\/v2\/posts\/637801","targetHints":{"allow":["GET"]}}],"collection":[{"href":"https:\/\/www.europesays.com\/fr\/wp-json\/wp\/v2\/posts"}],"about":[{"href":"https:\/\/www.europesays.com\/fr\/wp-json\/wp\/v2\/types\/post"}],"author":[{"embeddable":true,"href":"https:\/\/www.europesays.com\/fr\/wp-json\/wp\/v2\/users\/2"}],"replies":[{"embeddable":true,"href":"https:\/\/www.europesays.com\/fr\/wp-json\/wp\/v2\/comments?post=637801"}],"version-history":[{"count":0,"href":"https:\/\/www.europesays.com\/fr\/wp-json\/wp\/v2\/posts\/637801\/revisions"}],"wp:featuredmedia":[{"embeddable":true,"href":"https:\/\/www.europesays.com\/fr\/wp-json\/wp\/v2\/media\/637802"}],"wp:attachment":[{"href":"https:\/\/www.europesays.com\/fr\/wp-json\/wp\/v2\/media?parent=637801"}],"wp:term":[{"taxonomy":"category","embeddable":true,"href":"https:\/\/www.europesays.com\/fr\/wp-json\/wp\/v2\/categories?post=637801"},{"taxonomy":"post_tag","embeddable":true,"href":"https:\/\/www.europesays.com\/fr\/wp-json\/wp\/v2\/tags?post=637801"}],"curies":[{"name":"wp","href":"https:\/\/api.w.org\/{rel}","templated":true}]}}