{"id":637803,"date":"2026-01-03T07:19:12","date_gmt":"2026-01-03T07:19:12","guid":{"rendered":"https:\/\/www.europesays.com\/fr\/637803\/"},"modified":"2026-01-03T07:19:12","modified_gmt":"2026-01-03T07:19:12","slug":"sa-rentree-sur-m6-compromise-elle-termine-s","status":"publish","type":"post","link":"https:\/\/www.europesays.com\/fr\/637803\/","title":{"rendered":"sa rentr\u00e9e sur M6 compromise ? Elle termine s &#8230;"},"content":{"rendered":"<p>EN BREF<\/p>\n<ul class=\"bloc_resume_post_list\">\n<li>Anne-Sophie Lapix, figure du journalisme fran\u00e7ais, a \u00e9t\u00e9<br \/>\n\u00e9cart\u00e9e du JT de 20h de France 2 en 2025, remplac\u00e9e par L\u00e9a<br \/>\nSalam\u00e9.<\/li>\n<li>Elle rejoint M6 pour pr\u00e9senter une interview dominicale<br \/>\net anime une \u00e9mission sur RTL depuis ao\u00fbt 2025.<\/li>\n<li>Une blessure \u00e0 ski pourrait compromettre son retour \u00e0<br \/>\nl\u00a0\u00bbantenne en janvier 2026.<\/li>\n<\/ul>\n<p>Visage embl\u00e9matique du paysage audiovisuel fran\u00e7ais. Anne-Sophie<br \/>\nLapix a travaill\u00e9 pour de nombreuses cha\u00eenes au cours de sa<br \/>\ncarri\u00e8re. Elle a notamment <strong>offici\u00e9 sur les antennes de LCI,<br \/>\nTF1, M6, Canal+, France 5<\/strong>. Et plus r\u00e9cemment France 2.<br \/>\nDepuis 2017, elle pr\u00e9sentait le JT de 20h sur la cha\u00eene publique du<br \/>\nlundi au jeudi. Cependant, c&rsquo;est d\u00e9sormais de l&rsquo;histoire<br \/>\nancienne.<\/p>\n<p>En effet, apr\u00e8s huit ann\u00e9es de bons et loyaux services.<br \/>\n<strong>La direction de France T\u00e9l\u00e9visions a d\u00e9cid\u00e9 d&rsquo;\u00e9carter<br \/>\nAnne-Sophie Lapix<\/strong> de la pr\u00e9sentation du JT de 20h de<br \/>\nFrance 2 en 2025. <a href=\"https:\/\/www.telestar.fr\/people\/lea-salame-au-20h-de-france-2-la-difficulte-est-anne-claire-coudray-pas-loin-des-critiques-publiques-1737103\" target=\"_blank\" rel=\"noopener\"><br \/>\nC&rsquo;est sa cons\u0153ur L\u00e9a Salam\u00e9<\/a> qui a \u00e9t\u00e9 d\u00e9sign\u00e9e pour prendre sa<br \/>\nsuccession. De son c\u00f4t\u00e9, l&rsquo;ancienne pr\u00e9sentatrice du talk-show<br \/>\nquotidien de France 5, C \u00e0 vous, a d\u00e9cid\u00e9 de quitter le service<br \/>\npublic.<\/p>\n<p>M6 : Anne-Sophie Lapix r\u00e9alise l&rsquo;interview d&rsquo;une personnalit\u00e9<br \/>\nchaque dimanche apr\u00e8s le 19.45<\/p>\n<p>En effet, Anne-Sophie Lapix a rejoint les rangs du groupe M6.<br \/>\nDepuis le lundi 25 ao\u00fbt 2025, elle pr\u00e9sente quotidiennement la<br \/>\ntranche d&rsquo;information diffus\u00e9e entre 18h et 20h sur l&rsquo;antenne de<br \/>\nRTL. <a href=\"https:\/\/www.telestar.fr\/actu_tv\/coup-de-tonnerre-sur-rtl-evince-au-profit-danne-sophie-lapix-yves-calvi-claque-la-porte-1730117\" target=\"_blank\" rel=\"noopener\"><br \/>\nSucc\u00e9dant ainsi \u00e0 Yves Calvi<\/a>, parti rejoindre LCI. En<br \/>\nparall\u00e8le, elle incarne \u00e9galement <strong>une interview dominicale<br \/>\nsur l&rsquo;antenne de M6<\/strong>, baptis\u00e9e le 20.10.<\/p>\n<p>\u00ab\u00a0Anne-Sophie Lapix propose une interview exclusive d\u2019une<br \/>\ndizaine de minutes avec une personnalit\u00e9 marquante de la semaine.<br \/>\nQu\u2019il s\u2019agisse d\u2019une figure connue ou d\u2019un visage anonyme, les<br \/>\ninvit\u00e9s viennent de tous horizons : <strong>soci\u00e9t\u00e9, culture,<br \/>\nsport, politique, international, etc&#8230;<\/strong>\u00ab\u00a0, a notamment<br \/>\nsoulign\u00e9 M6 dans un communiqu\u00e9.<\/p>\n<p><img loading=\"lazy\" decoding=\"async\" aria-describedby=\"caption-attachment-1749954\" itemprop=\"thumbnailUrl\" class=\"size-large wp-image-1749954 img-responsive\" src=\"https:\/\/www.europesays.com\/fr\/wp-content\/uploads\/2026\/01\/mcxl8tm-577x1024.png\" alt=\"Anne-Sophie Lapix : sa rentr\u00e9e sur M6 compromise ? Elle termine ses vacances en tr\u00e8s mauvaise posture\" width=\"577\" height=\"1024\"\/> \u00a9 Instagram<\/p>\n<p id=\"caption-attachment-1749954\" class=\"wp-caption-text\">\nAnne-Sophie Lapix s&rsquo;est bless\u00e9e suite \u00e0 une chute \u00e0 ski durant ses<br \/>\ncong\u00e9s.<\/p>\n<p>L&rsquo;animatrice s&rsquo;est retrouv\u00e9e sur un<br \/>\nbrancard avec une jambe immobilis\u00e9e apr\u00e8s une chute \u00e0 ski<\/p>\n<p>Pour rappel, <strong>l e 20.10 a \u00e9t\u00e9 d\u00e9programm\u00e9 par M6 le<br \/>\ndimanche 28 d\u00e9cembre 2025.<\/strong> L&rsquo;\u00e9mission ne devrait pas non<br \/>\nplus \u00eatre diffus\u00e9e sur la cha\u00eene le dimanche 4 janvier 2026. En<br \/>\nfait, Anne-Sophie Lapix a pris, comme de nombreuses autres stars du<br \/>\npaysage audiovisuel fran\u00e7ais, deux semaines de vacances pour les<br \/>\nf\u00eates de fin d&rsquo;ann\u00e9e. Elle devrait par cons\u00e9quent \u00eatre de retour<br \/>\naux commandes du 20.10 le dimanche 11 janvier 2026 sur M6.<\/p>\n<p>Cependant, la pr\u00e9sence d&rsquo;Anne-Sophie Lapix \u00e0 l&rsquo;antenne pourrait<br \/>\n\u00eatre remise en cause dans les jours \u00e0 venir. En effet, la<br \/>\njournaliste a r\u00e9v\u00e9l\u00e9 sur Instagram le jeudi 1er janvier 2026<br \/>\nqu&rsquo;elle s&rsquo;\u00e9tait bless\u00e9e <a href=\"https:\/\/www.closermag.fr\/vecu\/faits_divers\/nils-alphand-le-fils-de-luc-alphand-victime-dune-terrible-chute-a-ski-les-images-sont-inquietantes-3520882\" target=\"_blank\" rel=\"noopener\"><br \/>\n\u00e0 la suite d&rsquo;une chute \u00e0 ski<\/a>. \u00ab\u00a0Bonne ann\u00e9e ! Et surtout la<br \/>\nsant\u00e9 !\u00a0\u00bb, a-t-elle ainsi \u00e9crit de mani\u00e8re ironique. Tout en<br \/>\nd\u00e9voilant une photo d&rsquo;elle sur un brancard en plein milieu des<br \/>\npistes de ski. <strong>Avec la jambe gauche<br \/>\nimmobilis\u00e9e<\/strong>.<\/p>\n","protected":false},"excerpt":{"rendered":"EN BREF Anne-Sophie Lapix, figure du journalisme fran\u00e7ais, a \u00e9t\u00e9 \u00e9cart\u00e9e du JT de 20h de France 2&hellip;\n","protected":false},"author":2,"featured_media":637804,"comment_status":"","ping_status":"","sticky":false,"template":"","format":"standard","meta":{"footnotes":""},"categories":[1359],"tags":[21313,548,58,59,1011,27,973],"class_list":{"0":"post-637803","1":"post","2":"type-post","3":"status-publish","4":"format-standard","5":"has-post-thumbnail","7":"category-people","8":"tag-anne-sophie-lapix","9":"tag-article-simple","10":"tag-divertissement","11":"tag-entertainment","12":"tag-fr","13":"tag-france","14":"tag-people"},"share_on_mastodon":{"url":"https:\/\/pubeurope.com\/@fr\/115829955830157528","error":""},"_links":{"self":[{"href":"https:\/\/www.europesays.com\/fr\/wp-json\/wp\/v2\/posts\/637803","targetHints":{"allow":["GET"]}}],"collection":[{"href":"https:\/\/www.europesays.com\/fr\/wp-json\/wp\/v2\/posts"}],"about":[{"href":"https:\/\/www.europesays.com\/fr\/wp-json\/wp\/v2\/types\/post"}],"author":[{"embeddable":true,"href":"https:\/\/www.europesays.com\/fr\/wp-json\/wp\/v2\/users\/2"}],"replies":[{"embeddable":true,"href":"https:\/\/www.europesays.com\/fr\/wp-json\/wp\/v2\/comments?post=637803"}],"version-history":[{"count":0,"href":"https:\/\/www.europesays.com\/fr\/wp-json\/wp\/v2\/posts\/637803\/revisions"}],"wp:featuredmedia":[{"embeddable":true,"href":"https:\/\/www.europesays.com\/fr\/wp-json\/wp\/v2\/media\/637804"}],"wp:attachment":[{"href":"https:\/\/www.europesays.com\/fr\/wp-json\/wp\/v2\/media?parent=637803"}],"wp:term":[{"taxonomy":"category","embeddable":true,"href":"https:\/\/www.europesays.com\/fr\/wp-json\/wp\/v2\/categories?post=637803"},{"taxonomy":"post_tag","embeddable":true,"href":"https:\/\/www.europesays.com\/fr\/wp-json\/wp\/v2\/tags?post=637803"}],"curies":[{"name":"wp","href":"https:\/\/api.w.org\/{rel}","templated":true}]}}