{"id":637811,"date":"2026-01-03T07:24:23","date_gmt":"2026-01-03T07:24:23","guid":{"rendered":"https:\/\/www.europesays.com\/fr\/637811\/"},"modified":"2026-01-03T07:24:23","modified_gmt":"2026-01-03T07:24:23","slug":"qui-brille-au-combat-magellan-le-pays-darto-et-los-tigres-quels-sont-les-films-a-voir-ou-pas-cette-semaine-au-cinema","status":"publish","type":"post","link":"https:\/\/www.europesays.com\/fr\/637811\/","title":{"rendered":"\u00ab\u00a0Qui brille au combat\u00a0\u00bb, \u00ab\u00a0Magellan\u00a0\u00bb, \u00ab\u00a0Le Pays d&rsquo;Arto\u00a0\u00bb et \u00ab\u00a0Los tigres\u00a0\u00bb&#8230; Quels sont les films \u00e0 voir (ou pas) cette semaine au cin\u00e9ma\u00a0?"},"content":{"rendered":"\n<p class=\"c-chapo \">\n  D\u00e9couvrez les critiques de notre s\u00e9lection des films sortis en salles le mercredi\u00a031\u00a0d\u00e9cembre.\n<\/p>\n<p>      lire plus tard<\/p>\n<p id=\"dialog__title\" class=\"dialog__title\">Pour sauvegarder cet article, connectez-vous ou cr\u00e9ez un compte franceinfo<\/p>\n<p class=\"dialog__description\">Sans paiement. Sans abonnement.<\/p>\n<p>        Fermer la fen\u00eatre d\u2019activation des notifications France Info<\/p>\n<p>      cr\u00e9er votre compte<\/p>\n<p>      se connecter<\/p>\n<p>      :<\/p>\n<p>        Fermer la fen\u00eatre de pr\u00e9sentation<\/p>\n<p>          France T\u00e9l\u00e9visions &#8211; R\u00e9daction Culture<\/p>\n<p>    Publi\u00e9 le 03\/01\/2026 06:00<\/p>\n<p>        Temps de lecture : 2min<\/p>\n<p>    <img decoding=\"async\"  alt=\"Camille Cottin est C\u00e9line, sur les traces de son mari dans &quot;Le Pays d'Arto&quot; de Tamara Stepanyan, en salles le 31\u00a0d\u00e9cembre\u00a02025. (PAN DISTRIBUTION)\" width=\"432\" height=\"243\" src=\"https:\/\/www.europesays.com\/fr\/wp-content\/uploads\/2025\/12\/b70vggjt-6953d983c69e6735854511.jpg\" fetchpriority=\"high\"\/><\/p>\n<p>      Camille Cottin est C\u00e9line, sur les traces de son mari dans \u00ab\u00a0Le Pays d&rsquo;Arto\u00a0\u00bb de Tamara Stepanyan, en salles le 31\u00a0d\u00e9cembre\u00a02025. (PAN DISTRIBUTION)<\/p>\n<p>Un voyage en terre arm\u00e9nienne, un thriller social aux c\u00f4t\u00e9s de scaphandriers espagnols, la rencontre avec le navigateur et explorateur portugais Fernand de Magellan et l&rsquo;histoire d&rsquo;une famille face au handicap d&rsquo;une de ses membres&#8230; Voici le programme des sorties du mercredi\u00a031\u00a0d\u00e9cembre. <a href=\"https:\/\/www.franceinfo.fr\/culture\/cinema\/sorties-de-films\/\" target=\"_blank\" rel=\"noopener\">Retrouvez ici toutes nos critiques cin\u00e9mas<\/a> de la semaine sur franceinfo\u00a0Culture.<\/p>\n<p>Avec \u00ab\u00a0Qui brille au combat\u00a0\u00bb, Jos\u00e9phine Japy livre un premier film pudique et plein de joie sur le handicap de sa s\u0153ur<\/p>\n<p>Derri\u00e8re la cam\u00e9ra, l&rsquo;actrice Jos\u00e9phine Japy porte \u00e0 l&rsquo;\u00e9cran, avec une grande \u00e9motion, l&rsquo;histoire de sa famille, avec, en son centre, Bertille, sa jeune s\u0153ur atteinte d&rsquo;une maladie g\u00e9n\u00e9tique rare\u00a0: le syndrome de Phelan-MacDermid. Pour sa premi\u00e8re r\u00e9alisation, elle adopte une cam\u00e9ra pleine de pudeur et de po\u00e9sie pour dire l&rsquo;intimit\u00e9 d&rsquo;une famille, son quotidien et les difficult\u00e9s qui c\u00f4toient la joie de vivre.<\/p>\n<p><strong><a href=\"https:\/\/www.franceinfo.fr\/culture\/cinema\/sorties-de-films\/avec-qui-brille-au-combat-josephine-japy-livre-un-premier-film-pudique-et-plein-de-joie-sur-le-handicap-de-sa-s-ur_7672849.html\" target=\"_blank\" rel=\"noopener\">Lire la critique<\/a><\/strong><\/p>\n<p>\u00ab\u00a0Magellan\u00a0\u00bb : les exp\u00e9ditions coloniales comme on ne les a jamais vues dans un film cr\u00e9pusculaire sign\u00e9 Lav Diaz<\/p>\n<p>Avec Magellan, le cin\u00e9aste philippin Lav Diaz s&rsquo;attaque \u00e0 une figure majeure de l&rsquo;histoire. Mais il propose un biopic atypique en d\u00e9pla\u00e7ant le centre de gravit\u00e9 de la vieille Europe coloniale \u00e0 l&rsquo;archipel des Philippines, d\u00e9couvert par le grand navigateur.<\/p>\n<p><strong><a href=\"https:\/\/www.franceinfo.fr\/culture\/cinema\/sorties-de-films\/magellan-les-expeditions-coloniales-comme-on-ne-les-a-jamais-vues-dans-un-film-crepusculaire-signe-lav-diaz_7660192.html\" target=\"_blank\" rel=\"noopener\">Lire la critique<\/a><\/strong><\/p>\n<p>\u00ab\u00a0Le Pays d&rsquo;Arto\u00a0\u00bb : Tamara Stepanyan met en sc\u00e8ne Camille Cottin \u00e0 la recherche des fant\u00f4mes de la guerre d&rsquo;Arm\u00e9nie dans un premier film intime et politique<\/p>\n<p>\u00c0 travers le personnage d&rsquo;une femme fran\u00e7aise partie en Arm\u00e9nie \u00e0 la rencontre du pass\u00e9 de son mari d\u00e9funt, la r\u00e9alisatrice Tamara Stepanyan plonge dans l&rsquo;histoire de son pays natal et questionne son futur, incertain dans un contexte de guerre territoriale. Le film se pr\u00e9sente comme une lettre d&rsquo;amour aux Arm\u00e9niens, mais aussi \u00e0 une terre\u00a0: le Haut-Karabakh, devenu le symbole d&rsquo;une r\u00e9sistance \u00e0 la fois politique et culturelle.<\/p>\n<p><strong><a href=\"https:\/\/www.franceinfo.fr\/culture\/cinema\/sorties-de-films\/le-pays-d-arto-tamara-stepanyan-met-en-scene-camille-cottin-a-la-recherche-des-fantomes-de-la-guerre-d-armenie-dans-un-premier-film-intime-et-politique_7710865.html\" target=\"_blank\" rel=\"noopener\">Lire la critique<\/a><\/strong><\/p>\n<p>\u00ab\u00a0Los tigres\u00a0\u00bb : plong\u00e9e avec les damn\u00e9s de la mer dans un thriller sous tension<\/p>\n<p>Los tigres commence comme un thriller avant de prendre une bifurcation inattendue. Au-del\u00e0 de l&rsquo;intrigue, le r\u00e9alisateur espagnol Alberto Rodriguez montre avec d\u00e9licatesse le monde des plongeurs et dit le drame familial. Il s&rsquo;affranchit des codes de genre pour \u00e9voquer les conditions sociales de ces nouveaux damn\u00e9s de la mer\u00a0: ces ouvriers invisibles qui, sous-pay\u00e9s, risquent leur vie quotidiennement en r\u00e9parant les navires de passage.<\/p>\n<p><strong><a href=\"https:\/\/www.franceinfo.fr\/culture\/cinema\/los-tigres-plongee-avec-les-damnes-de-la-mer-dans-un-thriller-sous-tension_7699726.html\" target=\"_blank\" rel=\"noopener\">Lire la critique<\/a><\/strong><\/p>\n","protected":false},"excerpt":{"rendered":"D\u00e9couvrez les critiques de notre s\u00e9lection des films sortis en salles le mercredi\u00a031\u00a0d\u00e9cembre. lire plus tard Pour sauvegarder&hellip;\n","protected":false},"author":2,"featured_media":631565,"comment_status":"","ping_status":"","sticky":false,"template":"","format":"standard","meta":{"footnotes":""},"categories":[1354],"tags":[58,59,1346,1011,27,1360],"class_list":{"0":"post-637811","1":"post","2":"type-post","3":"status-publish","4":"format-standard","5":"has-post-thumbnail","7":"category-films","8":"tag-divertissement","9":"tag-entertainment","10":"tag-films","11":"tag-fr","12":"tag-france","13":"tag-movies"},"share_on_mastodon":{"url":"https:\/\/pubeurope.com\/@fr\/115829975513057316","error":""},"_links":{"self":[{"href":"https:\/\/www.europesays.com\/fr\/wp-json\/wp\/v2\/posts\/637811","targetHints":{"allow":["GET"]}}],"collection":[{"href":"https:\/\/www.europesays.com\/fr\/wp-json\/wp\/v2\/posts"}],"about":[{"href":"https:\/\/www.europesays.com\/fr\/wp-json\/wp\/v2\/types\/post"}],"author":[{"embeddable":true,"href":"https:\/\/www.europesays.com\/fr\/wp-json\/wp\/v2\/users\/2"}],"replies":[{"embeddable":true,"href":"https:\/\/www.europesays.com\/fr\/wp-json\/wp\/v2\/comments?post=637811"}],"version-history":[{"count":0,"href":"https:\/\/www.europesays.com\/fr\/wp-json\/wp\/v2\/posts\/637811\/revisions"}],"wp:featuredmedia":[{"embeddable":true,"href":"https:\/\/www.europesays.com\/fr\/wp-json\/wp\/v2\/media\/631565"}],"wp:attachment":[{"href":"https:\/\/www.europesays.com\/fr\/wp-json\/wp\/v2\/media?parent=637811"}],"wp:term":[{"taxonomy":"category","embeddable":true,"href":"https:\/\/www.europesays.com\/fr\/wp-json\/wp\/v2\/categories?post=637811"},{"taxonomy":"post_tag","embeddable":true,"href":"https:\/\/www.europesays.com\/fr\/wp-json\/wp\/v2\/tags?post=637811"}],"curies":[{"name":"wp","href":"https:\/\/api.w.org\/{rel}","templated":true}]}}