{"id":637816,"date":"2026-01-03T07:28:13","date_gmt":"2026-01-03T07:28:13","guid":{"rendered":"https:\/\/www.europesays.com\/fr\/637816\/"},"modified":"2026-01-03T07:28:13","modified_gmt":"2026-01-03T07:28:13","slug":"des-chercheurs-sont-tombes-sur-des-milliers-doeufs-geants-vivants-dans-un-ancien-volcan-sous-marin","status":"publish","type":"post","link":"https:\/\/www.europesays.com\/fr\/637816\/","title":{"rendered":"Des chercheurs sont tomb\u00e9s sur des milliers d&rsquo;oeufs g\u00e9ants vivants dans un ancien volcan sous-marin"},"content":{"rendered":"<p style=\"text-align: justify;\"><strong>Des chercheurs explorant un ancien volcan sous-marin au large de la c\u00f4te pacifique du Canada ont d\u00e9couvert qu\u2019il est toujours actif. Il abriterait \u00e9galement des milliers d\u2019oeufs g\u00e9ants appartenant \u00e0 une esp\u00e8ce de raie peu connue.<\/strong><\/p>\n<p>Une observation exceptionnelle<\/p>\n<p style=\"text-align: justify;\">Depuis 2019, une \u00e9quipe de P\u00eaches et Oc\u00e9ans Canada explore un <a href=\"https:\/\/sciencepost.fr\/un-volcan-sous-marin-geant-se-reveille-dans-la-mer-des-philippines\/\" target=\"_blank\" rel=\"noopener\">volcan sous-marin<\/a> de<strong> 2 000 kilom\u00e8tres carr\u00e9s<\/strong> situ\u00e9 au large de la c\u00f4te de l\u2019\u00eele de Vancouver. Avant leurs exp\u00e9ditions, les biologistes pensaient que ce volcan \u00e9tait \u00e9teint et que les eaux qui l\u2019entouraient \u00e9taient glaciales. Ils ont finalement d\u00e9couvert que cette montagne, qui culmine \u00e0 <strong>1 100 m\u00e8tres au-dessus du fond marin<\/strong>, rejette encore de l\u2019eau chaude. Ce fluide riche en min\u00e9raux offre des conditions id\u00e9ales \u00e0 certaines cr\u00e9atures marines pour survivre dans les profondeurs marines, dont beaucoup sont des coraux.<\/p>\n<p style=\"text-align: justify;\">Plus r\u00e9cemment, les chercheurs ont \u00e9galement \u00e9t\u00e9 surpris de constater la pr\u00e9sence de <strong>raies blanches du Pacifique<\/strong> (Bathyraja spinosissima) qui viennent pondre leurs oeufs au sommet de la montagne \u00e0 pr\u00e8s d\u2019un 1,5 kilom\u00e8tre sous la surface. S\u2019il est difficile d\u2019estimer le nombre d\u2019oeufs pr\u00e9sents sur place, l\u2019\u00e9quipe estime qu\u2019il pourrait y en avoir <strong>plusieurs centaines de milliers, voire plus d\u2019un million<\/strong>. C\u2019est du jamais vu.<\/p>\n<p>Des oeufs exceptionnellement gros<\/p>\n<p style=\"text-align: justify;\">Les raies blanches du Pacifique (Bathyraja spinosissima) sont retrouv\u00e9es dans les eaux froides de l\u2019oc\u00e9an Pacifique, notamment le long des c\u00f4tes nord-am\u00e9ricaines. Elles font \u00e9galement partie des esp\u00e8ces de raies les plus profondes, \u00e9voluant <strong>entre 800 et 2 900 m\u00e8tres de profondeur<\/strong>. C\u2019est la raison pour laquelle elles sont encore peu connues. Certains sp\u00e9cimens, en particulier les femelles adultes, peuvent atteindre <strong>deux m\u00e8tres de long<\/strong>.<\/p>\n<p style=\"text-align: justify;\">L\u2019une des caract\u00e9ristiques uniques de cette esp\u00e8ce est la <strong>taille relativement grande de leurs oeufs par rapport \u00e0 leur corps<\/strong>. Ceux isol\u00e9s au sommet de ce volcan mesurent environ <strong>cinquante centim\u00e8tres de diam\u00e8tre<\/strong>. Produire des oeufs aussi gros n\u00e9cessitent \u00e9norm\u00e9ment d\u2019\u00e9nergie, mais ils fournissent une plus grande quantit\u00e9 de nutriments pour soutenir le d\u00e9veloppement embryonnaire et la survie des jeunes raies.<\/p>\n<p><img loading=\"lazy\" data-lazyloaded=\"1\" decoding=\"async\" class=\"size-full wp-image-264736\" src=\"https:\/\/www.europesays.com\/fr\/wp-content\/uploads\/2026\/01\/oENr8SazcCKdytzEaMEAC8-1200-80.png\" alt=\"oeufs raies blanches du pacifique volcan\" width=\"1007\" height=\"527\"  data-\/>Source: DRUne femelle raie blanche du Pacifique (Bathyraja spinosissima) en train de pondre des oeufs. Cr\u00e9dits : NEPDEP 2023\/<a href=\"https:\/\/www.youtube.com\/watch?v=e9nM7B_d13A\" target=\"_blank\" rel=\"noopener\">Capture d\u2019\u00e9cran YouTube<\/a><\/p>\n<p style=\"text-align: justify;\">En 2018, des chercheurs avaient d\u00e9couvert plusieurs de ces oeufs \u00e0 proximit\u00e9 d\u2019\u00e9vents hydrothermaux pr\u00e8s des \u00eeles Galapagos, ce qui sugg\u00e9rait que les femelles exploitaient la chaleur volcanique pour les incuber. Ces nouvelles observations semblent le confirmer.<\/p>\n<p style=\"text-align: justify;\">\u00ab\u00a0Il faut quatre ans pour que les jeunes se d\u00e9veloppent\u00ab\u00a0, pr\u00e9cise la biologiste <a class=\"hawk-link-parsed\" href=\"https:\/\/profils-profiles.science.gc.ca\/fr\/profil\/dr-cherisse-du-preez\" target=\"_blank\" rel=\"noopener\" data-url=\"https:\/\/profils-profiles.science.gc.ca\/fr\/profil\/dr-cherisse-du-preez\" data-component-tracked=\"1\">Cherisse Du Preez<\/a>. \u00ab\u00a0L\u2019eau chaude acc\u00e9l\u00e8re probablement la p\u00e9riode de gestation, ce qui donne plus de chances aux juv\u00e9niles. Le sommet peu profond de ce mont sous-marin est \u00e9galement suffisamment s\u00fbr pour que les jeunes raies grandissent avant de descendre dans les profondeurs\u00ab\u00a0.<\/p>\n<p style=\"text-align: justify;\">Il est \u00e9galement \u00e0 noter que les oeufs de ces raies sont g\u00e9n\u00e9ralement de forme ronde ou ovale, avec une l\u00e9g\u00e8re courbure et des bords arrondis, ce qui peut rappeler<strong> la forme d\u2019un ravioli ou d\u2019un petit coussin.<\/strong><\/p>\n<p style=\"text-align: justify;\">La d\u00e9couverte de l\u2019activit\u00e9 continue du volcan sous-marin au large de la c\u00f4te pacifique canadienne et la pr\u00e9sence inattendue de milliers d\u2019\u0153ufs de raies blanches du Pacifique r\u00e9v\u00e8lent un \u00e9cosyst\u00e8me sous-marin d\u2019une richesse insoup\u00e7onn\u00e9e. Cette observation exceptionnelle met en lumi\u00e8re les conditions uniques cr\u00e9\u00e9es par les rejets d\u2019eau chaude et min\u00e9ralis\u00e9e, offrant un environnement propice \u00e0 la vie marine \u00e0 des profondeurs consid\u00e9rables.<\/p>\n<p style=\"text-align: justify;\">Les chercheurs de P\u00eaches et Oc\u00e9ans Canada ont non seulement confirm\u00e9 que ce volcan, autrefois pr\u00e9sum\u00e9 \u00e9teint, est toujours actif, mais ils ont \u00e9galement mis en \u00e9vidence l\u2019ing\u00e9niosit\u00e9 des raies blanches du Pacifique qui exploitent cette chaleur pour incuber leurs \u0153ufs. La taille imposante de ces \u0153ufs et leur nombre impressionnant t\u00e9moignent de la strat\u00e9gie adaptative de cette esp\u00e8ce pour assurer la survie de ses jeunes dans les conditions extr\u00eames des profondeurs marines.<\/p>\n<p style=\"text-align: justify;\">Cette d\u00e9couverte souligne l\u2019importance des explorations sous-marines pour comprendre les dynamiques des \u00e9cosyst\u00e8mes marins et les adaptations des esp\u00e8ces qui y vivent. Elle ouvre \u00e9galement de nouvelles perspectives pour la recherche biologique et \u00e9cologique, en particulier dans des environnements aussi hostiles que ceux des volcans sous-marins. \u00c0 l\u2019avenir, ces \u00e9tudes pourront nous en apprendre davantage sur les interactions complexes entre la g\u00e9ologie sous-marine et la biodiversit\u00e9, et sur les moyens de pr\u00e9server ces habitats fragiles face aux d\u00e9fis environnementaux globaux.<\/p>\n","protected":false},"excerpt":{"rendered":"Des chercheurs explorant un ancien volcan sous-marin au large de la c\u00f4te pacifique du Canada ont d\u00e9couvert qu\u2019il&hellip;\n","protected":false},"author":2,"featured_media":637817,"comment_status":"","ping_status":"","sticky":false,"template":"","format":"standard","meta":{"footnotes":""},"categories":[7],"tags":[1011,27,43,40,41,39,42,44],"class_list":{"0":"post-637816","1":"post","2":"type-post","3":"status-publish","4":"format-standard","5":"has-post-thumbnail","7":"category-sciences-et-technologies","8":"tag-fr","9":"tag-france","10":"tag-science","11":"tag-science-and-technology","12":"tag-sciences","13":"tag-sciences-et-technologies","14":"tag-technologies","15":"tag-technology"},"share_on_mastodon":{"url":"https:\/\/pubeurope.com\/@fr\/115829991629865149","error":""},"_links":{"self":[{"href":"https:\/\/www.europesays.com\/fr\/wp-json\/wp\/v2\/posts\/637816","targetHints":{"allow":["GET"]}}],"collection":[{"href":"https:\/\/www.europesays.com\/fr\/wp-json\/wp\/v2\/posts"}],"about":[{"href":"https:\/\/www.europesays.com\/fr\/wp-json\/wp\/v2\/types\/post"}],"author":[{"embeddable":true,"href":"https:\/\/www.europesays.com\/fr\/wp-json\/wp\/v2\/users\/2"}],"replies":[{"embeddable":true,"href":"https:\/\/www.europesays.com\/fr\/wp-json\/wp\/v2\/comments?post=637816"}],"version-history":[{"count":0,"href":"https:\/\/www.europesays.com\/fr\/wp-json\/wp\/v2\/posts\/637816\/revisions"}],"wp:featuredmedia":[{"embeddable":true,"href":"https:\/\/www.europesays.com\/fr\/wp-json\/wp\/v2\/media\/637817"}],"wp:attachment":[{"href":"https:\/\/www.europesays.com\/fr\/wp-json\/wp\/v2\/media?parent=637816"}],"wp:term":[{"taxonomy":"category","embeddable":true,"href":"https:\/\/www.europesays.com\/fr\/wp-json\/wp\/v2\/categories?post=637816"},{"taxonomy":"post_tag","embeddable":true,"href":"https:\/\/www.europesays.com\/fr\/wp-json\/wp\/v2\/tags?post=637816"}],"curies":[{"name":"wp","href":"https:\/\/api.w.org\/{rel}","templated":true}]}}