{"id":637818,"date":"2026-01-03T07:29:12","date_gmt":"2026-01-03T07:29:12","guid":{"rendered":"https:\/\/www.europesays.com\/fr\/637818\/"},"modified":"2026-01-03T07:29:12","modified_gmt":"2026-01-03T07:29:12","slug":"un-pilote-dair-india-debarque-de-son-avion-pour-avoir-bu-de-lalcool","status":"publish","type":"post","link":"https:\/\/www.europesays.com\/fr\/637818\/","title":{"rendered":"Un pilote d\u2019Air India d\u00e9barqu\u00e9 de son avion pour avoir bu de l\u2019alcool"},"content":{"rendered":"<p>Les autorit\u00e9s <a href=\"https:\/\/www.20minutes.fr\/dossier\/canada\" target=\"_blank\" class=\"c-link c-link--is-underlined\" rel=\"noopener\">canadiennes<\/a> ont demand\u00e9 \u00e0 <a href=\"https:\/\/www.20minutes.fr\/dossier\/inde\" target=\"_blank\" class=\"c-link c-link--is-underlined\" rel=\"noopener\">Air India<\/a> d\u2019ouvrir une enqu\u00eate apr\u00e8s qu\u2019un pilote a \u00e9t\u00e9 retir\u00e9 d\u2019un vol reliant Vancouver \u00e0 Delhi, juste avant le d\u00e9collage, en raison d\u2019une suspicion d\u2019<a href=\"https:\/\/www.20minutes.fr\/dossier\/alcool\" target=\"_blank\" class=\"c-link c-link--is-underlined\" rel=\"noopener\">alcool\u00e9mie<\/a>. L\u2019information a \u00e9t\u00e9 r\u00e9v\u00e9l\u00e9e par <a href=\"https:\/\/www.reuters.com\/world\/india\/canada-asks-air-india-probe-incident-pilot-reporting-duty-under-influence-2026-01-02\/\" rel=\"nofollow noopener\" target=\"_blank\" class=\"c-link c-link--is-underlined\">Reuters<\/a>, citant une source proche du dossier. Les faits se sont d\u00e9roul\u00e9s le 23\u00a0d\u00e9cembre.<\/p>\n<p>Selon cette source, deux contr\u00f4les d\u2019alcool\u00e9mie r\u00e9alis\u00e9s par la police canadienne \u00e0 l\u2019a\u00e9roport international de <a href=\"https:\/\/www.20minutes.fr\/dossier\/vancouver\" target=\"_blank\" class=\"c-link c-link--is-underlined\" rel=\"noopener\">Vancouver<\/a> ont conclu que le pilote n\u2019\u00e9tait pas apte \u00e0 assurer le vol. Transport Canada a qualifi\u00e9 l\u2019affaire de grave et a officiellement demand\u00e9 \u00e0 la <a href=\"https:\/\/www.20minutes.fr\/dossier\/compagnie_aerienne\" target=\"_blank\" class=\"c-link c-link--is-underlined\" rel=\"noopener\">compagnie<\/a> indienne de transmettre les conclusions de son enqu\u00eate ainsi que les mesures correctives envisag\u00e9es pour \u00e9viter toute r\u00e9cidive. Des suites administratives sont envisag\u00e9es.<\/p>\n<\/p>\n<p>Air India sous pression pour des manquements<\/p>\n<p>Dans un communiqu\u00e9, Air India a confirm\u00e9 un retard de derni\u00e8re minute, pr\u00e9cisant qu\u2019un pilote de remplacement avait \u00e9t\u00e9 mobilis\u00e9 afin d\u2019op\u00e9rer le vol, effectu\u00e9 sur un <a href=\"https:\/\/www.20minutes.fr\/dossier\/boeing_777\" target=\"_blank\" class=\"c-link c-link--is-underlined\" rel=\"noopener\">Boeing 777<\/a>. Le pilote concern\u00e9 a \u00e9t\u00e9 imm\u00e9diatement suspendu de ses fonctions en attendant les r\u00e9sultats de l\u2019enqu\u00eate interne, la compagnie rappelant sa politique de tol\u00e9rance z\u00e9ro vis-\u00e0-vis des infractions aux r\u00e8gles de s\u00e9curit\u00e9.<\/p>\n<p><a href=\"https:\/\/www.20minutes.fr\/dossier\/compagnie_aerienne\" target=\"_blank\" class=\"c-link c-btn c-btn--primary\" rel=\"noopener\">Notre dossier sur les compagnies a\u00e9riennes<\/a><\/p>\n<p>Cet \u00e9pisode intervient dans un contexte de vigilance accrue autour d\u2019Air India, d\u00e9j\u00e0 sous pression depuis plusieurs mois apr\u00e8s des <a href=\"https:\/\/www.20minutes.fr\/dossier\/accident_d_avion\" target=\"_blank\" class=\"c-link c-link--is-underlined\" rel=\"noopener\">accidents<\/a> et des signalements de manquements \u00e0 la s\u00e9curit\u00e9 relev\u00e9s par les autorit\u00e9s indiennes. Au Canada, la r\u00e9glementation interdit \u00e0 un pilote de prendre les commandes dans les 12 heures suivant la consommation d\u2019alcool.<\/p>\n","protected":false},"excerpt":{"rendered":"Les autorit\u00e9s canadiennes ont demand\u00e9 \u00e0 Air India d\u2019ouvrir une enqu\u00eate apr\u00e8s qu\u2019un pilote a \u00e9t\u00e9 retir\u00e9 d\u2019un&hellip;\n","protected":false},"author":2,"featured_media":637819,"comment_status":"","ping_status":"","sticky":false,"template":"","format":"standard","meta":{"footnotes":""},"categories":[6],"tags":[47,5702,35,574,8763,33,34,1011,27,5595,74,39768,15552],"class_list":{"0":"post-637818","1":"post","2":"type-post","3":"status-publish","4":"format-standard","5":"has-post-thumbnail","7":"category-economie","8":"tag-actualite","9":"tag-alcool","10":"tag-business","11":"tag-canada","12":"tag-compagnie-aerienne","13":"tag-economie","14":"tag-economy","15":"tag-fr","16":"tag-france","17":"tag-inde","18":"tag-monde","19":"tag-pilote-de-ligne","20":"tag-vancouver"},"share_on_mastodon":{"url":"https:\/\/pubeurope.com\/@fr\/115829995207963713","error":""},"_links":{"self":[{"href":"https:\/\/www.europesays.com\/fr\/wp-json\/wp\/v2\/posts\/637818","targetHints":{"allow":["GET"]}}],"collection":[{"href":"https:\/\/www.europesays.com\/fr\/wp-json\/wp\/v2\/posts"}],"about":[{"href":"https:\/\/www.europesays.com\/fr\/wp-json\/wp\/v2\/types\/post"}],"author":[{"embeddable":true,"href":"https:\/\/www.europesays.com\/fr\/wp-json\/wp\/v2\/users\/2"}],"replies":[{"embeddable":true,"href":"https:\/\/www.europesays.com\/fr\/wp-json\/wp\/v2\/comments?post=637818"}],"version-history":[{"count":0,"href":"https:\/\/www.europesays.com\/fr\/wp-json\/wp\/v2\/posts\/637818\/revisions"}],"wp:featuredmedia":[{"embeddable":true,"href":"https:\/\/www.europesays.com\/fr\/wp-json\/wp\/v2\/media\/637819"}],"wp:attachment":[{"href":"https:\/\/www.europesays.com\/fr\/wp-json\/wp\/v2\/media?parent=637818"}],"wp:term":[{"taxonomy":"category","embeddable":true,"href":"https:\/\/www.europesays.com\/fr\/wp-json\/wp\/v2\/categories?post=637818"},{"taxonomy":"post_tag","embeddable":true,"href":"https:\/\/www.europesays.com\/fr\/wp-json\/wp\/v2\/tags?post=637818"}],"curies":[{"name":"wp","href":"https:\/\/api.w.org\/{rel}","templated":true}]}}