{"id":637820,"date":"2026-01-03T07:30:13","date_gmt":"2026-01-03T07:30:13","guid":{"rendered":"https:\/\/www.europesays.com\/fr\/637820\/"},"modified":"2026-01-03T07:30:13","modified_gmt":"2026-01-03T07:30:13","slug":"yemen-les-separatistes-annoncent-le-debut-dun-processus-vers-lindependance-du-sud-lhumanite","status":"publish","type":"post","link":"https:\/\/www.europesays.com\/fr\/637820\/","title":{"rendered":"Y\u00e9men : les s\u00e9paratistes annoncent le d\u00e9but d\u2019un processus vers l\u2019ind\u00e9pendance du Sud &#8211; L&#039;Humanit\u00e9"},"content":{"rendered":"<ol>\n<li><a href=\"https:\/\/news.google.com\/rss\/articles\/CBMixgFBVV95cUxOOVBlQzJpQkUwM0J2dVJVY3NmRjZYaTVoQTJGQUhBSVpCT2p4Sm81OTdZTE1EelBHNmloRUViekVEZ3UxMnpXMUFvUFJmNUJTcVFKYTk0NDBrMU9qWVVzOVJOS2FkSlZrRDdsNmNYMkpGbjdDRURxTzhIMElNZWRHZE81SUsxSGItaGJFQklSNDIzeGRLQUFtVmtKbUVoYjJhVlZ4QXpTQmd3S21nMjZtd2VsN3VId3JJc1hzbHc5ekxxVGFGSFE?oc=5\" target=\"_blank\" rel=\"noopener\">Y\u00e9men : les s\u00e9paratistes annoncent le d\u00e9but d\u2019un processus vers l\u2019ind\u00e9pendance du Sud<\/a>&nbsp;&nbsp;L&rsquo;Humanit\u00e9<\/li>\n<li><a href=\"https:\/\/news.google.com\/rss\/articles\/CBMiiwJBVV95cUxOOGZ1VW52Y1FTUWp1NUpDTFhhQk8wZXFyRHZ2bDd2LS04SzJLRkFYMHBXUmlKQVU1cEdjMEF4MUJXaTUwSzhrbmw3V252cm94bFY1RGdtaW9uTHltaXlFM1dzbzQ5ai1neU5Bd043UUxGdkh2djFmQWk1MGdOR185WWZvQlJGV1JVZUN1bVloSTdaU25oenlPY2ZYNWp1WHRSQnFPcVU0MUl1OWdTWEJXUnYyZXk0UUl3LTBHaU8xTjJBWUtDcGVUZnNLOFRDZnVtQTY3blJGMW53SmhxWVN5YlhtZUdJY3BQTFlzcnR2TlhEUm5lQ2puemU0RzJvdzVNdm1jcHN6cERVbFU?oc=5\" target=\"_blank\" rel=\"noopener\">Au Y\u00e9men, les s\u00e9paratistes, bombard\u00e9s par l\u2019Arabie saoudite, annoncent le d\u00e9but d\u2019un processus vers l\u2019ind\u00e9pendance du Sud<\/a>&nbsp;&nbsp;Le Monde.fr<\/li>\n<li><a href=\"https:\/\/news.google.com\/rss\/articles\/CBMiogJBVV95cUxPOWFFYTVwbUN6NDJDLXF3bWJsbVJQeVdlTW50Y05VMXlfSGM1Qi1MWkFRVTItWk9jc1I2ejJfZHJ4MFpYc2llSWlndjBKMUdEZlZodEh4VFFCaDhZSHlDYjVheEl3VUtGM2tEdjdZUFZWQU5IRjdjSmwwWl9sa0xpcFJDX2FXTWFHZFUzTmRzb1pEall6MkRMRjA1aE14blp1NUw1UzBIRkdsMU12UDR3ZTl4N2d3QXU4VkZjTXRmREZfSXRmQXBJNENOYi1iOGZ3ZDZ2QTFycjlETHlXc0hlbkpCaEZfU1U5bFVmZm5KczZrYkhKTjVtNVk1NWkxbm1kRXoyXzRJdjFOZS1lbHNTeURiUWhmX3RScFYycmtIVzZld9IBpwJBVV95cUxPUkprM1k3akpSYUFDU1dEeURLRF9qQURvTnpmV0xNY1l4RDVHdjBVT3dYQXBLcDV4b2VpQ0RTQXhpdlhUbERYcFBMNnVPWTlaZl8zWWZVai1IbTNZUHFUeGQyQ1F6UkE4dEt6UEFnNWVKcmZVU1d1SW84MW90VW1ybEJDTS0yWHRyQjJGVFkyX0ZKX21xTzZSZnRMY2ljOTFHanJ2bHhKcFoyWEJNazJNUVp1aVhMMXIyUE1DU3lTV3I0YjRkUmpkVE9SQnJkcnhvZndXMlVjbnlveDFwU3NKM085WDVvVUpvQTI1NU9kc3lRQ2QtQ2xqQjFsUHc3dHFocmo5R3VXbjBKTkhYV0tmZEdnS2FnZWNNR0pyS2dEc2dKaG9rc1Jj?oc=5\" target=\"_blank\" rel=\"noopener\">Y\u00e9men-Le gouvernement demande \u00e0 l&rsquo;Arabie saoudite d&rsquo;accueillir un forum d\u00e9di\u00e9 \u00e0 la situation dans le Sud<\/a>&nbsp;&nbsp;Boursorama<\/li>\n<li><a href=\"https:\/\/news.google.com\/rss\/articles\/CBMixAFBVV95cUxOZVlLU1BuVkM3S29HUE5wbldnTTVMRUZwNUZPNFZhMkc2U1MzYTdUaWs4RGN6RklwVmdKOHJTRmNlWE9ZQ3BHOHhwZjZCRUcybkdDRDhVSlBCTDdLeEVnaWhwWFVNLTNaNU11MU5MdDJwZnZ5Q1dxdVZwM1RJNTJGWFlKUGNJVnliSTMxX2lkOU9VeXZRWDFWTGs3QkNRc3VPNXRTMEg2Z2xkR0NvR3lhdDJwY2VMV2NzN0F1NU9hMEdXVEUt?oc=5\" target=\"_blank\" rel=\"noopener\">Y\u00e9men: les s\u00e9paratistes annoncent le d\u00e9but d&rsquo;un processus pour cr\u00e9er leur Etat<\/a>&nbsp;&nbsp;Actualit\u00e9s \u2013 Orange<\/li>\n<li><a href=\"https:\/\/news.google.com\/rss\/articles\/CBMivAFBVV95cUxPWDh1Slk1SEZFb0xOMV9oOUFJcEk5Y3R3LW1NSS1BQkZJVlV6UzR3eWxIa2hiZUxvM3dtTThURUxOVmNlVTRwek5ncUktUGhJLWlWMmQtWWdwS3BhZXdobDVRTUF5ODV2c1l2cm0tME1EYkJLR3cxS1ZvMndTTE56ZElCbUlSVkk2VDZtWjlzd2xXY0pfYk84bmFuRkNTckJkVWVhMXlWZEd6YWRHOVlpeE9COVN4NU9ZRFp6Qw?oc=5\" target=\"_blank\" rel=\"noopener\">Sept morts au Y\u00e9men apr\u00e8s des frappes de l\u2019Arabie saoudite contre les s\u00e9paratistes<\/a>&nbsp;&nbsp;20 Minutes<\/li>\n<\/ol>\n","protected":false},"excerpt":{"rendered":"Y\u00e9men : les s\u00e9paratistes annoncent le d\u00e9but d\u2019un processus vers l\u2019ind\u00e9pendance du Sud&nbsp;&nbsp;L&rsquo;Humanit\u00e9 Au Y\u00e9men, les s\u00e9paratistes, bombard\u00e9s&hellip;\n","protected":false},"author":2,"featured_media":637821,"comment_status":"","ping_status":"","sticky":false,"template":"","format":"standard","meta":{"footnotes":""},"categories":[5],"tags":[11,1011,27,14,12,28],"class_list":{"0":"post-637820","1":"post","2":"type-post","3":"status-publish","4":"format-standard","5":"has-post-thumbnail","7":"category-international","8":"tag-actualites","9":"tag-fr","10":"tag-france","11":"tag-international","12":"tag-news","13":"tag-world"},"share_on_mastodon":{"url":"https:\/\/pubeurope.com\/@fr\/115829999131072288","error":""},"_links":{"self":[{"href":"https:\/\/www.europesays.com\/fr\/wp-json\/wp\/v2\/posts\/637820","targetHints":{"allow":["GET"]}}],"collection":[{"href":"https:\/\/www.europesays.com\/fr\/wp-json\/wp\/v2\/posts"}],"about":[{"href":"https:\/\/www.europesays.com\/fr\/wp-json\/wp\/v2\/types\/post"}],"author":[{"embeddable":true,"href":"https:\/\/www.europesays.com\/fr\/wp-json\/wp\/v2\/users\/2"}],"replies":[{"embeddable":true,"href":"https:\/\/www.europesays.com\/fr\/wp-json\/wp\/v2\/comments?post=637820"}],"version-history":[{"count":0,"href":"https:\/\/www.europesays.com\/fr\/wp-json\/wp\/v2\/posts\/637820\/revisions"}],"wp:featuredmedia":[{"embeddable":true,"href":"https:\/\/www.europesays.com\/fr\/wp-json\/wp\/v2\/media\/637821"}],"wp:attachment":[{"href":"https:\/\/www.europesays.com\/fr\/wp-json\/wp\/v2\/media?parent=637820"}],"wp:term":[{"taxonomy":"category","embeddable":true,"href":"https:\/\/www.europesays.com\/fr\/wp-json\/wp\/v2\/categories?post=637820"},{"taxonomy":"post_tag","embeddable":true,"href":"https:\/\/www.europesays.com\/fr\/wp-json\/wp\/v2\/tags?post=637820"}],"curies":[{"name":"wp","href":"https:\/\/api.w.org\/{rel}","templated":true}]}}