{"id":637826,"date":"2026-01-03T07:33:11","date_gmt":"2026-01-03T07:33:11","guid":{"rendered":"https:\/\/www.europesays.com\/fr\/637826\/"},"modified":"2026-01-03T07:33:11","modified_gmt":"2026-01-03T07:33:11","slug":"a89-le-conducteur-du-corbillard-laisse-les-gendarmes-sans-voix-larticle-le-plus-lu-en-2025","status":"publish","type":"post","link":"https:\/\/www.europesays.com\/fr\/637826\/","title":{"rendered":"A89. Le conducteur du corbillard laisse les gendarmes sans voix, l&rsquo;article le plus lu en 2025"},"content":{"rendered":"<p>                    Par<br \/>\n        <strong><br \/>\n            <a href=\"https:\/\/actu.fr\/auteur\/julien-sournies\" title=\"Consulter tous les articles de Julien Sournies\" target=\"_blank\" rel=\"noopener\">Julien Sournies<\/a><br \/>\n                    <\/strong><\/p>\n<p>        Publi\u00e9 le<\/p>\n<p>            2 janv. 2026 \u00e0 12h07        <\/p>\n<p>[Alors que 2025 vient de toucher \u00e0 sa fin, c\u2019est le moment de se pencher sur l\u2019article qui a eu le plus de succ\u00e8s sur <a href=\"https:\/\/actu.fr\/saint-etienne\/\" target=\"_blank\" rel=\"noopener\">actu Saint-Etienne<\/a> l\u2019ann\u00e9e pass\u00e9e. Publi\u00e9 le 5 novembre 2025, l\u2019article \u00ab\u00a0A89. Le corbillard roule trop vite : les gendarmes ne sont pas au bout de leurs surprises\u00a0\u00bb est le plus lu de l\u2019ann\u00e9e, avec plus de 357 000 pages vues enregistr\u00e9es. Nous vous proposons de le (re) d\u00e9couvrir en ce d\u00e9but d\u2019ann\u00e9e 2026.]<\/p>\n<p>Un simple exc\u00e8s de vitesse au premier abord<\/p>\n<p class=\" wall-content\">L\u2019expression \u00ab\u2009rouler \u00e0 tombeau ouvert\u2009\u00bb n\u2019aura jamais aussi bien fonctionn\u00e9.<\/p>\n<p class=\" wall-content\">Durant ce week-end de la Toussaint, les gendarmes du Peloton motoris\u00e9 (PMO) de Noir\u00e9table ont arr\u00eat\u00e9\u2026 un <a href=\"https:\/\/actu.fr\/auvergne-rhone-alpes\/noiretable_42159\/a89-le-corbillard-roulait-trop-vite-les-gendarmes-pas-au-bout-de-leurs-surprises_63395552.html\" target=\"_blank\" rel=\"noopener\">corbillard\u2009<\/a>! L\u2019utilitaire a \u00e9t\u00e9 flash\u00e9 \u00e0 <strong>146 km\/h au lieu de 110<\/strong> sur l\u2019autoroute A89\u00a0dans la\u00a0<a href=\"https:\/\/actu.fr\/auvergne-rhone-alpes\/loire_42\" target=\"_blank\" rel=\"noopener\">Loire<\/a>.<\/p>\n<p class=\" wall-content\">Le v\u00e9hicule \u00e9tait \u00ab\u2009heureusement vide\u2009\u00bb, \u00e9crivent les militaires. Mais l\u2019histoire ne s\u2019arr\u00eate pas l\u00e0.<\/p>\n<p>Le conducteur positif aux stup\u00e9fiants et d\u00e9tenteur de produits illicites<\/p>\n<p class=\" wall-content\">Le conducteur \u00e9tait <strong>positif aux stup\u00e9fiants<\/strong> et d\u00e9tenteur de produits illicites. \u00ab\u2009Son passager, lui, aurait pu prendre le volant\u2026 s\u2019il n\u2019avait pas \u00e9t\u00e9 positif \u00e0 l\u2019alcool\u2009\u00bb, informe la gendarmerie.<\/p>\n<p class=\" wall-content\">Le corbillard a termin\u00e9 sa route sur le plateau d\u2019une d\u00e9panneuse. Le conducteur a \u00e9t\u00e9 plac\u00e9 en garde \u00e0 vue \u00e0 la brigade.<\/p>\n<p class=\" wall-content\">Personnalisez votre actualit\u00e9 en ajoutant vos villes et m\u00e9dias en favori avec <a href=\"https:\/\/moncompte.actu.fr\" title=\"D\u00e9couvez Mon Actu\" rel=\"nofollow noopener\" data-trk=\"{&quot;cta&quot;:{&quot;action&quot;:&quot;https:\\\/\\\/moncompte.actu.fr&quot;,&quot;category&quot;:&quot;mon compte&quot;,&quot;from&quot;:&quot;article footer&quot;,&quot;name&quot;:&quot;Mon actu&quot;,&quot;type&quot;:&quot;cta&quot;}}\" target=\"_blank\">Mon Actu<\/a>.<\/p>\n","protected":false},"excerpt":{"rendered":"Par Julien Sournies Publi\u00e9 le 2 janv. 2026 \u00e0 12h07 [Alors que 2025 vient de toucher \u00e0 sa&hellip;\n","protected":false},"author":2,"featured_media":637827,"comment_status":"","ping_status":"","sticky":false,"template":"","format":"standard","meta":{"footnotes":""},"categories":[9653],"tags":[1111,11,16528,2430,1777,674,5915,1011,27,3381,12,25,4001,104],"class_list":{"0":"post-637826","1":"post","2":"type-post","3":"status-publish","4":"format-standard","5":"has-post-thumbnail","7":"category-saint-etienne","8":"tag-actu","9":"tag-actualites","10":"tag-autoroute-89-a89","11":"tag-auvergne-rhone-alpes","12":"tag-eu","13":"tag-europe","14":"tag-exces-de-vitesse","15":"tag-fr","16":"tag-france","17":"tag-gendarmerie","18":"tag-news","19":"tag-republique-francaise","20":"tag-saint-etienne","21":"tag-societe"},"share_on_mastodon":{"url":"https:\/\/pubeurope.com\/@fr\/115830011015956818","error":""},"_links":{"self":[{"href":"https:\/\/www.europesays.com\/fr\/wp-json\/wp\/v2\/posts\/637826","targetHints":{"allow":["GET"]}}],"collection":[{"href":"https:\/\/www.europesays.com\/fr\/wp-json\/wp\/v2\/posts"}],"about":[{"href":"https:\/\/www.europesays.com\/fr\/wp-json\/wp\/v2\/types\/post"}],"author":[{"embeddable":true,"href":"https:\/\/www.europesays.com\/fr\/wp-json\/wp\/v2\/users\/2"}],"replies":[{"embeddable":true,"href":"https:\/\/www.europesays.com\/fr\/wp-json\/wp\/v2\/comments?post=637826"}],"version-history":[{"count":0,"href":"https:\/\/www.europesays.com\/fr\/wp-json\/wp\/v2\/posts\/637826\/revisions"}],"wp:featuredmedia":[{"embeddable":true,"href":"https:\/\/www.europesays.com\/fr\/wp-json\/wp\/v2\/media\/637827"}],"wp:attachment":[{"href":"https:\/\/www.europesays.com\/fr\/wp-json\/wp\/v2\/media?parent=637826"}],"wp:term":[{"taxonomy":"category","embeddable":true,"href":"https:\/\/www.europesays.com\/fr\/wp-json\/wp\/v2\/categories?post=637826"},{"taxonomy":"post_tag","embeddable":true,"href":"https:\/\/www.europesays.com\/fr\/wp-json\/wp\/v2\/tags?post=637826"}],"curies":[{"name":"wp","href":"https:\/\/api.w.org\/{rel}","templated":true}]}}