{"id":637832,"date":"2026-01-03T07:36:10","date_gmt":"2026-01-03T07:36:10","guid":{"rendered":"https:\/\/www.europesays.com\/fr\/637832\/"},"modified":"2026-01-03T07:36:10","modified_gmt":"2026-01-03T07:36:10","slug":"ce-quil-est-encore-possible-de-faire","status":"publish","type":"post","link":"https:\/\/www.europesays.com\/fr\/637832\/","title":{"rendered":"ce qu&rsquo;il est encore possible de faire"},"content":{"rendered":"<p>                    Par<br \/>\n        <strong><br \/>\n            <a href=\"https:\/\/actu.fr\/auteur\/amandine-mehl\" title=\"Consulter tous les articles de Amandine Mehl\" target=\"_blank\" rel=\"noopener\">Amandine Mehl<\/a><br \/>\n                    <\/strong><\/p>\n<p>        Publi\u00e9 le<\/p>\n<p>            3 janv. 2026 \u00e0 7h02        <\/p>\n<p>Si <strong>No\u00ebl<\/strong> et <a href=\"https:\/\/actu.fr\/faits-divers\/nouvel-an-dans-le-grand-nancy-voitures-brulees-interpellation-d-un-mineur-le-bilan-de-la-soiree_63643928.html\" target=\"_blank\" rel=\"noopener\">Nouvel An<\/a> sont pass\u00e9s, la magie des F\u00eates de <a href=\"https:\/\/actu.fr\/tag\/saint-nicolas\" target=\"_blank\" rel=\"noopener\">Saint-Nicolas<\/a> continue \u00e0 <strong>Nancy<\/strong>. Concr\u00e8tement, il vous reste <strong>jusqu\u2019au dimanche 4\u00a0janvier 2026<\/strong> pour en profiter.<\/p>\n<p class=\" wall-content\">Voici ce que vous ne devez pas manquer.<\/p>\n<p>Faire un tour sur les villages de Saint-Nicolas encore ouverts<\/p>\n<p class=\" wall-content\">Pour simplement fl\u00e2ner ou vous restaurer, vous pouvez vous diriger vers les <a href=\"https:\/\/actu.fr\/grand-est\/nancy_54395\/fetes-de-saint-nicolas-a-nancy-decouvrez-les-villages-annonces-pour-2025_63421948.html\" target=\"_blank\" rel=\"noopener\">villages<\/a>. Hormis le Grand Village de Saint-Nicolas place Charles III, les autres <strong>restent ouverts<\/strong> jusqu\u2019au 4 janvier 2026.<\/p>\n<p class=\" wall-content\">L\u2019occasion \u00e9galement de faire un dernier tour de grande roue mais aussi de profiter de la <a href=\"https:\/\/actu.fr\/grand-est\/nancy_54395\/fetes-de-saint-nicolas-2025-a-nancy-une-patinoire-en-glace-naturelle-va-faire-son-retour-voici-ou_63410637.html\" target=\"_blank\" rel=\"noopener\">patinoire<\/a>.<\/p>\n<p>Re(voir) le nouveau son et lumi\u00e8re place Stanislas<\/p>\n<p class=\" wall-content\">Cette ann\u00e9e, la place Stanislas est le th\u00e9\u00e2tre d\u2019un <a href=\"https:\/\/actu.fr\/grand-est\/nancy_54395\/fetes-de-saint-nicolas-2025-a-nancy-le-theme-du-nouveau-son-et-lumiere-devoile_63411398.html\" target=\"_blank\" rel=\"noopener\">nouveau son et lumi\u00e8re<\/a> sur la l\u00e9gende de Saint-Nicolas.<\/p>\n<p class=\" wall-content\">Un spectacle inspir\u00e9 des <strong>premiers jeux vid\u00e9o<\/strong> et de la <strong>culture num\u00e9rique<\/strong> qui joue sur les codes du 8-bit et du r\u00e9tro-gaming.<\/p>\n<p>Re(d\u00e9couvrir) le parcours artistique<\/p>\n<p class=\" wall-content\">Autre nouveaut\u00e9 encore visible cette ann\u00e9e\u2009: le <strong>parcours artistique<\/strong> comprenant des <a href=\"https:\/\/actu.fr\/grand-est\/nancy_54395\/fetes-de-saint-nicolas-2025-un-nouveau-parcours-artistique-avec-des-oeuvres-monumentales-attendu-a-nancy_63422128.html\" target=\"_blank\" rel=\"noopener\">\u0153uvres monumentales<\/a>.<\/p>\n<p>Votre r\u00e9gion, votre actu !<\/p>\n<p>Recevez chaque jour les infos qui comptent pour vous.<\/p>\n<p>\t<a href=\"https:\/\/actu.fr\/newsletter\" class=\"ac-btn ac-btn--corner ac-btn--medium ac-btn--blue800\" target=\"_blank\" rel=\"noopener\">S&rsquo;incrire<\/a><\/p>\n<p class=\" wall-content\">Si vous souhaitez le (re)d\u00e9couvrir, suivez les installations lumineuses <strong>rues Saint-Jean et Saint-Georges<\/strong>, arr\u00eatez-vous <strong>place du Colonel-Driant<\/strong> pour admirer la grande arche, passez sous la <strong>porte Saint-Georges<\/strong> o\u00f9 se trouve une installation immersive, visuelle et sonore, poursuivez <strong>place de la Division de Fer<\/strong> avec les cinq installations monumentales propos\u00e9es par la compagnie Tilt et terminez par les sculptures flottantes au <strong>port Sainte-Catherine<\/strong>.<\/p>\n<p class=\" wall-content\">Personnalisez votre actualit\u00e9 en ajoutant vos villes et m\u00e9dias en favori avec <a href=\"https:\/\/moncompte.actu.fr\" title=\"D\u00e9couvez Mon Actu\" rel=\"nofollow noopener\" data-trk=\"{&quot;cta&quot;:{&quot;action&quot;:&quot;https:\\\/\\\/moncompte.actu.fr&quot;,&quot;category&quot;:&quot;mon compte&quot;,&quot;from&quot;:&quot;article footer&quot;,&quot;name&quot;:&quot;Mon actu&quot;,&quot;type&quot;:&quot;cta&quot;}}\" target=\"_blank\">Mon Actu<\/a>.<\/p>\n","protected":false},"excerpt":{"rendered":"Par Amandine Mehl Publi\u00e9 le 3 janv. 2026 \u00e0 7h02 Si No\u00ebl et Nouvel An sont pass\u00e9s, la&hellip;\n","protected":false},"author":2,"featured_media":637833,"comment_status":"","ping_status":"","sticky":false,"template":"","format":"standard","meta":{"footnotes":""},"categories":[9635],"tags":[1111,11,1777,674,1011,27,775,1652,1702,12,25,14334],"class_list":{"0":"post-637832","1":"post","2":"type-post","3":"status-publish","4":"format-standard","5":"has-post-thumbnail","7":"category-nancy","8":"tag-actu","9":"tag-actualites","10":"tag-eu","11":"tag-europe","12":"tag-fr","13":"tag-france","14":"tag-grand-est","15":"tag-loisirs-culture","16":"tag-nancy","17":"tag-news","18":"tag-republique-francaise","19":"tag-saint-nicolas"},"share_on_mastodon":{"url":"https:\/\/pubeurope.com\/@fr\/115830022763709673","error":""},"_links":{"self":[{"href":"https:\/\/www.europesays.com\/fr\/wp-json\/wp\/v2\/posts\/637832","targetHints":{"allow":["GET"]}}],"collection":[{"href":"https:\/\/www.europesays.com\/fr\/wp-json\/wp\/v2\/posts"}],"about":[{"href":"https:\/\/www.europesays.com\/fr\/wp-json\/wp\/v2\/types\/post"}],"author":[{"embeddable":true,"href":"https:\/\/www.europesays.com\/fr\/wp-json\/wp\/v2\/users\/2"}],"replies":[{"embeddable":true,"href":"https:\/\/www.europesays.com\/fr\/wp-json\/wp\/v2\/comments?post=637832"}],"version-history":[{"count":0,"href":"https:\/\/www.europesays.com\/fr\/wp-json\/wp\/v2\/posts\/637832\/revisions"}],"wp:featuredmedia":[{"embeddable":true,"href":"https:\/\/www.europesays.com\/fr\/wp-json\/wp\/v2\/media\/637833"}],"wp:attachment":[{"href":"https:\/\/www.europesays.com\/fr\/wp-json\/wp\/v2\/media?parent=637832"}],"wp:term":[{"taxonomy":"category","embeddable":true,"href":"https:\/\/www.europesays.com\/fr\/wp-json\/wp\/v2\/categories?post=637832"},{"taxonomy":"post_tag","embeddable":true,"href":"https:\/\/www.europesays.com\/fr\/wp-json\/wp\/v2\/tags?post=637832"}],"curies":[{"name":"wp","href":"https:\/\/api.w.org\/{rel}","templated":true}]}}