{"id":637836,"date":"2026-01-03T07:40:15","date_gmt":"2026-01-03T07:40:15","guid":{"rendered":"https:\/\/www.europesays.com\/fr\/637836\/"},"modified":"2026-01-03T07:40:15","modified_gmt":"2026-01-03T07:40:15","slug":"montpellier-sud-cambaceres-et-cite-creative-ces-quartiers-qui-vont-se-developper-le-plus-en-2026","status":"publish","type":"post","link":"https:\/\/www.europesays.com\/fr\/637836\/","title":{"rendered":"Montpellier Sud, Cambac\u00e9r\u00e8s et Cit\u00e9 Cr\u00e9ative\u00a0: ces quartiers qui vont se d\u00e9velopper le plus en 2026"},"content":{"rendered":"<p>\n                                                                Cit\u00e9 de l\u2019alimentation et centre de secours \u00e0 Montpellier Sud, Campus Anima et Halle Nova \u00e0 Cambac\u00e9r\u00e8s, Ateliers et Cocon \u00e0 la Cit\u00e9 Cr\u00e9ative\u2026 Plusieurs milliers de logements poussent aussi de ces quartiers.\n                            <\/p>\n<p>8\u00a0000 logements vont sortir de terre \u00e0 Montpellier Sud<\/p>\n<p>Ne l\u2019appelez plus Restanque mais Montpellier Sud\u00a0! Dans les quinze ans \u00e0 venir, ce vaste quartier est un de ceux qui vont le plus se transformer. Dans un quartier imperm\u00e9abilis\u00e9 \u00e0 91\u00a0%, la d\u00e9simperm\u00e9abilisation de 25 hectares permet de construire sur des friches industrielles et commerciales.<\/p>\n<p>Apr\u00e8s le parc Nino Ferrer sur 7\u00a0000\u00a0m2, la Fabrique de r\u00e9emploi et le p\u00f4le m\u00e9dia, c\u2019est la construction de 8\u00a0000 logements neufs qui est programm\u00e9e d\u2019ici 2042. Un millier a \u00e9t\u00e9 livr\u00e9, et 300 sont en chantier. Ils incluent la r\u00e9habilitation de r\u00e9sidences ACM.<\/p>\n<p>La cr\u00e9ation de 150\u00a0000\u00a0m2 de surfaces commerciales est \u00e9galement act\u00e9e, notamment autour du March\u00e9 d\u2019int\u00e9r\u00eat national et des secteurs Tournezy et Saint-Martin. La cr\u00e9ation d\u2019un kilom\u00e8tre de pistes cyclables est pr\u00e9vue avenue du march\u00e9 Gare.<\/p>\n<p class=\"txt-question\">La Cit\u00e9 de l\u2019alimentation en novembre\u00a02027<\/p>\n<p>        <img decoding=\"async\" class=\"std-img__img responsive-img\" src=\"https:\/\/www.europesays.com\/fr\/wp-content\/uploads\/2026\/01\/1767426012_869_image.jpg\" alt=\"Une vue de la future Cit\u00e9 de l\u2019alimentation.\"\/><\/p>\n<p>                Une vue de la future Cit\u00e9 de l\u2019alimentation.<br \/>\n                                    DR &#8211; DR<\/p>\n<p>C\u2019est parti pour trois ans de travaux au march\u00e9 gare\u00a0! La Cit\u00e9 de l\u2019alimentation, dont la premi\u00e8re pierre a \u00e9t\u00e9 pos\u00e9e il y a tout juste un mois, sera achev\u00e9e fin 2027. Elle prendra la suite de la vieille \u00ab\u00a0cuisine centrale\u00a0\u00bb, en fonctionnement depuis 1982 et d\u00e9sormais obsol\u00e8te.<\/p>\n<p>16000 repas seront pr\u00e9par\u00e9s chaque jour au March\u00e9 Gare et livr\u00e9s d\u00e8s la rentr\u00e9e 2028. Il comprendra une m\u00fbrisserie pour les fruits, un atelier de production pour les desserts et des quais et aires de man\u0153uvres plus modernes pour la r\u00e9ception et la livraison.<\/p>\n<p>Les enfants pourront y suivre la pr\u00e9paration des repas, mais aussi des cours de cuisine et planter des v\u00e9g\u00e9taux dans un jardin potager de 500\u00a0m2. D\u2019o\u00f9 son nom de Cit\u00e9 de l\u2019alimentation. Le budget de cet \u00e9quipement avoisine les 60\u00a0M\u20ac.<\/p>\n<p class=\"txt-question\">Le centre de secours bient\u00f4t achev\u00e9<\/p>\n<p>        <img decoding=\"async\" class=\"std-img__img responsive-img\" src=\"https:\/\/www.europesays.com\/fr\/wp-content\/uploads\/2026\/01\/1767426013_89_image.png\" alt=\"Le futur centre de secours de Montpellier Sud.\"\/><\/p>\n<p>                Le futur centre de secours de Montpellier Sud.<br \/>\n                                    DR &#8211; DR<\/p>\n<p>On en parlait depuis seize ans\u00a0! Les travaux du troisi\u00e8me centre de secours de Montpellier avaient enfin \u00e9t\u00e9 lanc\u00e9s en juin\u00a02024, rue du Mas Saint-Pierre. L\u2019inauguration est pr\u00e9vue lors du premier trimestre 2026.<\/p>\n<p>Il va permettre de soulager les deux centres de secours de Montaub\u00e9rou et la Paillade, et de mieux couvrir le sud de Montpellier, mais aussi Lattes et P\u00e9rols. D\u2019un co\u00fbt de 14\u00a0M\u20ac, il est financ\u00e9 \u00e0 80\u00a0% par le D\u00e9partement et \u00e0 20\u00a0% par la M\u00e9tropole (qui a fourni le terrain). Un quatri\u00e8me centre de secours est d\u00e9j\u00e0 programm\u00e9 \u00e0 Montferrier-sur-Lez.<\/p>\n<p>Cambac\u00e9r\u00e8s en pointe sur l\u2019innovation<\/p>\n<p>        <img decoding=\"async\" class=\"std-img__img responsive-img\" src=\"https:\/\/www.europesays.com\/fr\/wp-content\/uploads\/2026\/01\/1767426015_222_image.png\" alt=\"Le futur Campus Anima.\"\/><\/p>\n<p>                Le futur Campus Anima.<br \/>\n                                    DR &#8211; DR<\/p>\n<p>Enfin desservie par le tramway gr\u00e2ce \u00e0 l\u2019extension de la ligne 1, la gare Sud de France se transforme en v\u00e9ritable p\u00f4le d\u2019\u00e9change multimodal. Et Cambac\u00e9r\u00e8s devient le p\u00f4le d\u2019innovation de la M\u00e9tropole. De nombreuses entreprises et formations y sont d\u00e9j\u00e0 implant\u00e9es, et cela va encore se renforcer dans les ann\u00e9es qui viennent.<\/p>\n<p>Actuellement, le chantier du futur campus Anima bat son plein, face au lyc\u00e9e Pierre-Mend\u00e8s-France. \u00c0 son ouverture, au printemps 2027, il regroupera le si\u00e8ge de la CCI H\u00e9rault, MBS School of Business, l\u2019\u00e9tablissement de la CCI Occitanie, et enfin le CFA et le si\u00e8ge r\u00e9gional de Purple Campus.<\/p>\n<p>Anima se composera de trois b\u00e2timents en R +\u00a07, deux niveaux de sous-sols et 55\u00a0300\u00a0m2 de surface totale. Soit un des plus gros projets d\u2019Occitanie\u00a0! Le budget de 108\u00a0M\u20ac a \u00e9t\u00e9 boucl\u00e9 gr\u00e2ce \u00e0 60\u00a0M\u20ac d\u2019emprunts bancaires.<\/p>\n<p>Parmi les nombreux autres b\u00e2timents qui sortent de terre, citons la Halle Nova Market, qui sera livr\u00e9e en septembre\u00a02026. Adoss\u00e9 au parc de la Mog\u00e8re, poumon vert du quartier, le b\u00e2timent se composera d\u2019une halle gourmande, de restaurants et commerces, de patios et serres v\u00e9g\u00e9talis\u00e9s.<\/p>\n<p>La Cit\u00e9 Cr\u00e9ative poursuit sa mue<\/p>\n<p>        <img decoding=\"async\" class=\"std-img__img responsive-img\" src=\"https:\/\/www.europesays.com\/fr\/wp-content\/uploads\/2026\/01\/1767426015_736_image.jpg\" alt=\"Les futurs Ateliers, d\u00e9di\u00e9 au jeu vid\u00e9o.\"\/><\/p>\n<p>                Les futurs Ateliers, d\u00e9di\u00e9 au jeu vid\u00e9o.<br \/>\n                                    DR &#8211; Antonini architecte &amp; associ\u00e9s<\/p>\n<p>L\u2019ancien site militaire de l\u2019\u00c9cole d\u2019application de l\u2019infanterie (1967-2010) poursuit sa mue vers les Industries Culturelles et Cr\u00e9atives (ICC).<\/p>\n<p>Plus de 30\u00a0000 m\u00b2 d\u2019activit\u00e9s tertiaires et commerciales et plus de 2\u00a0000 logements (dont 33\u00a0% de logements sociaux) sortent de terre sur ce site desservi par la ligne 5 de tramway.<\/p>\n<p>D\u00e8s cette ann\u00e9e, les Ateliers, d\u00e9di\u00e9s au secteur du jeu vid\u00e9o et des effets sp\u00e9ciaux, permettront d\u2019am\u00e9nager plus de 6\u00a0000 m\u00b2 de bureaux et studios. Une petite partie des 35\u00a0000 m\u00b2 cr\u00e9\u00e9s d\u2019ici 2030.<\/p>\n<p>Autre r\u00e9alisation majeure lanc\u00e9e, celle du Cocon. Il disposera de studios de danse pour l\u2019\u00e9cole Epsedance, de studios de son mis \u00e0 la disposition des \u00e9tudiants et des entreprises des ICC, de bureaux pour ces entreprises, d\u2019un restaurant en rooftop, ainsi que d\u2019une galerie d\u2019art et d\u2019une salle de spectacle.<\/p>\n<p>De nombreuses r\u00e9sidences vont aussi sortir de terre, dont 93 logements participatifs \u00e0 c\u00f4t\u00e9 de la Halle Tropisme, dans ce quartier qui accueillera 7\u00a0000 habitants \u00e0 terme.<\/p>\n<p>Taillandier Architectes Associ\u00e9s et les paysagistes-urbanistes de Coloco ont sign\u00e9 ce design audacieux. Co\u00fbt des b\u00e2timents\u00a0: 90\u00a0M\u20ac.<\/p>\n","protected":false},"excerpt":{"rendered":"Cit\u00e9 de l\u2019alimentation et centre de secours \u00e0 Montpellier Sud, Campus Anima et Halle Nova \u00e0 Cambac\u00e9r\u00e8s, Ateliers&hellip;\n","protected":false},"author":2,"featured_media":637837,"comment_status":"","ping_status":"","sticky":false,"template":"","format":"standard","meta":{"footnotes":""},"categories":[9599],"tags":[1111,11,1777,674,1011,27,7089,2208,12,2680,25,1857,1352],"class_list":{"0":"post-637836","1":"post","2":"type-post","3":"status-publish","4":"format-standard","5":"has-post-thumbnail","7":"category-montpellier","8":"tag-actu","9":"tag-actualites","10":"tag-eu","11":"tag-europe","12":"tag-fr","13":"tag-france","14":"tag-herault","15":"tag-montpellier","16":"tag-news","17":"tag-occitanie","18":"tag-republique-francaise","19":"tag-sociu00e9tu00e9","20":"tag-urbanisme"},"share_on_mastodon":{"url":"https:\/\/pubeurope.com\/@fr\/115830038605790404","error":""},"_links":{"self":[{"href":"https:\/\/www.europesays.com\/fr\/wp-json\/wp\/v2\/posts\/637836","targetHints":{"allow":["GET"]}}],"collection":[{"href":"https:\/\/www.europesays.com\/fr\/wp-json\/wp\/v2\/posts"}],"about":[{"href":"https:\/\/www.europesays.com\/fr\/wp-json\/wp\/v2\/types\/post"}],"author":[{"embeddable":true,"href":"https:\/\/www.europesays.com\/fr\/wp-json\/wp\/v2\/users\/2"}],"replies":[{"embeddable":true,"href":"https:\/\/www.europesays.com\/fr\/wp-json\/wp\/v2\/comments?post=637836"}],"version-history":[{"count":0,"href":"https:\/\/www.europesays.com\/fr\/wp-json\/wp\/v2\/posts\/637836\/revisions"}],"wp:featuredmedia":[{"embeddable":true,"href":"https:\/\/www.europesays.com\/fr\/wp-json\/wp\/v2\/media\/637837"}],"wp:attachment":[{"href":"https:\/\/www.europesays.com\/fr\/wp-json\/wp\/v2\/media?parent=637836"}],"wp:term":[{"taxonomy":"category","embeddable":true,"href":"https:\/\/www.europesays.com\/fr\/wp-json\/wp\/v2\/categories?post=637836"},{"taxonomy":"post_tag","embeddable":true,"href":"https:\/\/www.europesays.com\/fr\/wp-json\/wp\/v2\/tags?post=637836"}],"curies":[{"name":"wp","href":"https:\/\/api.w.org\/{rel}","templated":true}]}}