{"id":637838,"date":"2026-01-03T07:41:21","date_gmt":"2026-01-03T07:41:21","guid":{"rendered":"https:\/\/www.europesays.com\/fr\/637838\/"},"modified":"2026-01-03T07:41:21","modified_gmt":"2026-01-03T07:41:21","slug":"les-gens-veulent-se-rapprocher-du-vert-a-clermont-lherault-une-population-en-hausse-renforcee-par-la-proximite-avec-montpellier","status":"publish","type":"post","link":"https:\/\/www.europesays.com\/fr\/637838\/","title":{"rendered":"\u00ab\u00a0Les gens veulent se rapprocher du vert\u00a0\u00bb\u00a0: \u00e0 Clermont-l\u2019H\u00e9rault, une population en hausse renforc\u00e9e par la proximit\u00e9 avec Montpellier"},"content":{"rendered":"<p>\n                                                                La croissance d\u00e9mographique de Clermont-l\u2019H\u00e9rault s\u2019acc\u00e9l\u00e8re, avec 9\u00a0461 habitants en 2023, soit 609 de plus qu\u2019en 2017. Cette attractivit\u00e9 se traduit notamment par une tension sur le march\u00e9 immobilier.\n                            <\/p>\n<p>Situ\u00e9e \u00e0 une quarantaine de minutes de la m\u00e9tropole de Montpellier, Clermont-l\u2019H\u00e9rault\u00a0comptait 9\u00a0461 habitants au 1er\u00a0janvier 2023. Un chiffre en hausse de 609 habitants par rapport \u00e0 2017 et de 1\u00a0240 depuis 2012.<\/p>\n<p>Cette \u00e9volution se ressent dans les rues. Le matin du march\u00e9, habitants et touristes arpentent les all\u00e9es pour faire leurs courses. Patrick Pag\u00e8s, pr\u00e9sent sur le march\u00e9 depuis plusieurs ann\u00e9es, observe cette transformation. Natif de Clermont-l\u2019H\u00e9rault, il t\u00e9moigne\u00a0: \u00ab\u00a0Je suis ici depuis 59 ans. La population a \u00e9norm\u00e9ment augment\u00e9, on le ressent.\u00a0\u00bb\u00a0Il nuance toutefois\u00a0: \u00ab\u00a0Au niveau du march\u00e9, \u00e7a a plut\u00f4t baiss\u00e9. Les gens vont davantage dans les grandes surfaces. Mais on a quand m\u00eame une client\u00e8le fid\u00e8le, surtout des habitants d\u2019ici.\u00a0\u00bb<\/p>\n<p>        <img decoding=\"async\" class=\"std-img__img responsive-img\" src=\"https:\/\/www.europesays.com\/fr\/wp-content\/uploads\/2026\/01\/1767426081_21_image.jpg\" alt=\"La commune a connu une croissance d\u00e9mographique depuis 2017.\"\/><\/p>\n<p>                La commune a connu une croissance d\u00e9mographique depuis 2017.<\/p>\n<p>En progressant dans le centre-ville, les commer\u00e7ants partagent ce constat. Une coiffeuse qui travaille \u00e0 Clermont-l\u2019H\u00e9rault depuis 2001 confie\u00a0: \u00ab\u00a0J\u2019ai remarqu\u00e9 qu\u2019il y avait plus de monde. On compte quelques nouveaux clients r\u00e9guliers, qui sont aussi des nouveaux r\u00e9sidents.\u00a0\u00bb<\/p>\n<p>Cette attractivit\u00e9 se refl\u00e8te aussi dans l\u2019immobilier. \u00ab\u00a0Depuis le Covid, beaucoup de personnes sont arriv\u00e9es d\u2019autres r\u00e9gions, confie une agente immobili\u00e8re. Ce sont surtout des personnes qui voulaient se rapprocher des paysages verts.\u00a0\u00bb<\/p>\n<p>Un march\u00e9 immobilier sous tension<\/p>\n<p>Si quelques constructions ont vu le jour ces derni\u00e8res ann\u00e9es, elles restent limit\u00e9es.\u00a0\u00bbCe sont principalement des\u00a0bailleurs sociaux, explique son coll\u00e8gue, Jean-Philippe Pascal.\u00a0En ce qui concerne la location, il y a une tension sur le march\u00e9 et beaucoup de demandes. En investissant ici, on est s\u00fbr de pouvoir louer.\u00a0Cela se joue surtout sur l\u2019activit\u00e9 \u00e9conomique. C\u2019est une ville plus attractive que Lod\u00e8ve.\u00a0\u00bb<\/p>\n<p class=\"std-elt__inline\">\n        <strong>\u00c0 lire aussi :<\/strong><br \/>\n        <a href=\"https:\/\/www.midilibre.fr\/2026\/01\/02\/il-faudrait-redynamiser-la-ville-a-lodeve-la-baisse-de-la-population-fragilise-leconomie-locale-13137311.php\" target=\"_blank\" rel=\"noopener\">\u00ab\u00a0Il faudrait redynamiser la ville\u00a0\u00bb\u00a0: \u00e0 Lod\u00e8ve, la baisse de la population fragilise l\u2019\u00e9conomie locale<\/a>\n    <\/p>\n<p>Vivre \u00e0 Clermont-l\u2019H\u00e9rault, travailler \u00e0 Montpellier<\/p>\n<p>Cette dynamique s\u2019explique en grande partie par la situation g\u00e9ographique de la commune.\u00a0\u00ab\u00a0Certains\u00a0s\u2019installent ici parce qu\u2019il y a une autoroute qui va \u00e0 B\u00e9ziers et une autre \u00e0 Montpellier. Ils travaillent souvent \u00e0 Montpellier mais se logent \u00e0 Clermont-l\u2019H\u00e9rault pour payer moins cher\u00a0\u00bb, poursuit l\u2019agent immobilier.<\/p>\n<p>Entre croissance d\u00e9mographique et attractivit\u00e9, Clermont-l\u2019H\u00e9rault a connu un d\u00e9veloppement marqu\u00e9 ces derni\u00e8res ann\u00e9es, une trajectoire qui semble se poursuivre.<\/p>\n","protected":false},"excerpt":{"rendered":"La croissance d\u00e9mographique de Clermont-l\u2019H\u00e9rault s\u2019acc\u00e9l\u00e8re, avec 9\u00a0461 habitants en 2023, soit 609 de plus qu\u2019en 2017. Cette&hellip;\n","protected":false},"author":2,"featured_media":637839,"comment_status":"","ping_status":"","sticky":false,"template":"","format":"standard","meta":{"footnotes":""},"categories":[9599],"tags":[1111,11,73060,13029,1777,674,1011,27,7089,2208,12,2680,25,1857],"class_list":{"0":"post-637838","1":"post","2":"type-post","3":"status-publish","4":"format-standard","5":"has-post-thumbnail","7":"category-montpellier","8":"tag-actu","9":"tag-actualites","10":"tag-clermontlherault","11":"tag-du00e9mographie","12":"tag-eu","13":"tag-europe","14":"tag-fr","15":"tag-france","16":"tag-herault","17":"tag-montpellier","18":"tag-news","19":"tag-occitanie","20":"tag-republique-francaise","21":"tag-sociu00e9tu00e9"},"share_on_mastodon":{"url":"https:\/\/pubeurope.com\/@fr\/115830042370520200","error":""},"_links":{"self":[{"href":"https:\/\/www.europesays.com\/fr\/wp-json\/wp\/v2\/posts\/637838","targetHints":{"allow":["GET"]}}],"collection":[{"href":"https:\/\/www.europesays.com\/fr\/wp-json\/wp\/v2\/posts"}],"about":[{"href":"https:\/\/www.europesays.com\/fr\/wp-json\/wp\/v2\/types\/post"}],"author":[{"embeddable":true,"href":"https:\/\/www.europesays.com\/fr\/wp-json\/wp\/v2\/users\/2"}],"replies":[{"embeddable":true,"href":"https:\/\/www.europesays.com\/fr\/wp-json\/wp\/v2\/comments?post=637838"}],"version-history":[{"count":0,"href":"https:\/\/www.europesays.com\/fr\/wp-json\/wp\/v2\/posts\/637838\/revisions"}],"wp:featuredmedia":[{"embeddable":true,"href":"https:\/\/www.europesays.com\/fr\/wp-json\/wp\/v2\/media\/637839"}],"wp:attachment":[{"href":"https:\/\/www.europesays.com\/fr\/wp-json\/wp\/v2\/media?parent=637838"}],"wp:term":[{"taxonomy":"category","embeddable":true,"href":"https:\/\/www.europesays.com\/fr\/wp-json\/wp\/v2\/categories?post=637838"},{"taxonomy":"post_tag","embeddable":true,"href":"https:\/\/www.europesays.com\/fr\/wp-json\/wp\/v2\/tags?post=637838"}],"curies":[{"name":"wp","href":"https:\/\/api.w.org\/{rel}","templated":true}]}}