{"id":637843,"date":"2026-01-03T07:46:14","date_gmt":"2026-01-03T07:46:14","guid":{"rendered":"https:\/\/www.europesays.com\/fr\/637843\/"},"modified":"2026-01-03T07:46:14","modified_gmt":"2026-01-03T07:46:14","slug":"je-nimagine-pas-ma-vie-ailleurs-aujourdhui-irina-babchenko-la-refugiee-ukrainienne-qui-a-adopte-rennes-pour-de-bon","status":"publish","type":"post","link":"https:\/\/www.europesays.com\/fr\/637843\/","title":{"rendered":"\u00ab\u00a0Je n\u2019imagine pas ma vie ailleurs\u00a0aujourd&rsquo;hui \u00bb\u00a0: Irina Babchenko, la r\u00e9fugi\u00e9e ukrainienne qui a adopt\u00e9 Rennes pour de bon"},"content":{"rendered":"<p>Alors, lorsque j\u2019ai d\u00e9couvert Rennes, il y avait beaucoup de monde, tout \u00e0 coup. Depuis la place Hoche, j\u2019ai descendu la rue Le Bastard jusqu\u2019\u00e0 R\u00e9publique. Et l\u00e0, j\u2019ai vu toutes ces boutiques. C\u2019\u00e9tait impressionnant. Mais je n\u2019y suis pas entr\u00e9e. Au d\u00e9but, on ne sait jamais combien de temps on va rester. Alors il vaut mieux \u00e9conomiser. Maintenant qu\u2019on est install\u00e9s, on se permet un peu plus. Peut-\u00eatre parfois un peu trop !<\/p>\n<blockquote><p>J\u2019ai la sensation que Rennes m\u2019a redonn\u00e9 ce que j\u2019avais perdu en Ukraine<\/p><\/blockquote>\n<p>Quand on a vraiment pos\u00e9 nos valises \u00e0 Rennes, en ao\u00fbt 2022, on a commenc\u00e9 \u00e0 explorer la ville avec mon fils. On a beaucoup march\u00e9. J\u2019ai d\u00e9couvert ce c\u00f4t\u00e9 vieille ville, avec son architecture si diff\u00e9rente de celle de Kharkiv, beaucoup plus moderne, plus r\u00e9cente. Ce que je pr\u00e9f\u00e8re, c\u2019est le parc du Thabor. Ses immenses arbres, son calme. \u00c0 force d\u2019y aller, on conna\u00eet tous les sentiers par c\u0153ur. Aujourd\u2019hui, avant d\u2019aller au travail, je me permets encore quelques moments comme \u00e7a, \u00e0 fl\u00e2ner dans le centre-ville. Parfois, je m\u2019arr\u00eate \u00e0 une terrasse, juste pour observer.<\/p>\n<p><strong><strong><strong><strong>\u00ab Comment je suis devenu rennais \u00bb, un dossier \u00e0 retrouver dans le Mensuel de Rennes de janvier<\/strong><\/strong><\/strong><\/strong><br \/>Chaque ann\u00e9e, des milliers de personnes s\u2019installent \u00e0 Rennes. Comment devient-on pleinement membre de la cit\u00e9 ? Des personnalit\u00e9s de la ville, qui furent un jour de nouveaux arrivants, livrent au Mensuel de Rennes le r\u00e9cit intime de leur parcours d\u2019habitant, du tout premier jour \u00e0 aujourd\u2019hui. \u00c0 retrouver dans les kiosques ce vendredi 2 janvier.<\/p>\n<p>Mes souvenirs les plus marquants<img decoding=\"async\" src=\"https:\/\/www.europesays.com\/fr\/wp-content\/uploads\/2026\/01\/695816dd4b144b80e10e762e.1.jpeg\" width=\"480\" height=\"300\" class=\"web_golden_m\" loading=\"lazy\" alt=\"Irina a rapidement d\u00e9couvert les joies du c\u00e9l\u00e8bre parc du Thabor, \u00e0 la lisi\u00e8re du centre historique de Rennes.\"\/>Irina a rapidement d\u00e9couvert les joies du c\u00e9l\u00e8bre parc du Thabor, \u00e0 la lisi\u00e8re du centre historique de Rennes. (David Brunet\/Le Mensuel de Rennes)<\/p>\n<p>Jusqu\u2019\u00e0 mes 21 ans, j\u2019\u00e9tais patineuse professionnelle, puis entra\u00eeneuse. Le patinage, c\u2019est vraiment tout pour moi. C\u2019\u00e9tait dur d\u2019\u00eatre \u00e9loign\u00e9e de la glace. Je me souviens de la premi\u00e8re fois o\u00f9 j\u2019ai remis des patins, en ao\u00fbt 2022. Je faisais un essai pour un poste d\u2019entra\u00eeneuse \u00e0 la patinoire du Blizz, aux Gayeulles. Pendant une journ\u00e9e, j\u2019ai donn\u00e9 des cours aux enfants. Ce n\u2019\u00e9tait pas facile, car je ne parlais pas fran\u00e7ais. Je leur mimais les gestes, les postures \u00e0 avoir. J\u2019utilisais le traducteur de mon t\u00e9l\u00e9phone pour qu\u2019ils me comprennent. \u00c0 la fin de la journ\u00e9e, on m\u2019a propos\u00e9 un CDI.<\/p>\n<p>Mais mon dipl\u00f4me ukrainien n\u2019\u00e9tait pas reconnu en France. Il a fallu cinq mois pour que la f\u00e9d\u00e9ration fran\u00e7aise valide mes qualifications. En septembre, j\u2019ai pu donner mes premiers cours. \u00c0 partir de ce moment-l\u00e0, j\u2019ai respir\u00e9. Le stress est retomb\u00e9.<\/p>\n<p>Ce que la ville m\u2019a apport\u00e9<\/p>\n<p>Aujourd\u2019hui, je n\u2019imagine pas ma vie ailleurs. M\u00eame si je suis originaire d\u2019une grande ville, je me suis rendu compte, en arrivant \u00e0 Rennes, que les villes moyennes me conviennent mieux, finalement. J\u2019aime cette ambiance village et familiale. Peut-\u00eatre m\u00eame qu\u2019un jour je d\u00e9m\u00e9nagerai dans une plus petite commune.<\/p>\n<p>Si la guerre se termine, je ne pense pas que je retournerais en Ukraine. L\u00e0-bas tout est d\u00e9truit, et les patinoires ne seront pas les premi\u00e8res infrastructures \u00e0 reconstruire. Alors revenir sans perspectives professionnelles, ce n\u2019est pas viable. Ici, j\u2019ai trouv\u00e9 un travail, un compagnon, des amis. J\u2019ai la sensation que Rennes m\u2019a redonn\u00e9 ce que j\u2019avais perdu en Ukraine. \u00bb<\/p>\n","protected":false},"excerpt":{"rendered":"Alors, lorsque j\u2019ai d\u00e9couvert Rennes, il y avait beaucoup de monde, tout \u00e0 coup. Depuis la place Hoche,&hellip;\n","protected":false},"author":2,"featured_media":637844,"comment_status":"","ping_status":"","sticky":false,"template":"","format":"standard","meta":{"footnotes":""},"categories":[2821],"tags":[1111,11,829,765,1777,674,1011,27,848,12,584,25],"class_list":{"0":"post-637843","1":"post","2":"type-post","3":"status-publish","4":"format-standard","5":"has-post-thumbnail","7":"category-rennes","8":"tag-actu","9":"tag-actualites","10":"tag-bretagne","11":"tag-en-continu","12":"tag-eu","13":"tag-europe","14":"tag-fr","15":"tag-france","16":"tag-ille-et-vilaine","17":"tag-news","18":"tag-rennes","19":"tag-republique-francaise"},"share_on_mastodon":{"url":"https:\/\/pubeurope.com\/@fr\/115830062052730711","error":""},"_links":{"self":[{"href":"https:\/\/www.europesays.com\/fr\/wp-json\/wp\/v2\/posts\/637843","targetHints":{"allow":["GET"]}}],"collection":[{"href":"https:\/\/www.europesays.com\/fr\/wp-json\/wp\/v2\/posts"}],"about":[{"href":"https:\/\/www.europesays.com\/fr\/wp-json\/wp\/v2\/types\/post"}],"author":[{"embeddable":true,"href":"https:\/\/www.europesays.com\/fr\/wp-json\/wp\/v2\/users\/2"}],"replies":[{"embeddable":true,"href":"https:\/\/www.europesays.com\/fr\/wp-json\/wp\/v2\/comments?post=637843"}],"version-history":[{"count":0,"href":"https:\/\/www.europesays.com\/fr\/wp-json\/wp\/v2\/posts\/637843\/revisions"}],"wp:featuredmedia":[{"embeddable":true,"href":"https:\/\/www.europesays.com\/fr\/wp-json\/wp\/v2\/media\/637844"}],"wp:attachment":[{"href":"https:\/\/www.europesays.com\/fr\/wp-json\/wp\/v2\/media?parent=637843"}],"wp:term":[{"taxonomy":"category","embeddable":true,"href":"https:\/\/www.europesays.com\/fr\/wp-json\/wp\/v2\/categories?post=637843"},{"taxonomy":"post_tag","embeddable":true,"href":"https:\/\/www.europesays.com\/fr\/wp-json\/wp\/v2\/tags?post=637843"}],"curies":[{"name":"wp","href":"https:\/\/api.w.org\/{rel}","templated":true}]}}