{"id":637847,"date":"2026-01-03T07:48:09","date_gmt":"2026-01-03T07:48:09","guid":{"rendered":"https:\/\/www.europesays.com\/fr\/637847\/"},"modified":"2026-01-03T07:48:09","modified_gmt":"2026-01-03T07:48:09","slug":"jai-teste-le-restaurant-qui-cartonne-a-strasbourg-voici-mon-verdict","status":"publish","type":"post","link":"https:\/\/www.europesays.com\/fr\/637847\/","title":{"rendered":"j&rsquo;ai test\u00e9 le restaurant qui cartonne \u00e0 Strasbourg, voici mon verdict"},"content":{"rendered":"<p>                    Par<br \/>\n        <strong><br \/>\n            <a href=\"https:\/\/actu.fr\/auteur\/ivan-capecchi\" title=\"Consulter tous les articles de Ivan CAPECCHI\" target=\"_blank\" rel=\"noopener\">Ivan CAPECCHI<\/a><br \/>\n                    <\/strong><\/p>\n<p>        Publi\u00e9 le<\/p>\n<p>            3 janv. 2026 \u00e0 7h02        <\/p>\n<p>Fin octobre, une <a href=\"https:\/\/actu.fr\/grand-est\/strasbourg_67482\/ceviches-et-tacos-pour-la-premiere-fois-cette-chaine-de-restaurants-mexicains-s-implante-a-strasbourg_63341099.html\" target=\"_blank\" rel=\"noopener\">cha\u00eene de restaurants sp\u00e9cialis\u00e9e dans la cuisine mexicaine<\/a> a ouvert un \u00e9tablissement \u00e0 Strasbourg. \u00c0 peine deux mois apr\u00e8s l\u2019inauguration, ce dernier comptabilise d\u00e9j\u00e0 <strong>plus de 1 700 avis sur Google<\/strong> pour une <strong>note finale de 4,7\/5<\/strong> \u00e0 l\u2019heure o\u00f9 nous \u00e9crivons ces lignes. On a donc voulu tester cette nouvelle adresse, situ\u00e9e juste en face du <a href=\"https:\/\/actu.fr\/grand-est\/strasbourg_67482\/restaurant-j-ai-teste-pour-vous-le-premier-bouillon-de-strasbourg-voici-mon-verdict_62177952.html\" target=\"_blank\" rel=\"noopener\">Petit Bouillon Pharamond<\/a>.<\/p>\n<p class=\" wall-content\">Il s\u2019agit de <strong>Tigermilk Strasbourg<\/strong>, un <strong>restaurant latino-am\u00e9ricain<\/strong>.<\/p>\n<p>Une d\u00e9coration particuli\u00e8rement soign\u00e9e<\/p>\n<p class=\" wall-content\">Sur <a href=\"https:\/\/actu.fr\/tag\/google\" target=\"_blank\" rel=\"noopener\">Google<\/a>, les avis mettent en avant trois choses : <strong>l\u2019ambiance<\/strong>, le <strong>service<\/strong> et la <strong>cuisine<\/strong>, bien s\u00fbr.<\/p>\n<p class=\" wall-content\">C\u00f4t\u00e9 ambiance, on est servis :<strong> le lieu est joliment d\u00e9cor\u00e9<\/strong>, c\u2019est tr\u00e8s floral et les amateurs de plantes seront ravis. Certains commentaires \u00e9voquent <strong>l\u2019aspect bruyant du lieu<\/strong>, \u00e7a l\u2019est un peu effectivement, mais \u00e7a reste supportable selon moi. Ceci dit, si vous cherchez un restaurant \u00e0 l\u2019insonorisation particuli\u00e8rement r\u00e9ussie, allez faire un tour <a href=\"https:\/\/actu.fr\/grand-est\/strasbourg_67482\/strasbourg-j-ai-teste-pour-vous-le-nouveau-restaurant-de-l-orangerie-voici-ma-note_63552165.html\" target=\"_blank\" rel=\"noopener\">\u00e0 celui de l\u2019Orangerie<\/a>.<\/p>\n<p class=\" wall-content\">Pour ce qui est du service, rien de particulier \u00e0 signaler lors de mon passage : <strong>les plats furent servis rapidement<\/strong>, et ce malgr\u00e9 une coupure de courant en plein service !<\/p>\n<p>Votre r\u00e9gion, votre actu !<\/p>\n<p>Recevez chaque jour les infos qui comptent pour vous.<\/p>\n<p>\t<a href=\"https:\/\/actu.fr\/newsletter\" class=\"ac-btn ac-btn--corner ac-btn--medium ac-btn--blue800\" target=\"_blank\" rel=\"noopener\">S&rsquo;incrire<\/a><br \/>\nUne entr\u00e9e rafra\u00eechissante et un plat r\u00e9confortant<\/p>\n<p class=\" wall-content\">Et en cuisine alors, \u00e7a vaut quoi ? En entr\u00e9e, ou en \u00ab\u00a0side\u00a0\u00bb pour reprendre le terme du menu, j\u2019ai pris des <strong>tacos garnis de porc effiloch\u00e9<\/strong>, sauce chimichurri, piment, pickles d\u2019oignons rouges et coriandre. C\u2019\u00e9tait <strong>bien assaisonn\u00e9 et relev\u00e9<\/strong>, piquant mais pas trop, frais. Une belle association de saveurs.<\/p>\n<p class=\" wall-content\">Pour le plat, j\u2019ai opt\u00e9 pour des <strong>quesadillas fourr\u00e9es aux champignons<\/strong>, mozzarella, cheddar, cr\u00e8me chipotle et pickles d\u2019oignons. Malgr\u00e9 une premi\u00e8re bouch\u00e9e tr\u00e8s sal\u00e9e, j\u2019ai \u00e9t\u00e9 s\u00e9duit : c\u2019est <strong>fondant, r\u00e9confortant<\/strong>, du porn food comme on l\u2019aime et, l\u00e0 encore, une belle association de saveurs. Un poil bourratif sur la fin \u00e0 mon go\u00fbt cependant.<\/p>\n<blockquote class=\"tiktok-embed\" cite=\"https:\/\/www.tiktok.com\/@lorraine.actu\/video\/7589287769990597911\" data-video-id=\"7589287769990597911\" data-embed-from=\"oembed\" style=\"max-width:605px; min-width:325px;\"><p>\n<a target=\"_blank\" title=\"@lorraine.actu\" href=\"https:\/\/www.tiktok.com\/@lorraine.actu?refer=embed\" rel=\"noopener\">@lorraine.actu<\/a> <\/p>\n<p>Fin octobre, une cha\u00eene de restaurants sp\u00e9cialis\u00e9e dans la cuisine mexicaine a ouvert un \u00e9tablissement \u00e0 Strasbourg. A peine deux mois apr\u00e8s l\u2019inauguration, ce dernier comptabilise d\u00e9j\u00e0 plus de 1 700 avis sur Google pour une note finale de 4,7\/5. On a donc voulu tester cette nouvelle adresse, situ\u00e9e juste en face du Petit Bouillon Pharamond. Il s\u2019agit de Tigermilk Strasbourg, un restaurant latino-am\u00e9ricain. Une d\u00e9coration particuli\u00e8rement soign\u00e9e Sur Google, les avis mettent en avant trois choses : l\u2019ambiance, le service et la cuisine, bien s\u00fbr. C\u00f4t\u00e9 ambiance, on est servis : le lieu est joliment d\u00e9cor\u00e9, c\u2019est tr\u00e8s floral et les amateurs de plantes seront ravis. Certains commentaires \u00e9voquent l\u2019aspect bruyant du lieu, \u00e7a l\u2019est un peu effectivement, mais \u00e7a reste supportable selon moi. Ceci dit, si vous cherchez un restaurant \u00e0 l\u2019insonorisation particuli\u00e8rement r\u00e9ussie, allez faire un tour \u00e0 celui de l\u2019Orangerie. Pour ce qui est du service, rien de particulier \u00e0 signaler lors de mon passage : les plats furent servis rapidement, et ce malgr\u00e9 une coupure de courant en plein service ! Une entr\u00e9e rafra\u00eechissante et un plat r\u00e9confortant Et en cuisine alors, \u00e7a vaut quoi ? En entr\u00e9e, ou en \u00ab\u00a0side\u00a0\u00bb pour reprendre le terme du menu, j\u2019ai pris des tacos garnis de porc effiloch\u00e9, sauce chimichurri, piment, pickles d\u2019oignons rouges et coriandre. C\u2019\u00e9tait bien assaisonn\u00e9 et relev\u00e9, piquant mais pas trop, frais. Une belle association de saveurs. Pour le plat, j\u2019ai opt\u00e9 pour des quesadillas fourr\u00e9es aux champignons, mozzarella, cheddar, cr\u00e8me chipotle et pickles d\u2019oignons. Malgr\u00e9 une premi\u00e8re bouch\u00e9e tr\u00e8s sal\u00e9e, j\u2019ai \u00e9t\u00e9 s\u00e9duit : c\u2019est fondant, r\u00e9confortant, du porn food comme on l\u2019aime et, l\u00e0 encore, une belle association de saveurs. Un poil bourratif sur la fin \u00e0 mon go\u00fbt cependant. Simple, efficace, bien ex\u00e9cut\u00e9 A la fin du repas, je comprends le succ\u00e8s Tigermilk : c\u2019est simple, efficace, bien ex\u00e9cut\u00e9. Cela a juste ce qu\u2019il faut d\u2019exotisme pour sortir de l\u2019ordinaire, sans pour autant rebuter. Le tout pour des prix qui restent corrects si on se limite \u00e0 un plat. On recommande ! <a title=\"strasbourg\" target=\"_blank\" href=\"https:\/\/www.tiktok.com\/tag\/strasbourg?refer=embed\" rel=\"noopener\">#Strasbourg<\/a> <a title=\"foodtok\" target=\"_blank\" href=\"https:\/\/www.tiktok.com\/tag\/foodtok?refer=embed\" rel=\"noopener\">#foodtok<\/a> <\/p>\n<p> <a target=\"_blank\" title=\"\u266c champagne - G Sounds\" href=\"https:\/\/www.tiktok.com\/music\/champagne-7235662417353738242?refer=embed\" rel=\"noopener\">\u266c champagne \u2013 G Sounds<\/a> <\/p>\n<\/blockquote>\n<p>Simple, efficace, bien ex\u00e9cut\u00e9<\/p>\n<p class=\" wall-content\">\u00c0 la fin du repas, je comprends le succ\u00e8s de Tigermilk : c\u2019est <strong>simple<\/strong>, <strong>efficace<\/strong>, <strong>bien ex\u00e9cut\u00e9<\/strong>. Cela a juste ce qu\u2019il faut d\u2019exotisme pour sortir de l\u2019ordinaire, sans pour autant rebuter.<\/p>\n<p class=\" wall-content\">Le tout \u00e0 des <strong>prix<\/strong> qui restent corrects, en tout cas si on se limite \u00e0 un plat. On recommande !<\/p>\n<p class=\" wall-content\">Personnalisez votre actualit\u00e9 en ajoutant vos villes et m\u00e9dias en favori avec <a href=\"https:\/\/moncompte.actu.fr\" title=\"D\u00e9couvez Mon Actu\" rel=\"nofollow noopener\" data-trk=\"{&quot;cta&quot;:{&quot;action&quot;:&quot;https:\\\/\\\/moncompte.actu.fr&quot;,&quot;category&quot;:&quot;mon compte&quot;,&quot;from&quot;:&quot;article footer&quot;,&quot;name&quot;:&quot;Mon actu&quot;,&quot;type&quot;:&quot;cta&quot;}}\" target=\"_blank\">Mon Actu<\/a>.<\/p>\n<p>                    <script async src=\"\/\/www.tiktok.com\/embed.js\"><\/script><\/p>\n","protected":false},"excerpt":{"rendered":"Par Ivan CAPECCHI Publi\u00e9 le 3 janv. 2026 \u00e0 7h02 Fin octobre, une cha\u00eene de restaurants sp\u00e9cialis\u00e9e dans&hellip;\n","protected":false},"author":2,"featured_media":637848,"comment_status":"","ping_status":"","sticky":false,"template":"","format":"standard","meta":{"footnotes":""},"categories":[2820],"tags":[1111,11,258,1777,674,1011,27,775,1652,12,25,1340,640],"class_list":{"0":"post-637847","1":"post","2":"type-post","3":"status-publish","4":"format-standard","5":"has-post-thumbnail","7":"category-strasbourg","8":"tag-actu","9":"tag-actualites","10":"tag-alimentation","11":"tag-eu","12":"tag-europe","13":"tag-fr","14":"tag-france","15":"tag-grand-est","16":"tag-loisirs-culture","17":"tag-news","18":"tag-republique-francaise","19":"tag-restaurant","20":"tag-strasbourg"},"share_on_mastodon":{"url":"https:\/\/pubeurope.com\/@fr\/115830070055557369","error":""},"_links":{"self":[{"href":"https:\/\/www.europesays.com\/fr\/wp-json\/wp\/v2\/posts\/637847","targetHints":{"allow":["GET"]}}],"collection":[{"href":"https:\/\/www.europesays.com\/fr\/wp-json\/wp\/v2\/posts"}],"about":[{"href":"https:\/\/www.europesays.com\/fr\/wp-json\/wp\/v2\/types\/post"}],"author":[{"embeddable":true,"href":"https:\/\/www.europesays.com\/fr\/wp-json\/wp\/v2\/users\/2"}],"replies":[{"embeddable":true,"href":"https:\/\/www.europesays.com\/fr\/wp-json\/wp\/v2\/comments?post=637847"}],"version-history":[{"count":0,"href":"https:\/\/www.europesays.com\/fr\/wp-json\/wp\/v2\/posts\/637847\/revisions"}],"wp:featuredmedia":[{"embeddable":true,"href":"https:\/\/www.europesays.com\/fr\/wp-json\/wp\/v2\/media\/637848"}],"wp:attachment":[{"href":"https:\/\/www.europesays.com\/fr\/wp-json\/wp\/v2\/media?parent=637847"}],"wp:term":[{"taxonomy":"category","embeddable":true,"href":"https:\/\/www.europesays.com\/fr\/wp-json\/wp\/v2\/categories?post=637847"},{"taxonomy":"post_tag","embeddable":true,"href":"https:\/\/www.europesays.com\/fr\/wp-json\/wp\/v2\/tags?post=637847"}],"curies":[{"name":"wp","href":"https:\/\/api.w.org\/{rel}","templated":true}]}}