{"id":637849,"date":"2026-01-03T07:49:14","date_gmt":"2026-01-03T07:49:14","guid":{"rendered":"https:\/\/www.europesays.com\/fr\/637849\/"},"modified":"2026-01-03T07:49:14","modified_gmt":"2026-01-03T07:49:14","slug":"le-conseil-municipal-defend-une-association-pro-palestine-le-tribunal-administratif-annule-la-motion","status":"publish","type":"post","link":"https:\/\/www.europesays.com\/fr\/637849\/","title":{"rendered":"Le Conseil Municipal d\u00e9fend une association pro-Palestine, le tribunal administratif annule la motion"},"content":{"rendered":"<p>Le conseil municipal de <a href=\"https:\/\/www.20minutes.fr\/strasbourg\/\" class=\"c-link c-link--is-underlined\" target=\"_blank\" rel=\"noopener\">Strasbourg<\/a> (Bas-Rhin), qui s\u2019oppose \u00e0 la dissolution des collectifs \u00ab\u00a0Jeune Garde\u00a0\u00bb et \u00ab\u00a0Urgence Palestine\u00a0\u00bb depuis juin dernier, a \u00e9t\u00e9 recadr\u00e9 par le tribunal administratif. Selon <a href=\"https:\/\/france3-regions.franceinfo.fr\/grand-est\/bas-rhin\/strasbourg-0\/le-tribunal-administratif-recadre-le-conseil-municipal-de-strasbourg-qui-s-oppose-a-la-dissolution-des-collectifs-la-jeune-garde-et-urgence-palestine-3274469.html\" target=\"_blank\" class=\"c-link c-link--is-underlined\" rel=\"noopener\">France 3<\/a>, une motion avait \u00e9t\u00e9 adopt\u00e9e afin de d\u00e9fendre ces associations menac\u00e9es de dissolution.<\/p>\n<p>Mais le tribunal administratif de Strasbourg consid\u00e8re que la ville doit se limiter \u00e0 des sujets pr\u00e9sentant un int\u00e9r\u00eat public local.<\/p>\n<p>La motion, annul\u00e9e par le tribunal administratif<\/p>\n<p>Dans un communiqu\u00e9 de presse, l\u2019institution judiciaire consid\u00e8re que le groupe Urgence Palestine ne rel\u00e8ve pas d\u2019un int\u00e9r\u00eat local pour la ville de Strasbourg que la situation \u00e0 <a href=\"https:\/\/www.20minutes.fr\/monde\/gaza\/\" class=\"c-link c-link--is-underlined\" target=\"_blank\" rel=\"noopener\">Gaza<\/a> d\u00e9pend de la politique \u00e9trang\u00e8re de la France et non de la mairie de Strasbourg. Pour rappel, Urgence Palestine a \u00e9t\u00e9 cr\u00e9\u00e9e en\u00a02023 pour d\u00e9fendre le peuple palestinien.<\/p>\n<\/p>\n<p>En avril\u00a02025, le <a href=\"https:\/\/www.20minutes.fr\/dossier\/ministre_de_l_interieur\" class=\"c-link c-link--is-underlined\" target=\"_blank\" rel=\"noopener\">ministre de l\u2019Int\u00e9rieur<\/a>, <a href=\"https:\/\/www.20minutes.fr\/dossier\/bruno_retailleau\" class=\"c-link c-link--is-underlined\" target=\"_blank\" rel=\"noopener\">Bruno Retailleau<\/a>, avait engag\u00e9 la proc\u00e9dure de dissolution du collectif. Il avait pris la m\u00eame d\u00e9cision concernant le collectif la Jeune Grade, une organisation antifasciste lyonnaise dont le tribunal administratif de Strasbourg consid\u00e8re qu\u2019elle \u00ab\u00a0s\u2019est livr\u00e9e \u00e0 des actions violentes et des agressions, contraires au respect des valeurs d\u00e9mocratiques et \u00e0 la pluralit\u00e9 d\u2019opinions par ailleurs d\u00e9fendues par la motion municipale\u00a0\u00bb. La Jeune Garde conteste sa dissolution et un recours devant le <a href=\"https:\/\/www.20minutes.fr\/dossier\/conseil-etat\" class=\"c-link c-link--is-underlined\" target=\"_blank\" rel=\"noopener\">Conseil d\u2019Etat<\/a> a \u00e9t\u00e9 d\u00e9pos\u00e9. Elle a re\u00e7u \u00e0 nouveau le soutien du conseil municipal.<\/p>\n","protected":false},"excerpt":{"rendered":"Le conseil municipal de Strasbourg (Bas-Rhin), qui s\u2019oppose \u00e0 la dissolution des collectifs \u00ab\u00a0Jeune Garde\u00a0\u00bb et \u00ab\u00a0Urgence Palestine\u00a0\u00bb&hellip;\n","protected":false},"author":2,"featured_media":637850,"comment_status":"","ping_status":"","sticky":false,"template":"","format":"standard","meta":{"footnotes":""},"categories":[2820],"tags":[1111,47,11,2389,4077,2649,1984,1777,674,1011,27,775,303,12,25,640],"class_list":{"0":"post-637849","1":"post","2":"type-post","3":"status-publish","4":"format-standard","5":"has-post-thumbnail","7":"category-strasbourg","8":"tag-actu","9":"tag-actualite","10":"tag-actualites","11":"tag-alsace","12":"tag-association","13":"tag-bas-rhin","14":"tag-conseil-municipal","15":"tag-eu","16":"tag-europe","17":"tag-fr","18":"tag-france","19":"tag-grand-est","20":"tag-justice","21":"tag-news","22":"tag-republique-francaise","23":"tag-strasbourg"},"share_on_mastodon":{"url":"https:\/\/pubeurope.com\/@fr\/115830073728768393","error":""},"_links":{"self":[{"href":"https:\/\/www.europesays.com\/fr\/wp-json\/wp\/v2\/posts\/637849","targetHints":{"allow":["GET"]}}],"collection":[{"href":"https:\/\/www.europesays.com\/fr\/wp-json\/wp\/v2\/posts"}],"about":[{"href":"https:\/\/www.europesays.com\/fr\/wp-json\/wp\/v2\/types\/post"}],"author":[{"embeddable":true,"href":"https:\/\/www.europesays.com\/fr\/wp-json\/wp\/v2\/users\/2"}],"replies":[{"embeddable":true,"href":"https:\/\/www.europesays.com\/fr\/wp-json\/wp\/v2\/comments?post=637849"}],"version-history":[{"count":0,"href":"https:\/\/www.europesays.com\/fr\/wp-json\/wp\/v2\/posts\/637849\/revisions"}],"wp:featuredmedia":[{"embeddable":true,"href":"https:\/\/www.europesays.com\/fr\/wp-json\/wp\/v2\/media\/637850"}],"wp:attachment":[{"href":"https:\/\/www.europesays.com\/fr\/wp-json\/wp\/v2\/media?parent=637849"}],"wp:term":[{"taxonomy":"category","embeddable":true,"href":"https:\/\/www.europesays.com\/fr\/wp-json\/wp\/v2\/categories?post=637849"},{"taxonomy":"post_tag","embeddable":true,"href":"https:\/\/www.europesays.com\/fr\/wp-json\/wp\/v2\/tags?post=637849"}],"curies":[{"name":"wp","href":"https:\/\/api.w.org\/{rel}","templated":true}]}}