{"id":637851,"date":"2026-01-03T07:51:12","date_gmt":"2026-01-03T07:51:12","guid":{"rendered":"https:\/\/www.europesays.com\/fr\/637851\/"},"modified":"2026-01-03T07:51:12","modified_gmt":"2026-01-03T07:51:12","slug":"la-plus-forte-hausse-des-alpes-maritimes","status":"publish","type":"post","link":"https:\/\/www.europesays.com\/fr\/637851\/","title":{"rendered":"la plus forte hausse des Alpes-Maritimes"},"content":{"rendered":"<p>                    Par<br \/>\n        <strong><br \/>\n            <a href=\"https:\/\/actu.fr\/auteur\/ugo-maillard\" title=\"Consulter tous les articles de Ugo Maillard\" target=\"_blank\" rel=\"noopener\">Ugo Maillard<\/a><br \/>\n                    <\/strong><\/p>\n<p>        Publi\u00e9 le<\/p>\n<p>            3 janv. 2026 \u00e0 7h08        <\/p>\n<p>Quelles sont les communes les plus attractives du d\u00e9partement des <a href=\"https:\/\/actu.fr\/provence-alpes-cote-d-azur\/alpes-maritimes_06\" target=\"_blank\" rel=\"noopener\">Alpes-Maritimes<\/a>\u2009? L\u2019Institut national de la statistique et des \u00e9tudes \u00e9conomiques (Insee) a publi\u00e9 les chiffres du <strong>recensement 2023<\/strong>, le jeudi 18 d\u00e9cembre 2025. En comparant ces donn\u00e9es \u00e0 celles de 2017, l\u2019Insee produit une analyse de l\u2019\u00e9volution de la population de chaque commune fran\u00e7aise.<\/p>\n<p class=\" wall-content\">Sur la p\u00e9riode de six ann\u00e9es, la hausse brute la plus importante du d\u00e9partement est <a href=\"https:\/\/actu.fr\/provence-alpes-cote-d-azur\/nice_06088\/la-ville-de-nice-a-t-elle-perdu-ou-gagne-des-habitants-l-insee-repond_63594943.html\" target=\"_blank\" rel=\"noopener\">relev\u00e9e \u00e0 Nice<\/a> avec plus de 17\u2009000\u00a0habitants suppl\u00e9mentaires. En revanche, en prenant le prisme du <strong>pourcentage d\u2019augmentation<\/strong>, la plus forte hausse d\u2019habitants pour une commune des Alpes-Maritimes est mesur\u00e9e au nord de la capitale azur\u00e9enne.<\/p>\n<p>Rimplas continue de grossir<\/p>\n<p class=\" wall-content\">La commune de Rimplas a vu sa population augmenter de 9,40\u2009% par an entre 2017 et 2023. En l\u2019espace de six ans, le nombre de Rimplassois a bondi de 91 \u00e0 156 habitants soit une <strong>hausse de 65\u00a0personnes<\/strong>.<\/p>\n<p>    <a href=\"https:\/\/www.google.com\/maps\/embed?pb=!1m18!1m12!1m3!1d548552.5951772078!2d7.134066124379198!3d44.20144439200006!2m3!1f0!2f0!3f0!3m2!1i1024!2i768!4f13.1!3m3!1m2!1s0x12cdac78657d5d99%3A0x40819a5fd979990!2s06420%20Rimplas!5e0!3m2!1sfr!2sfr!4v1767004462023!5m2!1sfr!2sfr\" title=\"Ouvrie le lien\" target=\"_blank\" rel=\"noopener\">Cliquez ici pour visualiser le contenu<\/a><\/p>\n<p class=\" wall-content\">Ce petit village perch\u00e9 \u00e0 plus de 1\u2009000\u00a0m\u00e8tres d\u2019altitude ne cesse de grandir. \u00c0 titre de comparaison, en 1968, premi\u00e8re date de recensement de l\u2019Insee, la commune accueillait 38 \u00e2mes.<\/p>\n<p>Le top\u00a05 dans les Alpes-Maritimes<\/p>\n<p class=\" wall-content\">Dans le d\u00e9partement des Alpes-Maritimes, plusieurs communes affichent d\u2019importantes augmentations de leur population.<\/p>\n<p class=\" wall-content\"><strong>Voici le top\u00a05 (hors Rimplas)\u2009:<\/strong><\/p>\n<ol class=\" wall-content\">\n<li>Auvare\u2009: de 31 \u00e0 52\u00a0habitants, soit +\u00a09\u2009% par an<\/li>\n<li>P\u00e9one\u2009: de 787 \u00e0 1094 habitants, soit +\u00a05,54\u2009% par an<\/li>\n<li>Saint-Blaise\u2009: de 1019 \u00e0 1397 habitants, soit +\u00a05,40 par an<\/li>\n<li>Massoins\u2009: de 102 \u00e0 138 habitants, soit + 5,17\u2009% par an<\/li>\n<li>Venanson\u2009: de 159 \u00e0 195 habitants, soit + 3,46\u2009% par an<\/li>\n<\/ol>\n<p class=\" wall-content\">\u00c0 l\u2019\u00e9chelle du d\u00e9partement, la <strong>population maralpine est de 1\u2009128\u2009418\u00a0habitants<\/strong>, soit une hausse de 45\u2009108\u00a0personnes depuis 2017.<\/p>\n<p class=\" wall-content\">Personnalisez votre actualit\u00e9 en ajoutant vos villes et m\u00e9dias en favori avec <a href=\"https:\/\/moncompte.actu.fr\" title=\"D\u00e9couvez Mon Actu\" rel=\"nofollow noopener\" data-trk=\"{&quot;cta&quot;:{&quot;action&quot;:&quot;https:\\\/\\\/moncompte.actu.fr&quot;,&quot;category&quot;:&quot;mon compte&quot;,&quot;from&quot;:&quot;article footer&quot;,&quot;name&quot;:&quot;Mon actu&quot;,&quot;type&quot;:&quot;cta&quot;}}\" target=\"_blank\">Mon Actu<\/a>.<\/p>\n","protected":false},"excerpt":{"rendered":"Par Ugo Maillard Publi\u00e9 le 3 janv. 2026 \u00e0 7h08 Quelles sont les communes les plus attractives du&hellip;\n","protected":false},"author":2,"featured_media":637852,"comment_status":"","ping_status":"","sticky":false,"template":"","format":"standard","meta":{"footnotes":""},"categories":[2819],"tags":[1111,11,6969,1777,674,1011,27,12,2401,882,25,104],"class_list":{"0":"post-637851","1":"post","2":"type-post","3":"status-publish","4":"format-standard","5":"has-post-thumbnail","7":"category-nice","8":"tag-actu","9":"tag-actualites","10":"tag-demographie","11":"tag-eu","12":"tag-europe","13":"tag-fr","14":"tag-france","15":"tag-news","16":"tag-nice","17":"tag-provence-alpes-cote-dazur","18":"tag-republique-francaise","19":"tag-societe"},"share_on_mastodon":{"url":"https:\/\/pubeurope.com\/@fr\/115830081675225836","error":""},"_links":{"self":[{"href":"https:\/\/www.europesays.com\/fr\/wp-json\/wp\/v2\/posts\/637851","targetHints":{"allow":["GET"]}}],"collection":[{"href":"https:\/\/www.europesays.com\/fr\/wp-json\/wp\/v2\/posts"}],"about":[{"href":"https:\/\/www.europesays.com\/fr\/wp-json\/wp\/v2\/types\/post"}],"author":[{"embeddable":true,"href":"https:\/\/www.europesays.com\/fr\/wp-json\/wp\/v2\/users\/2"}],"replies":[{"embeddable":true,"href":"https:\/\/www.europesays.com\/fr\/wp-json\/wp\/v2\/comments?post=637851"}],"version-history":[{"count":0,"href":"https:\/\/www.europesays.com\/fr\/wp-json\/wp\/v2\/posts\/637851\/revisions"}],"wp:featuredmedia":[{"embeddable":true,"href":"https:\/\/www.europesays.com\/fr\/wp-json\/wp\/v2\/media\/637852"}],"wp:attachment":[{"href":"https:\/\/www.europesays.com\/fr\/wp-json\/wp\/v2\/media?parent=637851"}],"wp:term":[{"taxonomy":"category","embeddable":true,"href":"https:\/\/www.europesays.com\/fr\/wp-json\/wp\/v2\/categories?post=637851"},{"taxonomy":"post_tag","embeddable":true,"href":"https:\/\/www.europesays.com\/fr\/wp-json\/wp\/v2\/tags?post=637851"}],"curies":[{"name":"wp","href":"https:\/\/api.w.org\/{rel}","templated":true}]}}