{"id":637853,"date":"2026-01-03T07:53:10","date_gmt":"2026-01-03T07:53:10","guid":{"rendered":"https:\/\/www.europesays.com\/fr\/637853\/"},"modified":"2026-01-03T07:53:10","modified_gmt":"2026-01-03T07:53:10","slug":"reprise-de-la-ligue-1-pas-le-droit-a-lerreur-pour-lom-face-a-nantes-ce-dimanche","status":"publish","type":"post","link":"https:\/\/www.europesays.com\/fr\/637853\/","title":{"rendered":"Reprise de la Ligue 1: Pas le droit \u00e0 l&rsquo;erreur pour l&rsquo;OM face \u00e0 Nantes ce dimanche!"},"content":{"rendered":"<p>6 jours de cong\u00e9s, une semaine de travail et les footballeurs marseillais sont de retour. Ils ouvrent une p\u00e9riode tr\u00e8s tr\u00e8s dense avec la r\u00e9ception de Nantes (avant-dernier), ce dimanche. Faux-pas interdit pour l&rsquo;OM (3e) dans un V\u00e9lodrome comble. A vivre sur Ici Provence d\u00e8s 15H00.<\/p>\n<p>L&rsquo;OM se remplume au moment de recevoir les canaris. 4 mois que l&rsquo;infirmerie olympienne n&rsquo;avait connu une salle d&rsquo;attente vide. Certains patients \u00e9taient m\u00eame des abonn\u00e9s: le d\u00e9fenseur M\u00e9dina (cheville), les offensifs Traor\u00e9 (cuisse) et Gouiri (\u00e9paule, en photo). Tous sont d\u00e9sormais gu\u00e9ris et aptes, M\u00e9dina ayant m\u00eame rejou\u00e9 avant la tr\u00eave hivernale.<\/p>\n<p>Une affiche \u00e0 vivre sur Ici Provence d\u00e8s 15H00, prise d&rsquo;antenne 14H00.<\/p>\n<p><strong>Ce sont donc presque trois recrues sur lesquelles l&rsquo;OM va pouvoir compter d\u00e8s ce dimanche pour ne pas roupiller face \u00e0 Nantes<\/strong>, \u00e0 l&rsquo;heure habituelle de la sieste dominicale. Et pour lancer un mois et demi de comp\u00e9tition dense comme une botte de foin, entre Ligue 1, Troph\u00e9e des Champions, Ligue des Champions (Liverpool, Club Bruges) et Coupe de France.<\/p>\n<p>Un d\u00e9but d&rsquo;ann\u00e9e digne d&rsquo;un marathon: Probablement 10 matches en 35 jours!<\/p>\n<p>Et <strong>l&rsquo;OM (3e) ne peut se permettre de l\u00e2cher des points en route.<\/strong> Pour ne pas voir Lens et le PSG s&rsquo;envoler, d\u00e9j\u00e0.\u00a0Pour se remettre dans le rythme, ensuite. Afin de garnir sa sacoche de trois nouveaux points et de pr\u00e9parer au mieux le Troph\u00e9e des Champions, jeudi prochain, face au PSG, au Koweit.<\/p>\n<p>D&rsquo;autant que <strong>les nantais ne vont pas bien. Ils viennent de changer d&rsquo;entraineur,<\/strong> pour retrouver le succ\u00e8s, en Coupe de France, juste avant la tr\u00eave \u00e0 Concarneau, club de National (5-3). Mais pas de quoi inqui\u00e9ter des olympiens invaincus au V\u00e9lodrome. Et qui vont aussi voir Aubameyang s&rsquo;assoir dans le vestiaire de l&rsquo;OM, apr\u00e8s sa Coupe d&rsquo;Afrique des Nations raccourcie avec le Gabon.<\/p>\n<p>V\u00e9lodrome bond\u00e9!<\/p>\n<p><strong>64 000 supporters sont attendus Boulevard Michelet<\/strong> ce dimanche apr\u00e8s-midi, pour la reprise de la Ligue 1. Un horaire inhabituel qui donnera l&rsquo;occasion d&rsquo;y croiser beaucoup d&rsquo;enfants, \u00e0 la veille de la rentr\u00e9e scolaire.<br \/>Et pour tous de profiter d&rsquo;un OM qui, au V\u00e9lodrome r\u00e9gale toujours cette saison, invincibilit\u00e9 en Ligue 1 en cours. Et qui n&rsquo;a pas envie de remplumer les canaris.<\/p>\n","protected":false},"excerpt":{"rendered":"6 jours de cong\u00e9s, une semaine de travail et les footballeurs marseillais sont de retour. Ils ouvrent une&hellip;\n","protected":false},"author":2,"featured_media":637854,"comment_status":"","ping_status":"","sticky":false,"template":"","format":"standard","meta":{"footnotes":""},"categories":[2818],"tags":[1111,11,1777,674,1011,27,766,12,2636,25],"class_list":{"0":"post-637853","1":"post","2":"type-post","3":"status-publish","4":"format-standard","5":"has-post-thumbnail","7":"category-nantes","8":"tag-actu","9":"tag-actualites","10":"tag-eu","11":"tag-europe","12":"tag-fr","13":"tag-france","14":"tag-nantes","15":"tag-news","16":"tag-pays-de-la-loire","17":"tag-republique-francaise"},"share_on_mastodon":{"url":"https:\/\/pubeurope.com\/@fr\/115830089529002767","error":""},"_links":{"self":[{"href":"https:\/\/www.europesays.com\/fr\/wp-json\/wp\/v2\/posts\/637853","targetHints":{"allow":["GET"]}}],"collection":[{"href":"https:\/\/www.europesays.com\/fr\/wp-json\/wp\/v2\/posts"}],"about":[{"href":"https:\/\/www.europesays.com\/fr\/wp-json\/wp\/v2\/types\/post"}],"author":[{"embeddable":true,"href":"https:\/\/www.europesays.com\/fr\/wp-json\/wp\/v2\/users\/2"}],"replies":[{"embeddable":true,"href":"https:\/\/www.europesays.com\/fr\/wp-json\/wp\/v2\/comments?post=637853"}],"version-history":[{"count":0,"href":"https:\/\/www.europesays.com\/fr\/wp-json\/wp\/v2\/posts\/637853\/revisions"}],"wp:featuredmedia":[{"embeddable":true,"href":"https:\/\/www.europesays.com\/fr\/wp-json\/wp\/v2\/media\/637854"}],"wp:attachment":[{"href":"https:\/\/www.europesays.com\/fr\/wp-json\/wp\/v2\/media?parent=637853"}],"wp:term":[{"taxonomy":"category","embeddable":true,"href":"https:\/\/www.europesays.com\/fr\/wp-json\/wp\/v2\/categories?post=637853"},{"taxonomy":"post_tag","embeddable":true,"href":"https:\/\/www.europesays.com\/fr\/wp-json\/wp\/v2\/tags?post=637853"}],"curies":[{"name":"wp","href":"https:\/\/api.w.org\/{rel}","templated":true}]}}