{"id":637855,"date":"2026-01-03T07:54:10","date_gmt":"2026-01-03T07:54:10","guid":{"rendered":"https:\/\/www.europesays.com\/fr\/637855\/"},"modified":"2026-01-03T07:54:10","modified_gmt":"2026-01-03T07:54:10","slug":"publication-une-liste-feret-pour-montrer-les-forces-vives","status":"publish","type":"post","link":"https:\/\/www.europesays.com\/fr\/637855\/","title":{"rendered":"Publication. Une \u00ab\u202fListe F\u00e9ret\u202f\u00bb pour montrer les forces vives"},"content":{"rendered":"<p><strong>La maison d\u2019\u00e9dition F\u00e9ret, institution bicentenaire ancr\u00e9e \u00e0 Bordeaux depuis 1812, marque un retour \u00e9ditorial avec la publication de \u00ab\u202fLa Liste F\u00e9ret\u2009: Les femmes et les hommes qui font Bordeaux et la Gironde 2025-2026\u202f\u00bb.<\/strong><\/p>\n<p>Plus qu\u2019un simple annuaire, mieux qu\u2019un \u00ab\u202fWhos\u2019who\u202f\u00bb des personnalit\u00e9s de la Gironde, \u00ab\u202fLa Liste F\u00e9ret\u202f\u00bb est en fait une sorte de guide qui met en lumi\u00e8re 1\u2009598 personnalit\u00e9s qui fa\u00e7onnent l\u2019\u00e9conomie, la culture, la politique et la vie associative de la Gironde. Ce recensement repr\u00e9sente moins de 0,1\u202f% de la population girondine, t\u00e9moignant de la rigueur du processus de s\u00e9lection.<\/p>\n<p>L\u2019initiative des \u00c9ditions F\u00e9ret s\u2019inscrit dans la lign\u00e9e de leurs publications historiques, comme l\u2019embl\u00e9matique \u00ab\u202fBordeaux et ses Vins\u202f\u00bb, dont la premi\u00e8re \u00e9dition remonte \u00e0 1850, et l\u2019annuaire des \u00ab\u202fPersonnalit\u00e9s et Notables Girondins\u202f\u00bb paru en 1889. Avec \u00ab\u202fLa Liste F\u00e9ret\u202f\u00bb, la maison d\u2019\u00e9dition souhaite fournir un outil d\u2019information t\u00e9moin des acteurs influents du moment. C\u2019est justement un outil de ce type qu\u2019il manquait depuis plusieurs ann\u00e9es. Chaque profil est \u00e9valu\u00e9 selon des crit\u00e8res pr\u00e9cis notamment la notori\u00e9t\u00e9, l\u2019impact sur la communaut\u00e9 et les r\u00e9alisations. Chacun est class\u00e9 par ordre alphab\u00e9tique et par domaine d\u2019activit\u00e9 et la notice se compose d\u2019un portrait repr\u00e9sentatif avec la pr\u00e9sentation des principales r\u00e9alisations et les coordonn\u00e9es professionnelles. On y retrouve les \u00ab\u202fgrands\u202f\u00bb \u00e9lus du territoire, mais aussi des dirigeants d\u2019entreprises ou de structures, comme Chromatotec, le syndicat viticole des C\u00f4tes de Bourg ou des n\u00e9goces de vins. L\u2019art, l\u2019information et la culture sont aussi pr\u00e9sents avec des dirigeants associatifs ou des journalistes, mais aussi des professions lib\u00e9rales. Mais c\u2019est surtout le secteur de l\u2019entrepreneuriat qui truste une majorit\u00e9 de l\u2019ouvrage avec un nombre important de jeunes dirigeants de start-up, montrant que l\u2019\u00e9lite du d\u00e9partement se renouvelle et que la g\u00e9n\u00e9ration n\u00e9e dans les ann\u00e9es\u202f1980 et\u202f1990 prend de plus en plus d\u2019importance dans l\u2019\u00e9conomie locale.<\/p>\n<p>\u00a0<\/p>\n<p><strong>Un outil de connexion<\/strong><\/p>\n<p>\u00ab\u202fL\u2019ambition de cet ouvrage d\u00e9passe la simple compilation de donn\u00e9es\u202f\u00bb, indique Julien Parrou-Duboscq, directeur g\u00e9n\u00e9ral des \u00e9ditions, car \u00ab\u202fLa Liste F\u00e9ret\u202f\u00bb a pour objectifs l\u2019identification et la valorisation des personnes influentes et la cr\u00e9ation d\u2019un outil de r\u00e9f\u00e9rence fiable pour le grand public. Dans un monde o\u00f9 les \u00e9changes sont cruciaux, le livre est con\u00e7u pour faciliter le r\u00e9seautage et les connexions entre les acteurs du territoire, rappelant que derri\u00e8re chaque projet se cachent des individus engag\u00e9s dont l\u2019histoire m\u00e9rite d\u2019\u00eatre partag\u00e9e. Dans le contexte actuel du tout num\u00e9rique, F\u00e9ret a fait le pari de la valeur p\u00e9renne d\u2019un ouvrage de belle facture, misant sur la force du papier pour devenir une r\u00e9f\u00e9rence incontournable. Il est d\u00e9j\u00e0 envisag\u00e9 un projet sur la dur\u00e9e avec des perspectives d\u2019ouverture \u00e0 d\u2019autres territoires.<\/p>\n<p>\u00a0<\/p>\n<p>\u00a0<\/p>\n<p>\u00ab\u202fLa Liste F\u00e9ret\u202f\u00bb, \u00e9ditions F\u00e9ret, 2025, 700 pages, 89\u202feuros.<\/p>\n","protected":false},"excerpt":{"rendered":"La maison d\u2019\u00e9dition F\u00e9ret, institution bicentenaire ancr\u00e9e \u00e0 Bordeaux depuis 1812, marque un retour \u00e9ditorial avec la publication&hellip;\n","protected":false},"author":2,"featured_media":637856,"comment_status":"","ping_status":"","sticky":false,"template":"","format":"standard","meta":{"footnotes":""},"categories":[2817],"tags":[1111,11,1997,1777,674,1011,27,12,2219,25],"class_list":{"0":"post-637855","1":"post","2":"type-post","3":"status-publish","4":"format-standard","5":"has-post-thumbnail","7":"category-bordeaux","8":"tag-actu","9":"tag-actualites","10":"tag-bordeaux","11":"tag-eu","12":"tag-europe","13":"tag-fr","14":"tag-france","15":"tag-news","16":"tag-nouvelle-aquitaine","17":"tag-republique-francaise"},"share_on_mastodon":{"url":"https:\/\/pubeurope.com\/@fr\/115830093429227773","error":""},"_links":{"self":[{"href":"https:\/\/www.europesays.com\/fr\/wp-json\/wp\/v2\/posts\/637855","targetHints":{"allow":["GET"]}}],"collection":[{"href":"https:\/\/www.europesays.com\/fr\/wp-json\/wp\/v2\/posts"}],"about":[{"href":"https:\/\/www.europesays.com\/fr\/wp-json\/wp\/v2\/types\/post"}],"author":[{"embeddable":true,"href":"https:\/\/www.europesays.com\/fr\/wp-json\/wp\/v2\/users\/2"}],"replies":[{"embeddable":true,"href":"https:\/\/www.europesays.com\/fr\/wp-json\/wp\/v2\/comments?post=637855"}],"version-history":[{"count":0,"href":"https:\/\/www.europesays.com\/fr\/wp-json\/wp\/v2\/posts\/637855\/revisions"}],"wp:featuredmedia":[{"embeddable":true,"href":"https:\/\/www.europesays.com\/fr\/wp-json\/wp\/v2\/media\/637856"}],"wp:attachment":[{"href":"https:\/\/www.europesays.com\/fr\/wp-json\/wp\/v2\/media?parent=637855"}],"wp:term":[{"taxonomy":"category","embeddable":true,"href":"https:\/\/www.europesays.com\/fr\/wp-json\/wp\/v2\/categories?post=637855"},{"taxonomy":"post_tag","embeddable":true,"href":"https:\/\/www.europesays.com\/fr\/wp-json\/wp\/v2\/tags?post=637855"}],"curies":[{"name":"wp","href":"https:\/\/api.w.org\/{rel}","templated":true}]}}