{"id":637857,"date":"2026-01-03T07:55:12","date_gmt":"2026-01-03T07:55:12","guid":{"rendered":"https:\/\/www.europesays.com\/fr\/637857\/"},"modified":"2026-01-03T07:55:12","modified_gmt":"2026-01-03T07:55:12","slug":"top-14-malgre-son-retard-lubb-veut-encore-croire-au-top-2","status":"publish","type":"post","link":"https:\/\/www.europesays.com\/fr\/637857\/","title":{"rendered":"Top 14. Malgr\u00e9 son retard, l\u2019UBB veut encore croire au top 2"},"content":{"rendered":"<p>Si l\u2019UBB n\u2019a jamais perdu un barrage sur les quatre qu\u2019elle a jou\u00e9s (3 \u00e0 domicile, 1 \u00e0 l\u2019ext\u00e9rieur), elle sait tr\u00e8s bien que s\u2019\u00e9viter un match de plus p\u00e8se dans la balance au printemps. Pour esp\u00e9rer soulever le Brennus, les stats t\u00e9moignent de l\u2019importance de prendre le chemin le plus court. Sur les dix derni\u00e8res ann\u00e9es, seul Castres a r\u00e9alis\u00e9 l\u2019exploit de soulever le bouclier apr\u00e8s avoir termin\u00e9 la saison r\u00e9guli\u00e8re \u00e0 la 6e place.<\/p>\n<p>Qualifi\u00e9s directement pour les demi-finales l\u2019an dernier pour la toute premi\u00e8re fois, les hommes de Yannick Bru ont pu mesurer les effets b\u00e9n\u00e9fiques de leur parcours. \u00ab\u00a0Sauter le match de barrage nous avait permis d\u2019arriver beaucoup plus frais pour la demie contre Toulon\u00a0\u00bb, se souvient le pilier gauche Matis Perchaud.<\/p>\n<p>Le compte-\u00e0-rebours est lanc\u00e9<\/p>\n<p>Malgr\u00e9 un retard d\u00e9j\u00e0 cons\u00e9quent sur le top 2, l\u2019UBB ne veut donc pas tirer un trait sur son objectif de d\u00e9but de saison. \u00ab\u00a0Il faut recoller aux deux premiers parce que ce n\u2019est pas fini, il reste quand m\u00eame 13 matchs\u00a0\u00bb, souligne Matis Perchaud. \u00ab\u00a0C\u2019est certain, nous serions plus confiants et plus contents si nous \u00e9tions dans le top 2, conc\u00e8de Noel McNamara. Mais j\u2019ai le souvenir de ma premi\u00e8re ann\u00e9e ici\u00a0: le Racing avait termin\u00e9 1er de la phase aller avec Stuart Lancaster. Et il a jou\u00e9 le barrage ici \u00e0 Bordeaux \u00e0 la fin. On a confiance en nous, en nos principes, en nos pr\u00e9parations, en nos performances et en nos joueurs. On \u00e9tait, comme je dis, un peu d\u00e9\u00e7u la semaine derni\u00e8re apr\u00e8s la d\u00e9faite \u00e0 Clermont (34-19), mais ce n\u2019\u00e9tait pas catastrophique non plus, il y avait du positif aussi\u00a0\u00bb.<\/p>\n<blockquote><p>\u00ab\u00a0Si on fait le travail, on pourra recoller un peu. Mais il ne faut plus laisser partir des points b\u00eatement\u00a0\u00bb<\/p><\/blockquote>\n<p>Apr\u00e8s un d\u00e9but de saison sur courant alternatif et une premi\u00e8re d\u00e9faite \u00e0 domicile (face \u00e0 Pau) qu\u2019elle tra\u00eene comme un boulet, l\u2019UBB doit malgr\u00e9 tout lancer la machine sur la dur\u00e9e. \u00ab\u00a0Il ne faut plus laisser partir les points, pr\u00e9vient Matis Perchaud. \u00c7a commence par ce match face au Racing. Apr\u00e8s, ce qui est bien, c\u2019est qu\u2019on a deux r\u00e9ceptions (face au Stade Fran\u00e7ais, le 24\u00a0janvier). Donc si on fait le travail et qu\u2019on est s\u00e9rieux, on pourra quand m\u00eame recoller un peu aux deux de devant, mais c\u2019est s\u00fbr que l\u00e0, il ne faut plus laisser partir des points b\u00eatement\u00a0\u00bb.<\/p>\n<p>L\u2019UBB n\u2019a plus le droit \u00e0 l\u2019erreur \u00e0 domicile. Elle sait aussi qu\u2019elle devra aller faire des coups \u00e0 l\u2019ext\u00e9rieur pour tenter de raccrocher au wagon. Sur la deuxi\u00e8me partie de saison, les occasions seront moins nombreuses puisqu\u2019elle ne se d\u00e9placera qu\u2019\u00e0 six reprises (\u00e0 Montauban, \u00e0 Pau, \u00e0 Lyon, \u00e0 La\u00a0Rochelle, \u00e0 Bayonne, \u00e0 Toulon). Et elle devra prendre sa revanche sur Pau (18e journ\u00e9e) au Hameau et Toulouse (19e journ\u00e9e) au Stade Atlantique, pendant et \u00e0 la sortie du Tournoi. Tout cela en jouant \u00e0 fond la Champions Cup o\u00f9 elle a un titre \u00e0 d\u00e9fendre.<\/p>\n<p>Sur tous les fronts<\/p>\n<p>Mais avant de recevoir Northampton pour un match tr\u00e8s important sur la sc\u00e8ne europ\u00e9enne, les Bordelais doivent rester concentr\u00e9s sur la r\u00e9ception du Racing 92. \u00ab\u00a0Quand j\u2019\u00e9tais au Leinster, le focus \u00e9tait mis sur le match de Champions Cup, se souvient Noel McNamara. Le match d\u2019avant, on faisait tourner l\u2019\u00e9quipe. Mais ici, dans le Top 14, tu ne peux pas. Il y a toujours un \u00e9quilibre \u00e0 trouver entre \u00eatre pr\u00eat ou \u00eatre frais.\u00a0\u00bb Pour ce rendez-vous, Louis Bielle-Biarrey et Nicolas Depoortere seront malgr\u00e9 tout sur le banc, tandis que Matthieu Jalibert, Damian Penaud, Maxime Lamothe et Cyril Cazeaux feront leur retour dans le XV.<\/p>\n<p>Apr\u00e8s son faux pas sur le terrain de Clermont, l\u2019UBB devra montrer un bien meilleur visage face au Racing\u00a092 pour entamer de la meilleure des mani\u00e8res un mois de janvier crucial, avant la p\u00e9riode internationale. <\/p>\n","protected":false},"excerpt":{"rendered":"Si l\u2019UBB n\u2019a jamais perdu un barrage sur les quatre qu\u2019elle a jou\u00e9s (3 \u00e0 domicile, 1 \u00e0&hellip;\n","protected":false},"author":2,"featured_media":637858,"comment_status":"","ping_status":"","sticky":false,"template":"","format":"standard","meta":{"footnotes":""},"categories":[2817],"tags":[1111,11,1997,1777,674,1011,27,12,2219,25],"class_list":{"0":"post-637857","1":"post","2":"type-post","3":"status-publish","4":"format-standard","5":"has-post-thumbnail","7":"category-bordeaux","8":"tag-actu","9":"tag-actualites","10":"tag-bordeaux","11":"tag-eu","12":"tag-europe","13":"tag-fr","14":"tag-france","15":"tag-news","16":"tag-nouvelle-aquitaine","17":"tag-republique-francaise"},"share_on_mastodon":{"url":"https:\/\/pubeurope.com\/@fr\/115830097413652812","error":""},"_links":{"self":[{"href":"https:\/\/www.europesays.com\/fr\/wp-json\/wp\/v2\/posts\/637857","targetHints":{"allow":["GET"]}}],"collection":[{"href":"https:\/\/www.europesays.com\/fr\/wp-json\/wp\/v2\/posts"}],"about":[{"href":"https:\/\/www.europesays.com\/fr\/wp-json\/wp\/v2\/types\/post"}],"author":[{"embeddable":true,"href":"https:\/\/www.europesays.com\/fr\/wp-json\/wp\/v2\/users\/2"}],"replies":[{"embeddable":true,"href":"https:\/\/www.europesays.com\/fr\/wp-json\/wp\/v2\/comments?post=637857"}],"version-history":[{"count":0,"href":"https:\/\/www.europesays.com\/fr\/wp-json\/wp\/v2\/posts\/637857\/revisions"}],"wp:featuredmedia":[{"embeddable":true,"href":"https:\/\/www.europesays.com\/fr\/wp-json\/wp\/v2\/media\/637858"}],"wp:attachment":[{"href":"https:\/\/www.europesays.com\/fr\/wp-json\/wp\/v2\/media?parent=637857"}],"wp:term":[{"taxonomy":"category","embeddable":true,"href":"https:\/\/www.europesays.com\/fr\/wp-json\/wp\/v2\/categories?post=637857"},{"taxonomy":"post_tag","embeddable":true,"href":"https:\/\/www.europesays.com\/fr\/wp-json\/wp\/v2\/tags?post=637857"}],"curies":[{"name":"wp","href":"https:\/\/api.w.org\/{rel}","templated":true}]}}