{"id":637859,"date":"2026-01-03T07:56:10","date_gmt":"2026-01-03T07:56:10","guid":{"rendered":"https:\/\/www.europesays.com\/fr\/637859\/"},"modified":"2026-01-03T07:56:10","modified_gmt":"2026-01-03T07:56:10","slug":"une-page-se-tourne-pour-ses-nombreux-clients","status":"publish","type":"post","link":"https:\/\/www.europesays.com\/fr\/637859\/","title":{"rendered":"\u00ab\u00a0une page se tourne\u00a0\u00bb pour ses nombreux clients"},"content":{"rendered":"<p>                    Par<br \/>\n        <strong><br \/>\n            <a href=\"https:\/\/actu.fr\/auteur\/margot-fournie\" title=\"Consulter tous les articles de Margot Fournie\" target=\"_blank\" rel=\"noopener\">Margot Fournie<\/a><br \/>\n                    <\/strong><\/p>\n<p>        Publi\u00e9 le<\/p>\n<p>            3 janv. 2026 \u00e0 7h04        <\/p>\n<p>La fin d\u2019ann\u00e9e a eu un go\u00fbt un peu particulier pour certains habitants de <strong><a href=\"https:\/\/actu.fr\/toulouse\/\" target=\"_blank\" rel=\"noopener\">Toulouse<\/a><\/strong>. Et pour cause : <strong>commerce embl\u00e9matique<\/strong> du quartier des Sept-Deniers, la <strong>boulangerie Ren\u00e9 Salut<\/strong> a ferm\u00e9 d\u00e9finitivement ses portes mardi 30 d\u00e9cembre 2025, rappelant de <strong>nombreux souvenirs<\/strong> (gourmands) aux riverains.\u00a0<\/p>\n<p>Fermeture de la boulangerie apr\u00e8s 69\u00a0ans d\u2019activit\u00e9<\/p>\n<p class=\" wall-content\">La boulangerie Ren\u00e9 Salut, install\u00e9e au 91 route de Blagnac, a r\u00e9cemment cess\u00e9 d\u2019accueillir des clients. <strong>Troisi\u00e8me g\u00e9n\u00e9ration<\/strong> \u00e0 la t\u00eate de ce commerce, <strong>Violette Salut<\/strong>, \u00e2g\u00e9e de 72 ans, a en effet pris<strong>\u00a0sa retraite<\/strong>. Deux petits panneaux, affich\u00e9s sur la vitrine, le certifient. La g\u00e9rant n\u2019aurait pas trouv\u00e9 de repreneur.<\/p>\n<p class=\" wall-content\">Et en 69\u00a0ans d\u2019existence, le magasin a eu le temps de marquer des g\u00e9n\u00e9rations d\u2019habitants du quartier.<\/p>\n<p>Vieonnoiseries, g\u00e2teaux et croustade<\/p>\n<p class=\" wall-content\">D\u2019apr\u00e8s ses clients, la boulangerie \u00e9tait particuli\u00e8rement pl\u00e9biscit\u00e9e pour <strong>ses viennoiseries<\/strong> et ses <strong>g\u00e2teaux,<\/strong> notamment le <strong>Paris-Brest,<\/strong> ou encore pour sa <a href=\"https:\/\/actu.fr\/occitanie\/toulouse_31555\/gastronomie-toulouse-ce-n-est-pas-que-le-cassoulet-voici-cinq-sucreries-parfois-oubliees_61433882.html\" target=\"_blank\" rel=\"noopener\"><strong>croustade<\/strong>, sp\u00e9cialit\u00e9 culinaire locale<\/a>.<\/p>\n<p>\u00ab\u00a0Ils offraient le pain aux ouvriers de l\u2019usine Job\u00a0\u00bb<\/p>\n<p class=\" wall-content\">Mais aussi pour<strong> la chaleur des personnes au service<\/strong>. Sur le groupe Facebook, \u00ab\u00a0Tu sais que tu viens de Toulouse quand\u2026\u00a0\u00bb, les souvenirs sont nombreux. Une personne \u00e9voque par exemple les beaux-parents de Violette, qui \u00ab\u2009offraient le pain aux ouvriers de Job, qui faisaient gr\u00e8ve pour sauver leur usine\u2009\u00bb.<\/p>\n<p class=\" wall-content\">Jean-Christophe, lui, parle de sa \u00ab\u00a0grand-m\u00e8re qui \u00e9tait <strong>une cliente de cette boulangerie<\/strong>. Quel dommage qu\u2019il n\u2019y ait <strong>pas de repreneur\u00a0\u00bb<\/strong>.<\/p>\n<p>Votre r\u00e9gion, votre actu !<\/p>\n<p>Recevez chaque jour les infos qui comptent pour vous.<\/p>\n<p>\t<a href=\"https:\/\/actu.fr\/newsletter\" class=\"ac-btn ac-btn--corner ac-btn--medium ac-btn--blue800\" target=\"_blank\" rel=\"noopener\">S&rsquo;incrire<\/a><\/p>\n<p>    <img   decoding=\"async\" loading=\"lazy\" src=\"https:\/\/www.europesays.com\/fr\/wp-content\/uploads\/2026\/01\/la-boulangerie-a-ferme-definitivement-ses-portes-pour-cause-de-depart-a-la-retraite-960x640.jpg\" alt=\"La boulangerie a ferm\u00e9 d\u00e9finitivement ses portes pour cause de d\u00e9part \u00e0 la retraite.\" width=\"960\" height=\"640\"\/><br \/>\n    La boulangerie a ferm\u00e9 d\u00e9finitivement ses portes pour cause de d\u00e9part \u00e0 la retraite. (\u00a9Margot Fourni\u00e9 \/ actu Toulouse)<\/p>\n<p class=\" wall-content\">Autre habitu\u00e9 des lieux, Yves glisse\u2009: \u00ab\u2009Je suis un ancien enfant du quartier et en sortant de l\u2019\u00e9cole les Sept-Deniers, j\u2019allais chez Salut. Une page se tourne\u2009\u00bb. Avec la fermeture d\u00e9finitive de cette enseigne familiale embl\u00e9matique du quartier, c\u2019est aussi une <strong>boulangerie artisanale<\/strong> de plus qui dispara\u00eet dans l\u2019agglo de Toulouse.<\/p>\n<p>    <a href=\"https:\/\/www.google.com\/maps\/embed?pb=!1m18!1m12!1m3!1d5777.096131766707!2d1.4066078746617812!3d43.61595065484148!2m3!1f0!2f0!3f0!3m2!1i1024!2i768!4f13.1!3m3!1m2!1s0x12aebb2699836395%3A0xcf6952da3b7cb708!2s91%20Rte%20de%20Blagnac%2C%2031200%20Toulouse!5e0!3m2!1sfr!2sfr!4v1767355096978!5m2!1sfr!2sfr\" title=\"Ouvrie le lien\" target=\"_blank\" rel=\"noopener\">Cliquez ici pour visualiser le contenu<\/a><\/p>\n<p class=\" wall-content\">Personnalisez votre actualit\u00e9 en ajoutant vos villes et m\u00e9dias en favori avec <a href=\"https:\/\/moncompte.actu.fr\" title=\"D\u00e9couvez Mon Actu\" rel=\"nofollow noopener\" data-trk=\"{&quot;cta&quot;:{&quot;action&quot;:&quot;https:\\\/\\\/moncompte.actu.fr&quot;,&quot;category&quot;:&quot;mon compte&quot;,&quot;from&quot;:&quot;article footer&quot;,&quot;name&quot;:&quot;Mon actu&quot;,&quot;type&quot;:&quot;cta&quot;}}\" target=\"_blank\">Mon Actu<\/a>.<\/p>\n","protected":false},"excerpt":{"rendered":"Par Margot Fournie Publi\u00e9 le 3 janv. 2026 \u00e0 7h04 La fin d\u2019ann\u00e9e a eu un go\u00fbt un&hellip;\n","protected":false},"author":2,"featured_media":637860,"comment_status":"","ping_status":"","sticky":false,"template":"","format":"standard","meta":{"footnotes":""},"categories":[2816],"tags":[1111,11,215,1777,674,1011,27,937,12,2680,25,104,2312],"class_list":{"0":"post-637859","1":"post","2":"type-post","3":"status-publish","4":"format-standard","5":"has-post-thumbnail","7":"category-toulouse","8":"tag-actu","9":"tag-actualites","10":"tag-commerce","11":"tag-eu","12":"tag-europe","13":"tag-fr","14":"tag-france","15":"tag-histoire","16":"tag-news","17":"tag-occitanie","18":"tag-republique-francaise","19":"tag-societe","20":"tag-toulouse"},"share_on_mastodon":{"url":"https:\/\/pubeurope.com\/@fr\/115830101480520011","error":""},"_links":{"self":[{"href":"https:\/\/www.europesays.com\/fr\/wp-json\/wp\/v2\/posts\/637859","targetHints":{"allow":["GET"]}}],"collection":[{"href":"https:\/\/www.europesays.com\/fr\/wp-json\/wp\/v2\/posts"}],"about":[{"href":"https:\/\/www.europesays.com\/fr\/wp-json\/wp\/v2\/types\/post"}],"author":[{"embeddable":true,"href":"https:\/\/www.europesays.com\/fr\/wp-json\/wp\/v2\/users\/2"}],"replies":[{"embeddable":true,"href":"https:\/\/www.europesays.com\/fr\/wp-json\/wp\/v2\/comments?post=637859"}],"version-history":[{"count":0,"href":"https:\/\/www.europesays.com\/fr\/wp-json\/wp\/v2\/posts\/637859\/revisions"}],"wp:featuredmedia":[{"embeddable":true,"href":"https:\/\/www.europesays.com\/fr\/wp-json\/wp\/v2\/media\/637860"}],"wp:attachment":[{"href":"https:\/\/www.europesays.com\/fr\/wp-json\/wp\/v2\/media?parent=637859"}],"wp:term":[{"taxonomy":"category","embeddable":true,"href":"https:\/\/www.europesays.com\/fr\/wp-json\/wp\/v2\/categories?post=637859"},{"taxonomy":"post_tag","embeddable":true,"href":"https:\/\/www.europesays.com\/fr\/wp-json\/wp\/v2\/tags?post=637859"}],"curies":[{"name":"wp","href":"https:\/\/api.w.org\/{rel}","templated":true}]}}