{"id":637861,"date":"2026-01-03T07:57:14","date_gmt":"2026-01-03T07:57:14","guid":{"rendered":"https:\/\/www.europesays.com\/fr\/637861\/"},"modified":"2026-01-03T07:57:14","modified_gmt":"2026-01-03T07:57:14","slug":"les-nouveautes-du-salon-du-mariage-de-toulouse","status":"publish","type":"post","link":"https:\/\/www.europesays.com\/fr\/637861\/","title":{"rendered":"Les nouveaut\u00e9s du Salon du mariage de Toulouse"},"content":{"rendered":"<p>\n                                                                    l&rsquo;essentiel<br \/>\n                                                                Le Salon du mariage revient au MEETT, les 10 et 11\u00a0janvier, avec des ateliers et de nouvelles animations.\n                            <\/p>\n<p>R\u00e9unir dans un m\u00eame lieu les diff\u00e9rents prestataires d\u2019une noce r\u00e9ussie est l\u2019objectif des organisateurs du <a href=\"https:\/\/www.maisondumariage.com\/evenement\/salon-du-mariage-de-toulouse\" target=\"_blank\" rel=\"noopener\">Salon du mariage<\/a>. Ainsi, traiteurs, cr\u00e9ateurs de robes et de costumes, bijoutiers, photographes, organisateurs de voyages\u2026 seront pr\u00e9sents au MEETT, les 10 et 11\u00a0janvier.<\/p>\n<p class=\"std-elt__inline\">\n        <strong>\u00c0 lire aussi :<\/strong><br \/>\n        <a href=\"https:\/\/www.ladepeche.fr\/2025\/12\/11\/ou-sortir-a-toulouse-ce-week-end-du-12-au-14-decembre-notre-selection-du-salon-des-createurs-au-cirque-de-noel-13102402.php\" target=\"_blank\" rel=\"noopener\">O\u00f9 sortir \u00e0 Toulouse ce week-end du 12 au 14\u00a0d\u00e9cembre\u00a0? Notre s\u00e9lection du salon des cr\u00e9ateurs au cirque de No\u00ebl<\/a>\n    <\/p>\n<p>\u00ab\u00a0Nous avons s\u00e9lectionn\u00e9 avec soin plus de 150 professionnels passionn\u00e9s et talentueux\u00a0\u00bb, explique Fabrice Gu\u00e9rineau, organisateur du Salon du mariage. \u00ab\u00a0Leur mission est simple\u00a0: conseiller, inspirer et accompagner pour faire de son mariage un \u00e9v\u00e9nement unique et \u00e0 son image. L\u2019organisation d\u2019un mariage est une aventure excitante mais parfois complexe. Notre ambition est d\u2019offrir la s\u00e9r\u00e9nit\u00e9. Il sera possible de d\u00e9couvrir les derni\u00e8res tendances, d\u2019assister aux d\u00e9fil\u00e9s spectaculaires, de participer aux ateliers conf\u00e9rences\u2026\u00a0\u00bb.<\/p>\n<p class=\"std-elt__inline\">\n        <strong>\u00c0 lire aussi :<\/strong><br \/>\n        <a href=\"https:\/\/www.ladepeche.fr\/2025\/11\/13\/cest-un-lieu-de-vie-pas-un-espace-fige-comment-ce-salon-de-coiffure-de-toulouse-est-devenu-une-bulle-dart-et-devasion-13039818.php\" target=\"_blank\" rel=\"noopener\">\u00ab\u00a0C\u2019est un lieu de vie, pas un espace fig\u00e9\u00a0\u00bb, comment ce salon de coiffure de Toulouse est devenu une bulle d\u2019art et d\u2019\u00e9vasion\u00a0?<\/a>\n    <\/p>\n<p>Des nouveaut\u00e9s permettront de participer \u00e0 des ateliers interactifs autour de la beaut\u00e9, de la d\u00e9coration, du vin ou encore de la gastronomie. Des d\u00e9monstrations seront propos\u00e9es pour se projeter dans l\u2019organisation de son mariage avec des moments d\u2019\u00e9change pour poser ses questions et repartir avec des conseils personnalis\u00e9s.<\/p>\n<p>Comme toujours, trois d\u00e9fil\u00e9s par jour \u00e0 11\u00a0h, 15\u00a0h et 17\u00a0h\u00a030, montreront les tendances vestimentaires.<\/p>\n<p>Samedi\u00a010 et dimanche 11\u00a0janvier de 10\u00a0h \u00e0 19\u00a0h au MEETT (parc des expositions, avenue Concorde) \u00e0 Aussonne. Tarif\u00a0: 6\u00a0\u20ac. Gratuit pour les moins de 12 ans. Billetterie sur\u00a0: www.maisondumariage.com<\/p>\n","protected":false},"excerpt":{"rendered":"l&rsquo;essentiel Le Salon du mariage revient au MEETT, les 10 et 11\u00a0janvier, avec des ateliers et de nouvelles&hellip;\n","protected":false},"author":2,"featured_media":637862,"comment_status":"","ping_status":"","sticky":false,"template":"","format":"standard","meta":{"footnotes":""},"categories":[2816],"tags":[1111,11,1777,674,1011,27,329,2722,12,2680,25,2312,69121],"class_list":{"0":"post-637861","1":"post","2":"type-post","3":"status-publish","4":"format-standard","5":"has-post-thumbnail","7":"category-toulouse","8":"tag-actu","9":"tag-actualites","10":"tag-eu","11":"tag-europe","12":"tag-fr","13":"tag-france","14":"tag-france-monde","15":"tag-haute-garonne","16":"tag-news","17":"tag-occitanie","18":"tag-republique-francaise","19":"tag-toulouse","20":"tag-vie-pratique-conso"},"share_on_mastodon":{"url":"https:\/\/pubeurope.com\/@fr\/115830105193715233","error":""},"_links":{"self":[{"href":"https:\/\/www.europesays.com\/fr\/wp-json\/wp\/v2\/posts\/637861","targetHints":{"allow":["GET"]}}],"collection":[{"href":"https:\/\/www.europesays.com\/fr\/wp-json\/wp\/v2\/posts"}],"about":[{"href":"https:\/\/www.europesays.com\/fr\/wp-json\/wp\/v2\/types\/post"}],"author":[{"embeddable":true,"href":"https:\/\/www.europesays.com\/fr\/wp-json\/wp\/v2\/users\/2"}],"replies":[{"embeddable":true,"href":"https:\/\/www.europesays.com\/fr\/wp-json\/wp\/v2\/comments?post=637861"}],"version-history":[{"count":0,"href":"https:\/\/www.europesays.com\/fr\/wp-json\/wp\/v2\/posts\/637861\/revisions"}],"wp:featuredmedia":[{"embeddable":true,"href":"https:\/\/www.europesays.com\/fr\/wp-json\/wp\/v2\/media\/637862"}],"wp:attachment":[{"href":"https:\/\/www.europesays.com\/fr\/wp-json\/wp\/v2\/media?parent=637861"}],"wp:term":[{"taxonomy":"category","embeddable":true,"href":"https:\/\/www.europesays.com\/fr\/wp-json\/wp\/v2\/categories?post=637861"},{"taxonomy":"post_tag","embeddable":true,"href":"https:\/\/www.europesays.com\/fr\/wp-json\/wp\/v2\/tags?post=637861"}],"curies":[{"name":"wp","href":"https:\/\/api.w.org\/{rel}","templated":true}]}}