{"id":637867,"date":"2026-01-03T08:01:11","date_gmt":"2026-01-03T08:01:11","guid":{"rendered":"https:\/\/www.europesays.com\/fr\/637867\/"},"modified":"2026-01-03T08:01:11","modified_gmt":"2026-01-03T08:01:11","slug":"meteo-marseille-janvier-2026-a-previsions-detaillees-et-tendances","status":"publish","type":"post","link":"https:\/\/www.europesays.com\/fr\/637867\/","title":{"rendered":"M\u00e9t\u00e9o Marseille Janvier 2026 \u00e0 : pr\u00e9visions d\u00e9taill\u00e9es et tendances"},"content":{"rendered":"<p>Marseille d\u00e9marre l\u2019ann\u00e9e 2026 sous des conditions m\u00e9t\u00e9orologiques contrast\u00e9es. Coup de froid en d\u00e9but de mois, rafales notables, puis retour progressif de la douceur. On observe une alternance marqu\u00e9e entre passages nuageux, pluies sporadiques et p\u00e9riodes ensoleill\u00e9es. Ce mois de janvier illustre bien les particularit\u00e9s du climat m\u00e9diterran\u00e9en hivernal, avec une m\u00e9t\u00e9o changeante et parfois surprenante.<\/p>\n<p>                                            Semaine du 5 au 11 janvier\u00a0: froid sec, vent sensible<\/p>\n<p>La premi\u00e8re semaine compl\u00e8te de janvier commence \u00e0 <a href=\"https:\/\/www.meteocity.com\/france\/marseille-v2995469\" target=\"_blank\" rel=\"noopener\">Marseille<\/a> avec <strong>un temps globalement nuageux<\/strong>. Les temp\u00e9ratures maximales oscillent de <strong>7\u00a0\u00b0C \u00e0 9\u00a0\u00b0C<\/strong>, les minimales fr\u00f4lent <strong>0\u00a0\u00b0C<\/strong>, et les nuits sont parfois froides. On note des pointes de vent significatives \u00e0 partir du <strong>6 janvier, jusqu\u2019\u00e0 43\u00a0km\/h<\/strong> en rafales le mardi puis le mercredi.<\/p>\n<p>Les pr\u00e9cipitations restent faibles sur la p\u00e9riode, n\u2019exc\u00e9dant pas <strong>13\u00a0%<\/strong> de probabilit\u00e9 journali\u00e8re. Le vent d\u2019ouest, assez soutenu, accentue la sensation de froid, surtout au petit matin. Quelques trou\u00e9es laissent appara\u00eetre le soleil, plus marqu\u00e9es autour du week-end.<\/p>\n<p>    Semaine du 12 au 18 janvier\u00a0: redoux progressif et instabilit\u00e9<\/p>\n<p>La deuxi\u00e8me semaine amorce une remont\u00e9e des temp\u00e9ratures. Les maximales passent de <strong>8 \u00e0 14\u00a0\u00b0C<\/strong> entre le 12 et le 16 janvier, soit une progression de <strong>6\u00a0\u00b0C<\/strong> sur cinq jours. Les minimales suivent le mouvement, atteignant <strong>jusqu\u2019\u00e0 13\u00a0\u00b0C<\/strong> le 16 janvier.<\/p>\n<p>Des passages pluvieux se manifestent, en particulier le <strong>15 janvier<\/strong> (pluie faible, 13\u00a0% de probabilit\u00e9). Le vent reste pr\u00e9sent, avec de nouvelles bouff\u00e9es \u00e0 <strong>35 \u00e0 55\u00a0km\/h<\/strong> autour du 11 et du 12 janvier, puis des valeurs comprises entre <strong>21 et 38\u00a0km\/h<\/strong> jusqu\u2019au 16 janvier. L\u2019impression g\u00e9n\u00e9rale est au temps doux et agit\u00e9, typique de ces \u00e9pisodes de redoux d\u2019hiver en Provence.<\/p>\n<p>    Du 19 janvier \u00e0 la fin du mois\u00a0: tendance saisonni\u00e8re<\/p>\n<p>\u00c0 partir du <strong>18 janvier<\/strong>, la m\u00e9t\u00e9o devrait retrouver les moyennes saisonni\u00e8res marseillaises observ\u00e9es habituellement \u00e0 Lyon pour janvier en l\u2019absence de donn\u00e9es sp\u00e9cifiques.<\/p>\n<p><strong>Les temp\u00e9ratures maximales se situent en g\u00e9n\u00e9ral entre 10 et 12\u00a0\u00b0C<\/strong>, avec des minimales autour de <strong>3 \u00e0 5\u00a0\u00b0C<\/strong>. Les pluies deviennent plus rares. Les coups de vent typiques de la M\u00e9diterran\u00e9e peuvent survenir, mais l\u2019ensoleillement retrouve progressivement sa place, surtout en fin de mois o\u00f9 les hautes pressions sont fr\u00e9quentes sur le sud-est de la France.<\/p>\n<p>La variabilit\u00e9 reste \u00e9lev\u00e9e, mais on conserve globalement une dominante s\u00e8che et des conditions bien ensoleill\u00e9es par intermittence. Les \u00e9pisodes de gel sont rares sur la c\u00f4te.<\/p>\n<p>    Tableau r\u00e9capitulatif\u00a0: m\u00e9t\u00e9o semaine apr\u00e8s semaine<\/p>\n<tr>SemaineTemp\u00e9ratures maximalesTemp\u00e9ratures minimalesVent moyenPluviom\u00e9trie<\/tr>\n<tr>\n<td style=\"text-align:center;\">5 au 11 janvier<\/td>\n<td style=\"text-align:center;\">7 \u00e0 9\u00a0\u00b0C<\/td>\n<td style=\"text-align:center;\">-1 \u00e0 5\u00a0\u00b0C<\/td>\n<td style=\"text-align:center;\">16 \u00e0 55\u00a0km\/h<\/td>\n<td style=\"text-align:center;\">5-13\u00a0%<\/td>\n<\/tr>\n<tr>\n<td style=\"text-align:center;\">12 au 18 janvier<\/td>\n<td style=\"text-align:center;\">8 \u00e0 14\u00a0\u00b0C<\/td>\n<td style=\"text-align:center;\">3 \u00e0 13\u00a0\u00b0C<\/td>\n<td style=\"text-align:center;\">21 \u00e0 55\u00a0km\/h<\/td>\n<td style=\"text-align:center;\">5-13\u00a0%<\/td>\n<\/tr>\n<tr>\n<td style=\"text-align:center;\">19 au 25 janvier<\/td>\n<td style=\"text-align:center;\">10 \u00e0 12\u00a0\u00b0C<\/td>\n<td style=\"text-align:center;\">3 \u00e0 5\u00a0\u00b0C<\/td>\n<td style=\"text-align:center;\">15 \u00e0 30\u00a0km\/h<\/td>\n<td style=\"text-align:center;\">5\u00a0%<\/td>\n<\/tr>\n<tr>\n<td style=\"text-align:center;\">26 au 31 janvier<\/td>\n<td style=\"text-align:center;\">10 \u00e0 12\u00a0\u00b0C<\/td>\n<td style=\"text-align:center;\">4 \u00e0 6\u00a0\u00b0C<\/td>\n<td style=\"text-align:center;\">15 \u00e0 25\u00a0km\/h<\/td>\n<td style=\"text-align:center;\">5\u00a0%<\/td>\n<\/tr>\n<p>    Conseils pratiques \/ \u00c0 retenir<\/p>\n<ul>\n<li>Pensez \u00e0 bien vous couvrir le matin en cas de gel ou de mistral.<\/li>\n<li>Pr\u00e9voyez une veste coupe-vent, notamment lors des journ\u00e9es \u00e0 plus de <strong>30\u00a0km\/h<\/strong> de vent.<\/li>\n<li>Restez attentifs aux bulletins m\u00e9t\u00e9o avant chaque sortie en mer \u2013 la mer reste agit\u00e9e lors des coups de vent.<\/li>\n<li>Status hivernal favorable aux activit\u00e9s ext\u00e9rieures hors \u00e9pisode venteux\u00a0: privil\u00e9giez les plages horaires ensoleill\u00e9es annonc\u00e9es.<\/li>\n<\/ul>\n<p>En janvier, \u00e0 Marseille, la m\u00e9t\u00e9o m\u00eale fra\u00eecheur, soleil intermittent et \u00e9pisodes venteux. Cette variabilit\u00e9 fait tout le charme de la cit\u00e9 phoc\u00e9enne en hiver tout en n\u00e9cessitant un minimum de vigilance au quotidien.<\/p>\n","protected":false},"excerpt":{"rendered":"Marseille d\u00e9marre l\u2019ann\u00e9e 2026 sous des conditions m\u00e9t\u00e9orologiques contrast\u00e9es. Coup de froid en d\u00e9but de mois, rafales notables,&hellip;\n","protected":false},"author":2,"featured_media":637868,"comment_status":"","ping_status":"","sticky":false,"template":"","format":"standard","meta":{"footnotes":""},"categories":[2814],"tags":[1111,11,1777,674,1011,27,884,12,882,25],"class_list":{"0":"post-637867","1":"post","2":"type-post","3":"status-publish","4":"format-standard","5":"has-post-thumbnail","7":"category-marseille","8":"tag-actu","9":"tag-actualites","10":"tag-eu","11":"tag-europe","12":"tag-fr","13":"tag-france","14":"tag-marseille","15":"tag-news","16":"tag-provence-alpes-cote-dazur","17":"tag-republique-francaise"},"share_on_mastodon":{"url":"https:\/\/pubeurope.com\/@fr\/115830121022598342","error":""},"_links":{"self":[{"href":"https:\/\/www.europesays.com\/fr\/wp-json\/wp\/v2\/posts\/637867","targetHints":{"allow":["GET"]}}],"collection":[{"href":"https:\/\/www.europesays.com\/fr\/wp-json\/wp\/v2\/posts"}],"about":[{"href":"https:\/\/www.europesays.com\/fr\/wp-json\/wp\/v2\/types\/post"}],"author":[{"embeddable":true,"href":"https:\/\/www.europesays.com\/fr\/wp-json\/wp\/v2\/users\/2"}],"replies":[{"embeddable":true,"href":"https:\/\/www.europesays.com\/fr\/wp-json\/wp\/v2\/comments?post=637867"}],"version-history":[{"count":0,"href":"https:\/\/www.europesays.com\/fr\/wp-json\/wp\/v2\/posts\/637867\/revisions"}],"wp:featuredmedia":[{"embeddable":true,"href":"https:\/\/www.europesays.com\/fr\/wp-json\/wp\/v2\/media\/637868"}],"wp:attachment":[{"href":"https:\/\/www.europesays.com\/fr\/wp-json\/wp\/v2\/media?parent=637867"}],"wp:term":[{"taxonomy":"category","embeddable":true,"href":"https:\/\/www.europesays.com\/fr\/wp-json\/wp\/v2\/categories?post=637867"},{"taxonomy":"post_tag","embeddable":true,"href":"https:\/\/www.europesays.com\/fr\/wp-json\/wp\/v2\/tags?post=637867"}],"curies":[{"name":"wp","href":"https:\/\/api.w.org\/{rel}","templated":true}]}}