{"id":637869,"date":"2026-01-03T08:02:12","date_gmt":"2026-01-03T08:02:12","guid":{"rendered":"https:\/\/www.europesays.com\/fr\/637869\/"},"modified":"2026-01-03T08:02:12","modified_gmt":"2026-01-03T08:02:12","slug":"des-travaux-sur-laxe-lyon-valence-a-partir-du-5-janvier","status":"publish","type":"post","link":"https:\/\/www.europesays.com\/fr\/637869\/","title":{"rendered":"des travaux sur l\u2019axe Lyon \u2013 Valence \u00e0 partir du 5 janvier"},"content":{"rendered":"<p>Les travaux vont durer un mois, le r\u00e9seau SNCF entreprend des travaux de maintenance sur diff\u00e9rents secteurs de la Vall\u00e9e du Rh\u00f4ne et l\u2019axe Lyon-Valence est concern\u00e9.<\/p>\n<p>Du lundi\u00a05 au vendredi 30\u00a0janvier, les travaux auront lieu en semaine, entre 9h et 16h. Ils entra\u00eeneront une interruption des circulations ferroviaires entre Lyon et Pierrelatte durant les plages horaires concern\u00e9es. Les trains reliant <a href=\"https:\/\/www.leprogres.fr\/economie\/2025\/12\/19\/gare-de-lyon-part-dieu-la-mue-se-poursuit-avec-la-fin-des-travaux-du-hall-1\" target=\"_blank\" rel=\"noopener\">Lyon-Part-Dieu<\/a> \u00e0 Avignon ne desserviront alors que les gares de Saint-P\u00e9ray et du Teil.<\/p>\n<p>Pour pallier ces interruptions, des navettes par autocars seront mises en place entre Saint-P\u00e9ray et Valence, ainsi qu\u2019entre Le Teil et Mont\u00e9limar.<\/p>\n<p>  Des autocars pour assurer la continuit\u00e9 du service<\/p>\n<p>D\u2019autres liaisons par autocars sont \u00e9galement pr\u00e9vues sur les axes Lyon-Perrache \u2013 Vienne, Lyon-Part-Dieu \u2013 Valence et Valence \u2013 Avignon.<\/p>\n<p>Les perturbations se poursuivront le samedi 31\u00a0janvier et le dimanche 1\u1d49\u02b3 f\u00e9vrier, jusqu\u2019\u00e0 16 h.<\/p>\n<p>Durant ce week-end, les trains Lyon-Part-Dieu \u2013 Avignon ne desserviront pas les gares de Saint-Rambert-d\u2019Albon, Saint-Vallier-sur-Rh\u00f4ne, Tain-l\u2019Hermitage et Valence. Des autocars de substitution seront mis en circulation entre Saint-P\u00e9ray et Valence, Lyon-Part-Dieu et Valence, ainsi qu\u2019entre Le P\u00e9age-de-Roussillon et Valence.<\/p>\n<p>Les voyageurs sont invit\u00e9s \u00e0 consulter le d\u00e9tail des travaux et des adaptations de circulation sur le <a href=\"https:\/\/www.ter.sncf.com\/auvergne-rhone-alpes\/se-deplacer\/info-trafic\/travaux\" target=\"_blank\" rel=\"noopener\">site du TER Auvergne \u2013 Rh\u00f4ne-Alpes<\/a>.<\/p>\n","protected":false},"excerpt":{"rendered":"Les travaux vont durer un mois, le r\u00e9seau SNCF entreprend des travaux de maintenance sur diff\u00e9rents secteurs de&hellip;\n","protected":false},"author":2,"featured_media":637870,"comment_status":"","ping_status":"","sticky":false,"template":"","format":"standard","meta":{"footnotes":""},"categories":[1889],"tags":[1111,11,2430,3542,2757,1777,674,107,1011,27,2428,2756,12,25,2429,2803],"class_list":{"0":"post-637869","1":"post","2":"type-post","3":"status-publish","4":"format-standard","5":"has-post-thumbnail","7":"category-lyon","8":"tag-actu","9":"tag-actualites","10":"tag-auvergne-rhone-alpes","11":"tag-circulation","12":"tag-edition-lyon-villeurbanne","13":"tag-eu","14":"tag-europe","15":"tag-fil-info","16":"tag-fr","17":"tag-france","18":"tag-lyon","19":"tag-lyon-bassin","20":"tag-news","21":"tag-republique-francaise","22":"tag-rhone","23":"tag-transport"},"share_on_mastodon":{"url":"https:\/\/pubeurope.com\/@fr\/115830124920188319","error":""},"_links":{"self":[{"href":"https:\/\/www.europesays.com\/fr\/wp-json\/wp\/v2\/posts\/637869","targetHints":{"allow":["GET"]}}],"collection":[{"href":"https:\/\/www.europesays.com\/fr\/wp-json\/wp\/v2\/posts"}],"about":[{"href":"https:\/\/www.europesays.com\/fr\/wp-json\/wp\/v2\/types\/post"}],"author":[{"embeddable":true,"href":"https:\/\/www.europesays.com\/fr\/wp-json\/wp\/v2\/users\/2"}],"replies":[{"embeddable":true,"href":"https:\/\/www.europesays.com\/fr\/wp-json\/wp\/v2\/comments?post=637869"}],"version-history":[{"count":0,"href":"https:\/\/www.europesays.com\/fr\/wp-json\/wp\/v2\/posts\/637869\/revisions"}],"wp:featuredmedia":[{"embeddable":true,"href":"https:\/\/www.europesays.com\/fr\/wp-json\/wp\/v2\/media\/637870"}],"wp:attachment":[{"href":"https:\/\/www.europesays.com\/fr\/wp-json\/wp\/v2\/media?parent=637869"}],"wp:term":[{"taxonomy":"category","embeddable":true,"href":"https:\/\/www.europesays.com\/fr\/wp-json\/wp\/v2\/categories?post=637869"},{"taxonomy":"post_tag","embeddable":true,"href":"https:\/\/www.europesays.com\/fr\/wp-json\/wp\/v2\/tags?post=637869"}],"curies":[{"name":"wp","href":"https:\/\/api.w.org\/{rel}","templated":true}]}}