{"id":637871,"date":"2026-01-03T08:03:10","date_gmt":"2026-01-03T08:03:10","guid":{"rendered":"https:\/\/www.europesays.com\/fr\/637871\/"},"modified":"2026-01-03T08:03:10","modified_gmt":"2026-01-03T08:03:10","slug":"au-fil-de-lactu-avec-claire-delamarche-musicologue-et-conservatrice-de-lorgue-de-lauditorium-de-lyon","status":"publish","type":"post","link":"https:\/\/www.europesays.com\/fr\/637871\/","title":{"rendered":"Au fil de l&rsquo;actu avec Claire Delamarche, musicologue et conservatrice de l&rsquo;orgue de l&rsquo;Auditorium de Lyon"},"content":{"rendered":"<p class=\"PopSlotParagraph qg-tx2 qg-xtra-lh svelte-1r0pyek\">Claire Delamarche,\u00a0 musicologue et conservatrice de l&rsquo;orgue, nous parle de son travail de restauration, \u00e0 l&rsquo;occasion de la premi\u00e8re biennale de l&rsquo;orgue de l&rsquo;Auditorium de Lyon. Une nouvelle biennale dont l&rsquo;ambition est d&rsquo;ancrer l\u2019orgue dans notre soci\u00e9t\u00e9 contemporaine. L\u2019instrument aux mille couleurs nous emm\u00e8ne \u00e0 Bora-Bora et en Californie pour nous faire r\u00e9fl\u00e9chir \u00e0 la beaut\u00e9 et \u00e0 la fragilit\u00e9 de notre plan\u00e8te.<\/p>\n<p class=\"PopSlotParagraph qg-tx2 qg-xtra-lh svelte-1r0pyek\">Plus d&rsquo;informations sur le site de <a href=\"https:\/\/www.auditorium-lyon.com\/fr\/biennale-orgue\" target=\"_blank\" rel=\"noopener noreferrer\" class=\"\" data-testid=\"link\">l&rsquo;Auditorium de Lyon<\/a>\u00a0\ud83d\udc49\u00a0<a href=\"https:\/\/www.auditorium-lyon.com\/fr\/biennale-orgue\" target=\"_blank\" rel=\"noopener noreferrer\" class=\"\" data-testid=\"link\">ici<\/a><\/p>\n","protected":false},"excerpt":{"rendered":"Claire Delamarche,\u00a0 musicologue et conservatrice de l&rsquo;orgue, nous parle de son travail de restauration, \u00e0 l&rsquo;occasion de la&hellip;\n","protected":false},"author":2,"featured_media":637872,"comment_status":"","ping_status":"","sticky":false,"template":"","format":"standard","meta":{"footnotes":""},"categories":[1889],"tags":[1111,11,2430,1777,674,1011,27,2428,12,25],"class_list":{"0":"post-637871","1":"post","2":"type-post","3":"status-publish","4":"format-standard","5":"has-post-thumbnail","7":"category-lyon","8":"tag-actu","9":"tag-actualites","10":"tag-auvergne-rhone-alpes","11":"tag-eu","12":"tag-europe","13":"tag-fr","14":"tag-france","15":"tag-lyon","16":"tag-news","17":"tag-republique-francaise"},"share_on_mastodon":{"url":"https:\/\/pubeurope.com\/@fr\/115830128792289219","error":""},"_links":{"self":[{"href":"https:\/\/www.europesays.com\/fr\/wp-json\/wp\/v2\/posts\/637871","targetHints":{"allow":["GET"]}}],"collection":[{"href":"https:\/\/www.europesays.com\/fr\/wp-json\/wp\/v2\/posts"}],"about":[{"href":"https:\/\/www.europesays.com\/fr\/wp-json\/wp\/v2\/types\/post"}],"author":[{"embeddable":true,"href":"https:\/\/www.europesays.com\/fr\/wp-json\/wp\/v2\/users\/2"}],"replies":[{"embeddable":true,"href":"https:\/\/www.europesays.com\/fr\/wp-json\/wp\/v2\/comments?post=637871"}],"version-history":[{"count":0,"href":"https:\/\/www.europesays.com\/fr\/wp-json\/wp\/v2\/posts\/637871\/revisions"}],"wp:featuredmedia":[{"embeddable":true,"href":"https:\/\/www.europesays.com\/fr\/wp-json\/wp\/v2\/media\/637872"}],"wp:attachment":[{"href":"https:\/\/www.europesays.com\/fr\/wp-json\/wp\/v2\/media?parent=637871"}],"wp:term":[{"taxonomy":"category","embeddable":true,"href":"https:\/\/www.europesays.com\/fr\/wp-json\/wp\/v2\/categories?post=637871"},{"taxonomy":"post_tag","embeddable":true,"href":"https:\/\/www.europesays.com\/fr\/wp-json\/wp\/v2\/tags?post=637871"}],"curies":[{"name":"wp","href":"https:\/\/api.w.org\/{rel}","templated":true}]}}