{"id":637873,"date":"2026-01-03T08:05:14","date_gmt":"2026-01-03T08:05:14","guid":{"rendered":"https:\/\/www.europesays.com\/fr\/637873\/"},"modified":"2026-01-03T08:05:14","modified_gmt":"2026-01-03T08:05:14","slug":"ou-la-neige-pourrait-elle-tomber-ce-samedi","status":"publish","type":"post","link":"https:\/\/www.europesays.com\/fr\/637873\/","title":{"rendered":"o\u00f9 la neige pourrait-elle tomber ce samedi\u00a0?"},"content":{"rendered":"<p>                    Par<br \/>\n        <strong><br \/>\n            <a href=\"https:\/\/actu.fr\/auteur\/redaction-paris\" title=\"Consulter tous les articles de R\u00e9daction Paris\" target=\"_blank\" rel=\"noopener\">R\u00e9daction Paris<\/a><br \/>\n                    <\/strong><\/p>\n<p>        Publi\u00e9 le<\/p>\n<p>            3 janv. 2026 \u00e0 6h38        <\/p>\n<p>Les premiers flocons de <a href=\"https:\/\/actu.fr\/tag\/neige\" target=\"_blank\" rel=\"noopener\">neige<\/a> sont tomb\u00e9s \u00e0 Paris et en \u00cele-de-France vendredi 2 d\u00e9cembre et ce samedi, d\u2019autres sont annonc\u00e9s dans la r\u00e9gion par <a href=\"https:\/\/actu.fr\/tag\/meteo-france\" target=\"_blank\" rel=\"noopener\">M\u00e9t\u00e9o-France<\/a> tandis que <a href=\"https:\/\/actu.fr\/ile-de-france\/paris_75056\/neige-et-temperatures-glaciales-au-programme-de-la-meteo-de-ce-week-end-a-paris-et-en-ile-de-france_63644686.html\" target=\"_blank\" rel=\"noopener\">la vague de froid<\/a> se confirme. La r\u00e9gion est plac\u00e9e en <strong>vigilance jaune neige-verglas<\/strong>.\u00a0<\/p>\n<p>Des flocons avant un grand soleil ?\u00a0<\/p>\n<p class=\" wall-content\">Ce samedi 3 d\u00e9cembre, si des pays de Loire au Nord, la journ\u00e9e se d\u00e9roulera globalement sous le soleil, M\u00e9t\u00e9o-France pr\u00e9voit tout de m\u00eame quelques flocons de neige ce matin. Ceux-ci sont annonc\u00e9s dans le nord des Yvelines, le Val-d\u2019Oise, l\u2019Essonne, sur l\u2019ensemble de la petite couronne ainsi que Paris. Les Seine-et-Marnais devraient conna\u00eetre, eux des averses de pluie et neige m\u00e9lang\u00e9es. Les quantit\u00e9s de neige attendues sont faibles.\u00a0<\/p>\n<p class=\" wall-content\">Cette perturbation devrait ensuite laisser place \u00e0 un grand soleil sur l\u2019ensemble de la r\u00e9gion dans l\u2019apr\u00e8s-midi. Les temp\u00e9ratures, n\u00e9gatives durant la nuit, ne s\u2019\u00e9l\u00e8veront ensuite gu\u00e8re au-dessus de 3-4\u00b0C.<\/p>\n<p>    <img   decoding=\"async\" loading=\"lazy\" src=\"https:\/\/www.europesays.com\/fr\/wp-content\/uploads\/2026\/01\/image-54-960x640.png\" alt=\"Quelques flocons sont annonc\u00e9s en \u00cele-de-France ce samedi matin\" width=\"960\" height=\"640\"\/><br \/>\n    Quelques flocons sont annonc\u00e9s en \u00cele-de-France ce samedi matin (\u00a9M\u00e9t\u00e9o France)<\/p>\n<p class=\" wall-content\">Dimanche, le soleil sera encore largement pr\u00e9sent dans le ciel avec encore des temp\u00e9ratures basses. On attend -1\u00b0C le matin dans la capitale et pas plus de 3\u00b0C dans l\u2019apr\u00e8s-midi.\u00a0<\/p>\n<p class=\" wall-content\">Le d\u00e9but de semaine devrait commencer sur le m\u00eame ton mais la neige pourrait \u00e0 nouveau faire son apparition dans l\u2019apr\u00e8s-midi.\u00a0<\/p>\n<p class=\" wall-content\">Personnalisez votre actualit\u00e9 en ajoutant vos villes et m\u00e9dias en favori avec <a href=\"https:\/\/moncompte.actu.fr\" title=\"D\u00e9couvez Mon Actu\" rel=\"nofollow noopener\" data-trk=\"{&quot;cta&quot;:{&quot;action&quot;:&quot;https:\\\/\\\/moncompte.actu.fr&quot;,&quot;category&quot;:&quot;mon compte&quot;,&quot;from&quot;:&quot;article footer&quot;,&quot;name&quot;:&quot;Mon actu&quot;,&quot;type&quot;:&quot;cta&quot;}}\" target=\"_blank\">Mon Actu<\/a>.<\/p>\n","protected":false},"excerpt":{"rendered":"Par R\u00e9daction Paris Publi\u00e9 le 3 janv. 2026 \u00e0 6h38 Les premiers flocons de neige sont tomb\u00e9s \u00e0&hellip;\n","protected":false},"author":2,"featured_media":637874,"comment_status":"","ping_status":"","sticky":false,"template":"","format":"standard","meta":{"footnotes":""},"categories":[1592],"tags":[1111,11,1777,674,1011,27,662,2487,2357,10584,12,626,25],"class_list":{"0":"post-637873","1":"post","2":"type-post","3":"status-publish","4":"format-standard","5":"has-post-thumbnail","7":"category-ile-de-france","8":"tag-actu","9":"tag-actualites","10":"tag-eu","11":"tag-europe","12":"tag-fr","13":"tag-france","14":"tag-ile-de-france","15":"tag-meteo","16":"tag-meteo-france","17":"tag-neige","18":"tag-news","19":"tag-paris","20":"tag-republique-francaise"},"share_on_mastodon":{"url":"https:\/\/pubeurope.com\/@fr\/115830136829235381","error":""},"_links":{"self":[{"href":"https:\/\/www.europesays.com\/fr\/wp-json\/wp\/v2\/posts\/637873","targetHints":{"allow":["GET"]}}],"collection":[{"href":"https:\/\/www.europesays.com\/fr\/wp-json\/wp\/v2\/posts"}],"about":[{"href":"https:\/\/www.europesays.com\/fr\/wp-json\/wp\/v2\/types\/post"}],"author":[{"embeddable":true,"href":"https:\/\/www.europesays.com\/fr\/wp-json\/wp\/v2\/users\/2"}],"replies":[{"embeddable":true,"href":"https:\/\/www.europesays.com\/fr\/wp-json\/wp\/v2\/comments?post=637873"}],"version-history":[{"count":0,"href":"https:\/\/www.europesays.com\/fr\/wp-json\/wp\/v2\/posts\/637873\/revisions"}],"wp:featuredmedia":[{"embeddable":true,"href":"https:\/\/www.europesays.com\/fr\/wp-json\/wp\/v2\/media\/637874"}],"wp:attachment":[{"href":"https:\/\/www.europesays.com\/fr\/wp-json\/wp\/v2\/media?parent=637873"}],"wp:term":[{"taxonomy":"category","embeddable":true,"href":"https:\/\/www.europesays.com\/fr\/wp-json\/wp\/v2\/categories?post=637873"},{"taxonomy":"post_tag","embeddable":true,"href":"https:\/\/www.europesays.com\/fr\/wp-json\/wp\/v2\/tags?post=637873"}],"curies":[{"name":"wp","href":"https:\/\/api.w.org\/{rel}","templated":true}]}}