{"id":637875,"date":"2026-01-03T08:06:09","date_gmt":"2026-01-03T08:06:09","guid":{"rendered":"https:\/\/www.europesays.com\/fr\/637875\/"},"modified":"2026-01-03T08:06:09","modified_gmt":"2026-01-03T08:06:09","slug":"entre-le-marteau-et-lenclume-les-habitants-du-4e-uses-par-la-politique-dhidalgo","status":"publish","type":"post","link":"https:\/\/www.europesays.com\/fr\/637875\/","title":{"rendered":"entre le marteau et l&rsquo;enclume, les habitants du 4e us\u00e9s par la politique d&rsquo;Hidalgo"},"content":{"rendered":"<p>                    Par<br \/>\n        <strong><br \/>\n            <a href=\"https:\/\/actu.fr\/auteur\/ines-cussac-actu-fr\" title=\"Consulter tous les articles de In\u00e8s Cussac\" target=\"_blank\" rel=\"noopener\">In\u00e8s Cussac<\/a><br \/>\n                    <\/strong><\/p>\n<p>        Publi\u00e9 le<\/p>\n<p>            3 janv. 2026 \u00e0 8h48        <\/p>\n<p>L&rsquo;essentiel<\/p>\n<ul>\n<li>En mars 2026, Paris aura un ou une nouvelle maire, Anne Hidalgo (PS) ayant d\u00e9cid\u00e9 de ne pas briguer de troisi\u00e8me mandat. L\u2019enjeu majeur est identifi\u00e9 : la capitale basculera-t-elle \u00e0 droite, apr\u00e8s vingt-cinq ans de gouvernance socialiste ? \u00c0 trois mois du scrutin, la gauche a ent\u00e9rin\u00e9 un accord in\u00e9dit pour une union (hors LFI) d\u00e8s le premier tour (15 mars) en se rangeant derri\u00e8re Emmanuel Gr\u00e9goire ; la droite appara\u00eet toujours divis\u00e9e.<\/li>\n<li>Un \u00e9l\u00e9ment plus technique pourrait aussi redistribuer les cartes \u00e0 l\u2019issue du second tour (22 mars) : la r\u00e9forme de la loi PLM, contest\u00e9e, mais valid\u00e9e par le Conseil constitutionnel (lire l\u2019encadr\u00e9), et qui introduit pour la premi\u00e8re fois depuis quarante ans un double scrutin.<\/li>\n<li>Avant que les \u00e9lecteurs parisiens se prononcent, actu Paris a cherch\u00e9 \u00e0 prendre la temp\u00e9rature aupr\u00e8s d\u2019eux. En allant \u00e0 leur rencontre dans les all\u00e9es des hauts lieux de la vie locale que sont les march\u00e9s, et en leur demandant ce qu&rsquo;ils attendent vraiment des \u00e9lections municipales, ce qu&rsquo;elles doivent changer dans leur vie de tous les jours. Dans le sixi\u00e8me \u00e9pisode de notre s\u00e9rie, direction Paris Centre dans le 4e arrondissement.<\/li>\n<\/ul>\n<p>Chez les nec plus ultra de Paris que sont les habitants du <strong>Marais<\/strong>, la vie de la capitale se d\u00e9roule au pied de l\u2019immeuble. R\u00e9sider dans <a href=\"https:\/\/actu.fr\/ile-de-france\/paris_75056\/morts-epidemie-explosion-cette-paisible-rue-de-paris-a-une-histoire-bien-dramatique_59700755.html\" target=\"_blank\" rel=\"noopener\">le 4e arrondissement<\/a>, c\u2019est vivre dans la vitrine politique, \u00e9conomique, culturelle et sociale de la cit\u00e9. \u00ab\u2009On est aux premi\u00e8res loges de tout ce qu\u2019il se passe \u00e0 Paris\u2009\u00bb, plastronne Carla sous sa chevelure blonde et le bouquet de mimosa en main. La n\u00e9o-Parisienne venue d\u2019Ajaccio (Corse) visait justement Paris Centre lors de ses recherches d\u2019appartements en arrivant en \u00cele-de-France en 2019. Dans son nid \u00e0 deux pas de la Seine, <a href=\"https:\/\/actu.fr\/societe\/paris-moins-pollution-sur-berges-dans-centre-mais-plus-peripherie_474254.html\" target=\"_blank\" rel=\"noopener\">les vrombissements des voitures sont en sourdine<\/a>, le temps pass\u00e9 dans le m\u00e9tro est infime et les concept-stores poussent aussi vite que <a href=\"https:\/\/actu.fr\/ile-de-france\/paris_75056\/paris-va-devenir-belle-et-agreable-sur-le-parvis-de-l-hotel-de-ville-la-future-foret-urbaine-prend-vie_62131532.html\" target=\"_blank\" rel=\"noopener\">les arbres de la capitale.<\/a><\/p>\n<p>Un taxi pour aller \u00e0 la mairie<\/p>\n<p class=\" wall-content\">En 2003, quand Emile choisit de quitter le 12e pour le 4e arrondissement, il a l\u2019ambition d\u2019y couler une retraite paisible et, lui aussi, de se \u00ab\u2009rapprocher de tout\u2009\u00bb. Il conna\u00eet tous les commerces, les \u00e9tablissements de sant\u00e9 et les mus\u00e9es de son quartier. Et non des moindres\u2009: c\u2019est au BHV que le septuag\u00e9naire se fournit en outillage, \u00e0 l\u2019H\u00f4tel-Dieu qu\u2019il passe ses examens m\u00e9dicaux et aux mus\u00e9es Carnavalet, Picasso et Cognacq-Jay qu\u2019il d\u00e9ambule par mauvais temps. Mais en 2016, le regroupement des 1er, 2e, 3e et 4e arrondissements de Paris dans une seule et m\u00eame mairie -d\u00e9sormais h\u00e9berg\u00e9e dans celle du 3e- le laisse pantois. \u00ab\u2009Je suis neutre en politique\u2009\u00bb, souligne-t-il d\u2019abord. \u00ab\u2009Mais l\u00e0, supprimer la mairie \u00e7a complique vraiment les choses. Avant c\u2019\u00e9tait \u00e0 deux pas et maintenant je dois prendre le taxi parce que ma femme est en fauteuil roulant. Je ne demande pas de remettre les passeports etc. mais juste les guichets pour les affaires de tous les jours\u2009\u00bb, demande-t-il sous son manteau lain\u00e9.<\/p>\n<p class=\" wall-content\">Cet \u00e9loignement g\u00e9ographique de la mairie en dit long sur la politique locale men\u00e9e dans le quartier, selon Daniel 68 ans. \u00ab\u2009C\u2019est toujours mieux quand on sent la proximit\u00e9 avec les \u00e9lus, quand ils vont sur le terrain eux-m\u00eames. C\u2019est trop th\u00e9orique maintenant\u2009\u00bb, souffle-t-il les mains fig\u00e9es dans les poches de sa parka \u00e9crue. \u00ab\u2009Alors on nous demande de faire des votes participatifs comme avec les trottinettes. J\u2019\u00e9tais all\u00e9e voter mais il n\u2019y a m\u00eame pas assez de monde pour que ce soit repr\u00e9sentatif\u2009\u00bb, rench\u00e9rit son \u00e9pouse Marie-H\u00e9l\u00e8ne. \u00ab\u2009Il y a un Conseil municipal. Les \u00e9lus doivent prendre leurs responsabilit\u00e9s. Peu importe le sujet, il ne faut pas passer son temps \u00e0 demander aux citoyens de tout d\u00e9cider \u00e0 leur place\u2009\u00bb, encha\u00eene Daniel.<\/p>\n<p>Plus de familles ni d\u2019enfants<\/p>\n<p class=\" wall-content\">Les deux retrait\u00e9s pourraient se revendiquer plus Parisiens que Haussmann, Baudelaire ou Piaf. Comme leurs parents, leurs enfants et leurs petits-enfants, ils ont toujours habit\u00e9 dans le 4e arrondissement. Si le Marais est la m\u00e9moire vivante de la capitale, Marie-H\u00e9l\u00e8ne et Daniel sont des t\u00e9moins de premi\u00e8re main de l\u2019\u00e9volution de leur quartier. Deux fois par semaine, le mercredi apr\u00e8s-midi et le samedi matin, ils foulent les pav\u00e9s de la place Baudoyer pour y remplir le chariot de courses. \u00ab\u2009\u00c0 Saint-Paul il y a tout mais ici c\u2019est frais et local. Le samedi, il y a un producteur de Seine-et-Marne qui vend ses produits bio\u2009\u00bb, illustre Marie-H\u00e9l\u00e8ne qui a aussi constat\u00e9 les \u00e9volutions d\u00e9mographiques de son territoire. \u00ab\u2009Il n\u2019y a plus de familles, plus d\u2019enfants ici. Ils retirent m\u00eame les \u00e9quipements pour les enfants dans le square pr\u00e8s de Pont Marie\u2009\u00bb, regrette-t-elle avant de compter avec Daniel le nombre d\u2019occupants de leur immeuble. \u00ab\u2009Il y a encore cinq appartements occup\u00e9s. Sur 18.\u2009\u00bb<\/p>\n<p class=\" wall-content\">La cage d\u2019escalier de Martine r\u00e9sonne aussi. \u00ab\u2009Les voisins habitent aux quatre coins du monde. Ils ne viennent que quelques semaines par an\u2009\u00bb, t\u00e9moigne cette femme au b\u00e9ret pos\u00e9 sur ses courts cheveux blancs. Kamel aussi a constat\u00e9 le d\u00e9part de ses clients habituels. La faute, selon lui, au d\u00e9m\u00e9nagement de la mairie qui a c\u00e9d\u00e9 la place \u00e0 l\u2019Acad\u00e9mie du Climat. \u00ab\u2009Il y a une baisse du chiffre d\u2019affaires par rapport \u00e0 quand il y avait la mairie ici. Les gens ne sont plus les m\u00eames et ils consomment moins\u2009\u00bb, indique le primeur de 51\u00a0ans dans sa doudoune noire. Le r\u00e9am\u00e9nagement de la rue de Rivoli constitue un autre probl\u00e8me selon lui. Bon nombre de riverains s\u2019accordent \u00e0 d\u00e9noncer cette mesure, l\u2019une des plus embl\u00e9matiques prises par Anne Hidalgo. Sauf Carla qui appr\u00e9cie ouvrir ses fen\u00eatres <a href=\"https:\/\/actu.fr\/ile-de-france\/paris_75056\/carte-six-mois-de-travaux-pour-agrandir-a-nouveau-la-piste-cyclable-rue-de-rivoli-a-paris_46806773.html\" target=\"_blank\" rel=\"noopener\">sans entendre le bruit des pots d\u2019\u00e9chappement<\/a>. \u00ab\u2009Les artisans ne veulent jamais venir \u00e0 la maison quand il y a des travaux \u00e0 faire. O\u00f9 alors ils nous font payer des frais suppl\u00e9mentaires en pr\u00e9vision de la route qu\u2019ils devront faire en plus pour venir ici \u00e0 pied\u2009\u00bb, explique Martine.<\/p>\n<p class=\" wall-content\">Comme elle, Daniel et Emile d\u00e9plorent des mesures prises sans concertation. \u00ab\u2009On a l\u2019impression d\u2019avoir laiss\u00e9 les cl\u00e9s \u00e0 des ados\u2009\u00bb, sourit Daniel encore marqu\u00e9 par le voyage le Tahiti Gate. Comme tous ses voisins, il ignore encore le bulletin qu\u2019il glissera dans l\u2019urne au mois de mars\u00a02026. \u00ab\u2009Traditionnellement, on vote \u00e0 gauche\u2009\u00bb, souligne Marie-H\u00e9l\u00e8ne qui avoue\u2009: \u00ab\u2009Pour la premi\u00e8re fois, je vais peut-\u00eatre voter \u00e0 droite. M\u00eame si je ne peux pas me voir Dati.\u2009\u00bb<\/p>\n<p class=\" wall-content\">Personnalisez votre actualit\u00e9 en ajoutant vos villes et m\u00e9dias en favori avec <a href=\"https:\/\/moncompte.actu.fr\" title=\"D\u00e9couvez Mon Actu\" rel=\"nofollow noopener\" data-trk=\"{&quot;cta&quot;:{&quot;action&quot;:&quot;https:\\\/\\\/moncompte.actu.fr&quot;,&quot;category&quot;:&quot;mon compte&quot;,&quot;from&quot;:&quot;article footer&quot;,&quot;name&quot;:&quot;Mon actu&quot;,&quot;type&quot;:&quot;cta&quot;}}\" target=\"_blank\">Mon Actu<\/a>.<\/p>\n","protected":false},"excerpt":{"rendered":"Par In\u00e8s Cussac Publi\u00e9 le 3 janv. 2026 \u00e0 8h48 L&rsquo;essentiel En mars 2026, Paris aura un ou&hellip;\n","protected":false},"author":2,"featured_media":637876,"comment_status":"","ping_status":"","sticky":false,"template":"","format":"standard","meta":{"footnotes":""},"categories":[1888],"tags":[1111,1928,11,1927,1777,674,1011,27,24797,3434,12,1926,626,1925,25,104],"class_list":{"0":"post-637875","1":"post","2":"type-post","3":"status-publish","4":"format-standard","5":"has-post-thumbnail","7":"category-paris","8":"tag-actu","9":"tag-actu-paris","10":"tag-actualites","11":"tag-actualites-paris","12":"tag-eu","13":"tag-europe","14":"tag-fr","15":"tag-france","16":"tag-le-marais","17":"tag-municipales-2026","18":"tag-news","19":"tag-news-paris","20":"tag-paris","21":"tag-paris-news","22":"tag-republique-francaise","23":"tag-societe"},"share_on_mastodon":{"url":"https:\/\/pubeurope.com\/@fr\/115830140629180776","error":""},"_links":{"self":[{"href":"https:\/\/www.europesays.com\/fr\/wp-json\/wp\/v2\/posts\/637875","targetHints":{"allow":["GET"]}}],"collection":[{"href":"https:\/\/www.europesays.com\/fr\/wp-json\/wp\/v2\/posts"}],"about":[{"href":"https:\/\/www.europesays.com\/fr\/wp-json\/wp\/v2\/types\/post"}],"author":[{"embeddable":true,"href":"https:\/\/www.europesays.com\/fr\/wp-json\/wp\/v2\/users\/2"}],"replies":[{"embeddable":true,"href":"https:\/\/www.europesays.com\/fr\/wp-json\/wp\/v2\/comments?post=637875"}],"version-history":[{"count":0,"href":"https:\/\/www.europesays.com\/fr\/wp-json\/wp\/v2\/posts\/637875\/revisions"}],"wp:featuredmedia":[{"embeddable":true,"href":"https:\/\/www.europesays.com\/fr\/wp-json\/wp\/v2\/media\/637876"}],"wp:attachment":[{"href":"https:\/\/www.europesays.com\/fr\/wp-json\/wp\/v2\/media?parent=637875"}],"wp:term":[{"taxonomy":"category","embeddable":true,"href":"https:\/\/www.europesays.com\/fr\/wp-json\/wp\/v2\/categories?post=637875"},{"taxonomy":"post_tag","embeddable":true,"href":"https:\/\/www.europesays.com\/fr\/wp-json\/wp\/v2\/tags?post=637875"}],"curies":[{"name":"wp","href":"https:\/\/api.w.org\/{rel}","templated":true}]}}