{"id":637879,"date":"2026-01-03T08:08:22","date_gmt":"2026-01-03T08:08:22","guid":{"rendered":"https:\/\/www.europesays.com\/fr\/637879\/"},"modified":"2026-01-03T08:08:22","modified_gmt":"2026-01-03T08:08:22","slug":"il-voulait-faire-quoi-avec-a-paris-un-homme-arrete-apres-avoir-vole-lepee-de-la-statue-de-jeanne-darc","status":"publish","type":"post","link":"https:\/\/www.europesays.com\/fr\/637879\/","title":{"rendered":"\u00ab\u00a0Il voulait faire quoi avec\u00a0?\u00a0\u00bb\u00a0: \u00e0 Paris, un homme arr\u00eat\u00e9 apr\u00e8s avoir vol\u00e9 l\u2019\u00e9p\u00e9e de la statue de Jeanne d\u2019Arc"},"content":{"rendered":"<p class=\"paragraph text_align_left lp-f-body-02\">Admirateur ? D\u00e9tracteur ? Ou plut\u00f4t d\u00e9s\u00e9quilibr\u00e9 ? Diverses questions se posent apr\u00e8s l\u2019interpellation d\u2019un homme, vendredi \u00e0 Paris, soup\u00e7onn\u00e9 du vol de l\u2019\u00e9p\u00e9e de la statue \u00e9questre de <a href=\"https:\/\/www.leparisien.fr\/societe\/un-manquement-a-plus-de-170-000-euros-nice-obligee-de-demonter-une-statue-de-jeanne-darc-apres-un-recours-du-prefet-15-01-2025-VNXFZBEYYJGJNMJBFXMDU6QUR4.php\" target=\"_self\" rel=\"noopener\">Jeanne d\u2019Arc<\/a>, place Saint-Augustin (VIIIe arrondissement).<\/p>\n<p class=\"\">Le suspect a \u00e9t\u00e9 plac\u00e9 en garde \u00e0 vue, a-t-on appris de source proche du dossier, confirmant une information de l\u2019AFP. Les faits se sont produits ce vendredi 2 janvier, aux alentours de 10 heures. L\u2019homme, dont on ignore l\u2019\u00e2ge, se serait approch\u00e9 de la statue de Jeanne d\u2019Arc \u00e9rig\u00e9 sur la place.<\/p>\n<p class=\"\">Adjointe \u00e0 la mairie charg\u00e9e du patrimoine, Karen Ta\u00efeb a visionn\u00e9 les images de vid\u00e9osurveillance ayant captur\u00e9 les faits : \u00ab On voit l\u2019homme secouer violemment le cheval, avant d\u2019escalader la statue et casser l\u2019\u00e9p\u00e9e d\u2019un coup sec, \u00e0 mains nues. \u00bb L\u2019arme s\u2019est alors cass\u00e9e en \u00ab quelques morceaux \u00bb.<\/p>\n<p>Arr\u00eat\u00e9 l\u2019\u00e9p\u00e9e \u00e0 la main<\/p>\n<p class=\"\">Selon les premiers \u00e9l\u00e9ments port\u00e9s \u00e0 notre connaissance, l\u2019homme serait ensuite reparti dans une rue adjacente, l\u2019imposante \u00e9p\u00e9e dans la main\u2026 avant qu\u2019une patrouille de police qui passait par l\u00e0 ne l\u2019interpelle quelques instants plus tard. Le butin \u2014 endommag\u00e9 \u2014 a alors pu \u00eatre r\u00e9cup\u00e9r\u00e9.<\/p>\n<p class=\"lp-card-podcast-highlighting__title  lp-f-subtitle-05\">[2\/2] Vengeance et colis pi\u00e9g\u00e9\u00a0: le myst\u00e9rieux attentat de La\u00a0Baule<\/p>\n<p><a class=\"lp-card-podcast-highlighting__call-to-action\" data-page-type=\"HP\" data-block-name=\"podcast-highlight\">\u00c9couter<\/a><\/p>\n<p class=\"\">L\u2019individu a ensuite \u00e9t\u00e9 plac\u00e9 en garde \u00e0 vue dans les locaux du commissariat du VIIIe arrondissement. Un examen de comportement du suspect doit \u00eatre men\u00e9 pour v\u00e9rifier s\u2019il est atteint de troubles psychiatriques. La mairie du VIIIe va porter plainte. Contact\u00e9 sur ce dossier, le parquet de Paris n\u2019a pas r\u00e9pondu \u00e0 nos demandes. <\/p>\n<p class=\"\">Quelques heures apr\u00e8s les faits, la statue est toujours d\u00e9lest\u00e9e de son \u00e9p\u00e9e : il n\u2019en reste que le manche, brandi dans les airs. L\u2019histoire fait sourire ce serveur d\u2019un bistrot voisin, loin de se douter de la raison de la \u00ab pr\u00e9sence de policiers autour de la statue ce matin \u00bb. Il poursuit, hilare : \u00ab Mais il voulait faire quoi avec ? \u00bb<\/p>\n<p>Bient\u00f4t r\u00e9par\u00e9e ou reproduite<\/p>\n<p class=\"\">Karen Ta\u00efeb explique qu\u2019une \u00e9valuation des d\u00e9g\u00e2ts sur l\u2019\u00e9p\u00e9e de bronze va \u00eatre men\u00e9e dans les prochains jours, afin de savoir si elle peut \u00eatre r\u00e9par\u00e9e. Dans le cas contraire, elle sera reproduite \u00e0 l\u2019identique. \u00ab Quoi qu\u2019il en soit, Jeanne d\u2019Arc va retrouver son \u00e9p\u00e9e \u00bb, promet l\u2019adjointe \u00e0 la mairie, qui \u00e9voque un \u00ab incident rarissime \u00bb. Cette statue \u00e9questre, propri\u00e9t\u00e9 du mus\u00e9e d\u2019Orsay mais \u00ab en d\u00e9p\u00f4t \u00bb \u00e0 la Ville de Paris, avait \u00e9t\u00e9 r\u00e9nov\u00e9e en 2021. Elle est l\u2019\u0153uvre du sculpteur fran\u00e7ais Paul Dubois et date de la fin du XIXe si\u00e8cle.<\/p>\n<p class=\"\">Ce n\u2019est pas la premi\u00e8re fois qu\u2019une statue de Jeanne d\u2019Arc pr\u00e9sente \u00e0 Paris fait parler d\u2019elle. <a href=\"https:\/\/www.leparisien.fr\/paris-75\/paris-non-le-drapeau-de-jeanne-d-arc-n-a-pas-ete-vandalise-28-07-2019-8124987.php\" target=\"_self\" rel=\"noopener\">En 2019, celle de la place des Pyramides (Ier)<\/a>, dor\u00e9e, avait \u00e9t\u00e9 au c\u0153ur d\u2019une pol\u00e9mique, certaines voix d\u2019extr\u00eame droite faisaient \u00e9tat du drapeau vandalis\u00e9, alors qu\u2019il n\u2019avait \u00e9t\u00e9 que retir\u00e9 pour r\u00e9parations.<\/p>\n","protected":false},"excerpt":{"rendered":"Admirateur ? D\u00e9tracteur ? Ou plut\u00f4t d\u00e9s\u00e9quilibr\u00e9 ? Diverses questions se posent apr\u00e8s l\u2019interpellation d\u2019un homme, vendredi \u00e0&hellip;\n","protected":false},"author":2,"featured_media":637880,"comment_status":"","ping_status":"","sticky":false,"template":"","format":"standard","meta":{"footnotes":""},"categories":[1888],"tags":[11,1777,674,118,1011,27,12,626,25],"class_list":{"0":"post-637879","1":"post","2":"type-post","3":"status-publish","4":"format-standard","5":"has-post-thumbnail","7":"category-paris","8":"tag-actualites","9":"tag-eu","10":"tag-europe","11":"tag-faits-divers","12":"tag-fr","13":"tag-france","14":"tag-news","15":"tag-paris","16":"tag-republique-francaise"},"share_on_mastodon":{"url":"https:\/\/pubeurope.com\/@fr\/115830148526907365","error":""},"_links":{"self":[{"href":"https:\/\/www.europesays.com\/fr\/wp-json\/wp\/v2\/posts\/637879","targetHints":{"allow":["GET"]}}],"collection":[{"href":"https:\/\/www.europesays.com\/fr\/wp-json\/wp\/v2\/posts"}],"about":[{"href":"https:\/\/www.europesays.com\/fr\/wp-json\/wp\/v2\/types\/post"}],"author":[{"embeddable":true,"href":"https:\/\/www.europesays.com\/fr\/wp-json\/wp\/v2\/users\/2"}],"replies":[{"embeddable":true,"href":"https:\/\/www.europesays.com\/fr\/wp-json\/wp\/v2\/comments?post=637879"}],"version-history":[{"count":0,"href":"https:\/\/www.europesays.com\/fr\/wp-json\/wp\/v2\/posts\/637879\/revisions"}],"wp:featuredmedia":[{"embeddable":true,"href":"https:\/\/www.europesays.com\/fr\/wp-json\/wp\/v2\/media\/637880"}],"wp:attachment":[{"href":"https:\/\/www.europesays.com\/fr\/wp-json\/wp\/v2\/media?parent=637879"}],"wp:term":[{"taxonomy":"category","embeddable":true,"href":"https:\/\/www.europesays.com\/fr\/wp-json\/wp\/v2\/categories?post=637879"},{"taxonomy":"post_tag","embeddable":true,"href":"https:\/\/www.europesays.com\/fr\/wp-json\/wp\/v2\/tags?post=637879"}],"curies":[{"name":"wp","href":"https:\/\/api.w.org\/{rel}","templated":true}]}}