{"id":637881,"date":"2026-01-03T08:09:27","date_gmt":"2026-01-03T08:09:27","guid":{"rendered":"https:\/\/www.europesays.com\/fr\/637881\/"},"modified":"2026-01-03T08:09:27","modified_gmt":"2026-01-03T08:09:27","slug":"previsions-du-samedi-3-janvier-2026-5","status":"publish","type":"post","link":"https:\/\/www.europesays.com\/fr\/637881\/","title":{"rendered":"pr\u00e9visions du samedi 3 janvier 2026"},"content":{"rendered":"<p>Aujourd&rsquo;hui, les valeurs seront comprises entre -1 et 3\u00b0C \u00e0 Paris, un temps bel et bien de saison. Le temps va peu \u00e0 peu s&rsquo;am\u00e9liorer dans la matin\u00e9e et laisser place \u00e0 des \u00e9claircies. L&rsquo;hiver sera bien au rendez-vous puisque les temp\u00e9ratures seront tout de m\u00eame de 0\u00b0C au minimum et de 2\u00b0C au maximum. Un l\u00e9ger vent d&rsquo;ouest soufflera. L&rsquo;apr\u00e8s-midi, les Parisiens vont pouvoir b\u00e9n\u00e9ficier d&rsquo;un soleil magnifique. Les maximales iront jusqu&rsquo;\u00e0 3\u00b0C et les minimales seront de 0\u00b0C : un temps de saison. Le ciel sera assez lumineux, avec quelques \u00e9claircies le soir. L&rsquo;hiver se fait sentir : les valeurs afficheront entre -1 et 0\u00b0C. Un ciel limpide est \u00e0 pr\u00e9voir dans la nuit entre samedi et dimanche.<\/p>\n<p>Demain, un important soleil brillera sur Paris. Les plus frileux vont regretter l&rsquo;hiver puisque le mercure va baisser de quelques degr\u00e9s. Il va faire 0\u00b0C en moyenne. Une l\u00e9g\u00e8re brise de nord-ouest sera ressentie par les habitants. Les Parisiens vont avoir froid le matin : les temp\u00e9ratures ne vont pas d\u00e9passer 1\u00b0C. On anticipe des temp\u00e9ratures d&rsquo;environ -1\u00b0C. Les Parisiens vont avoir froid demain apr\u00e8s-midi : les temp\u00e9ratures ne vont pas d\u00e9passer 2\u00b0C. Les valeurs s&rsquo;\u00e9chelonneront entre -1\u00b0C et 2\u00b0C, rappelant l&rsquo;hiver au bon souvenir des habitants. Des \u00e9claircies feront leur apparition dans la soir\u00e9e.<\/p>\n<p>Pour la suite, la m\u00e9t\u00e9o ne changera pas. On s&rsquo;attend \u00e0 des journ\u00e9es ensoleill\u00e9es, avec des temp\u00e9ratures dans les -2\u00b0C en moyenne.<\/p>\n<p><\/p>\n","protected":false},"excerpt":{"rendered":"Aujourd&rsquo;hui, les valeurs seront comprises entre -1 et 3\u00b0C \u00e0 Paris, un temps bel et bien de saison.&hellip;\n","protected":false},"author":2,"featured_media":637882,"comment_status":"","ping_status":"","sticky":false,"template":"","format":"standard","meta":{"footnotes":""},"categories":[1888],"tags":[11,1777,674,1011,27,12,626,2119,25],"class_list":{"0":"post-637881","1":"post","2":"type-post","3":"status-publish","4":"format-standard","5":"has-post-thumbnail","7":"category-paris","8":"tag-actualites","9":"tag-eu","10":"tag-europe","11":"tag-fr","12":"tag-france","13":"tag-news","14":"tag-paris","15":"tag-previsions-meteo","16":"tag-republique-francaise"},"share_on_mastodon":{"url":"https:\/\/pubeurope.com\/@fr\/115830152457495888","error":""},"_links":{"self":[{"href":"https:\/\/www.europesays.com\/fr\/wp-json\/wp\/v2\/posts\/637881","targetHints":{"allow":["GET"]}}],"collection":[{"href":"https:\/\/www.europesays.com\/fr\/wp-json\/wp\/v2\/posts"}],"about":[{"href":"https:\/\/www.europesays.com\/fr\/wp-json\/wp\/v2\/types\/post"}],"author":[{"embeddable":true,"href":"https:\/\/www.europesays.com\/fr\/wp-json\/wp\/v2\/users\/2"}],"replies":[{"embeddable":true,"href":"https:\/\/www.europesays.com\/fr\/wp-json\/wp\/v2\/comments?post=637881"}],"version-history":[{"count":0,"href":"https:\/\/www.europesays.com\/fr\/wp-json\/wp\/v2\/posts\/637881\/revisions"}],"wp:featuredmedia":[{"embeddable":true,"href":"https:\/\/www.europesays.com\/fr\/wp-json\/wp\/v2\/media\/637882"}],"wp:attachment":[{"href":"https:\/\/www.europesays.com\/fr\/wp-json\/wp\/v2\/media?parent=637881"}],"wp:term":[{"taxonomy":"category","embeddable":true,"href":"https:\/\/www.europesays.com\/fr\/wp-json\/wp\/v2\/categories?post=637881"},{"taxonomy":"post_tag","embeddable":true,"href":"https:\/\/www.europesays.com\/fr\/wp-json\/wp\/v2\/tags?post=637881"}],"curies":[{"name":"wp","href":"https:\/\/api.w.org\/{rel}","templated":true}]}}