{"id":637885,"date":"2026-01-03T08:11:18","date_gmt":"2026-01-03T08:11:18","guid":{"rendered":"https:\/\/www.europesays.com\/fr\/637885\/"},"modified":"2026-01-03T08:11:18","modified_gmt":"2026-01-03T08:11:18","slug":"zelensky-recoit-ses-allies-europeens-a-kiev-ce-samedi-en-marge-dun-hypothetique-accord-de-paix","status":"publish","type":"post","link":"https:\/\/www.europesays.com\/fr\/637885\/","title":{"rendered":"Zelensky re\u00e7oit ses alli\u00e9s europ\u00e9ens \u00e0 Kiev ce samedi en marge d&rsquo;un hypoth\u00e9tique accord de paix"},"content":{"rendered":"<p class=\"article-p mdl\">Les n\u00e9gociations s&rsquo;acc\u00e9l\u00e8rent. Quelques jours apr\u00e8s l&rsquo;annonce de Volodomyr Zelensky sur un accord de paix<a class=\"link\" href=\"https:\/\/www.rtl.fr\/actu\/international\/guerre-en-ukraine-zelensky-affirme-que-l-accord-de-paix-est-pret-a-90-et-qu-il-reste-10-jusqu-a-la-paix-7900583809\" target=\"_blank\" rel=\"noopener\"> \u00ab\u00a0pr\u00eat \u00e0 90 %\u00a0\u00bb,<\/a>\u00a0le chef d&rsquo;Etat ukrainien accueille ses alli\u00e9s \u00e0 Kiev ce samedi 3 janvier.<\/p>\n<p class=\"article-p mdl\"><strong>Une quinzaine de pays<\/strong> ont confirm\u00e9 leur participation, ainsi que des repr\u00e9sentants de l&rsquo;Union europ\u00e9enne et de l&rsquo;OTAN. Une \u00e9quipe am\u00e9ricaine suivra la rencontre en visioconf\u00e9rence.\u00a0<\/p>\n<p class=\"article-p mdl\">Cette r\u00e9union pr\u00e9c\u00e8de un sommet\u00a0<a class=\"link\" href=\"https:\/\/www.rtl.fr\/actu\/international\/guerre-en-ukraine-volodymyr-zelensky-annonce-une-reunion-de-dirigeants-de-pays-allies-de-kiev-le-6-janvier-en-france-7900583518\" title=\"Guerre en Ukraine : Volodymyr Zelensky annonce une r\u00e9union de dirigeants de pays alli\u00e9s de Kiev le 6 janvier en France\" target=\"_blank\" rel=\"noopener\">la semaine prochaine<\/a>\u00a0en France des pays de la \u00ab\u00a0coalition des volontaires\u00a0\u00bb soutenant l&rsquo;Ukraine.\u00a0 \u00a0<\/p>\n<p>            Un accord de paix en bonne voie<\/p>\n<p class=\"article-p mdl\">Que doit-on attendre de ces pourparlers ? Discuter des <strong>\u00ab\u00a0garanties de s\u00e9curit\u00e9\u00a0\u00bb<\/strong> que peuvent apporter les alli\u00e9s \u00e0 l&rsquo;Ukraine, mais pas que. Volodomyr Zelensky esp\u00e8re progresser aux c\u00f4t\u00e9s des Europ\u00e9ens sur <strong>l&rsquo;accord de paix<\/strong> issu de ces r\u00e9cents \u00e9changes avec Donald Trump.<\/p>\n<p class=\"article-p mdl\">Le pr\u00e9sident ukrainien s&rsquo;\u00e9tait entretenu en d\u00e9cembre dernier \u00e0 Washington sur le plan am\u00e9ricain visant \u00e0 mettre fin \u00e0 cette guerre longue de quatre ans de guerre, mais des questions restent en suspens.\u00a0<\/p>\n<p class=\"article-p mdl\">Dans ses v\u0153ux pour l&rsquo;ann\u00e9e 2026, Volodymyr Zelensky avait d\u00e9voil\u00e9 qu&rsquo;un accord \u00e9tait \u00ab\u00a0pr\u00eat \u00e0 90 %\u00a0\u00bb, en avertissant que les 10 % restants allaient d\u00e9terminer le \u00ab\u00a0destin de la paix\u00a0\u00bb, l&rsquo;avenir des territoires occup\u00e9s par la Russie demeurant l&rsquo;un des points cl\u00e9s.\u00a0<\/p>\n<p class=\"article-p mdl\">Cependant, ces n\u00e9gociations transatlantiques n&rsquo;ont jamais inclus directement Ukrainien et Russe. R\u00e9ticent \u00e0 c\u00e9der les territoires ukrainiens occup\u00e9s, la signature par le Kremlin d&rsquo;un accord am\u00e9ricano-ukrainien <strong>para\u00eet improbable.<\/strong><\/p>\n<p class=\"article-p mdl\">Pour preuve, Vladimir Poutine a r\u00e9p\u00e9t\u00e9 ces derni\u00e8res semaines que la Russie atteindrait ses objectifs en Ukraine \u00ab\u00a0par la voie militaire\u00a0\u00bb si les n\u00e9gociations \u00e9chouaient.\u00a0<\/p>\n<p>            Le Kremlin \u00ab\u00a0durcit sa position\u00a0\u00bb<\/p>\n<p class=\"article-p mdl\">La Russie a annonc\u00e9 son intention de \u00ab\u00a0durcir sa position\u00a0\u00bb, apr\u00e8s avoir accus\u00e9 l&rsquo;Ukraine d&rsquo;un raid de drones contre une r\u00e9sidence de Vladimir Poutine et d&rsquo;une attaque ayant tu\u00e9 28 civils, dans la nuit du Nouvel An, dans la partie de la r\u00e9gion ukrainienne de Kherson contr\u00f4l\u00e9e par l&rsquo;arm\u00e9e russe.\u00a0<\/p>\n<p>Cette derni\u00e8re occupe environ 19,4 % de la superficie de l&rsquo;<a class=\"link\" href=\"https:\/\/www.rtl.fr\/actu\/international\/guerre-en-ukraine-poutine-dit-que-la-russie-croit-en-sa-victoire-apres-4-ans-de-conflit-7900583735\" title=\"Guerre en Ukraine : Poutine dit que la Russie croit en sa &quot;victoire&quot; apr\u00e8s 4 ans de conflit\" target=\"_blank\" rel=\"noopener\">Ukraine<\/a>, dont 0,94 % conquis au cours de l&rsquo;ann\u00e9e 2025, selon les donn\u00e9es de l&rsquo;Institut pour l&rsquo;\u00e9tude de la guerre (ISW).<\/p>\n<p>En d\u00e9cembre dernier, Moscou a conquis 244 km2, sa plus faible progression mensuelle depuis mars dans un contexte de conditions m\u00e9t\u00e9orologiques hivernales, mais a acc\u00e9l\u00e9r\u00e9 son offensive dans le Donbass, r\u00e9gion orientale o\u00f9 se situent les principales d\u00e9fenses ukrainiennes.\u00a0<br \/>\u00a0 \u00a0 \u00a0 \u00a0 \u00a0 \u00a0 \u00a0 \u00a0 \u00a0 \u00a0 \u00a0 \u00a0 \u00a0 \u00a0 \u00a0 \u00a0 \u00a0 \u00a0<br \/>Signe de la progression russe, les autorit\u00e9s ukrainiennes ont ordonn\u00e9 hier l&rsquo;\u00e9vacuation de plus de 3.000 enfants avec leurs parents d&rsquo;une quarantaine de localit\u00e9s dans les oblasts de Zaporijjia et de Dnipropetrovsk.\u00a0<\/p>\n<p>    La r\u00e9daction vous recommande<\/p>\n<p class=\"s-newsletter__title\">\n                L\u2019actualit\u00e9 par la r\u00e9daction de RTL dans votre bo\u00eete mail.\n            <\/p>\n<p class=\"s-newsletter__subtitle\">\n                Gr\u00e2ce \u00e0 votre compte RTL abonnez-vous \u00e0 la newsletter RTL info pour suivre toute l&rsquo;actualit\u00e9 au quotidien\n            <\/p>\n<p>\n                                    Lire la suite\n                                <\/p>\n","protected":false},"excerpt":{"rendered":"Les n\u00e9gociations s&rsquo;acc\u00e9l\u00e8rent. Quelques jours apr\u00e8s l&rsquo;annonce de Volodomyr Zelensky sur un accord de paix \u00ab\u00a0pr\u00eat \u00e0 90&hellip;\n","protected":false},"author":2,"featured_media":183571,"comment_status":"","ping_status":"","sticky":false,"template":"","format":"standard","meta":{"footnotes":""},"categories":[1590],"tags":[11,2120,73,1777,674,107,131,14,12,132,220],"class_list":{"0":"post-637885","1":"post","2":"type-post","3":"status-publish","4":"format-standard","5":"has-post-thumbnail","7":"category-ukraine","8":"tag-actualites","9":"tag-conflit","10":"tag-etats-unis","11":"tag-eu","12":"tag-europe","13":"tag-fil-info","14":"tag-guerre-en-ukraine","15":"tag-international","16":"tag-news","17":"tag-russie","18":"tag-ukraine"},"share_on_mastodon":{"url":"https:\/\/pubeurope.com\/@fr\/115830160312397857","error":""},"_links":{"self":[{"href":"https:\/\/www.europesays.com\/fr\/wp-json\/wp\/v2\/posts\/637885","targetHints":{"allow":["GET"]}}],"collection":[{"href":"https:\/\/www.europesays.com\/fr\/wp-json\/wp\/v2\/posts"}],"about":[{"href":"https:\/\/www.europesays.com\/fr\/wp-json\/wp\/v2\/types\/post"}],"author":[{"embeddable":true,"href":"https:\/\/www.europesays.com\/fr\/wp-json\/wp\/v2\/users\/2"}],"replies":[{"embeddable":true,"href":"https:\/\/www.europesays.com\/fr\/wp-json\/wp\/v2\/comments?post=637885"}],"version-history":[{"count":0,"href":"https:\/\/www.europesays.com\/fr\/wp-json\/wp\/v2\/posts\/637885\/revisions"}],"wp:featuredmedia":[{"embeddable":true,"href":"https:\/\/www.europesays.com\/fr\/wp-json\/wp\/v2\/media\/183571"}],"wp:attachment":[{"href":"https:\/\/www.europesays.com\/fr\/wp-json\/wp\/v2\/media?parent=637885"}],"wp:term":[{"taxonomy":"category","embeddable":true,"href":"https:\/\/www.europesays.com\/fr\/wp-json\/wp\/v2\/categories?post=637885"},{"taxonomy":"post_tag","embeddable":true,"href":"https:\/\/www.europesays.com\/fr\/wp-json\/wp\/v2\/tags?post=637885"}],"curies":[{"name":"wp","href":"https:\/\/api.w.org\/{rel}","templated":true}]}}