{"id":637886,"date":"2026-01-03T08:12:10","date_gmt":"2026-01-03T08:12:10","guid":{"rendered":"https:\/\/www.europesays.com\/fr\/637886\/"},"modified":"2026-01-03T08:12:10","modified_gmt":"2026-01-03T08:12:10","slug":"des-explosions-entendues-caracas-denonce-la-tres-grave-agression-militaire-des-etats-unis","status":"publish","type":"post","link":"https:\/\/www.europesays.com\/fr\/637886\/","title":{"rendered":"des explosions entendues, Caracas d\u00e9nonce \u00ab\u00a0la tr\u00e8s grave agression militaire\u00a0\u00bb des \u00c9tats-Unis"},"content":{"rendered":"<p>Aujourd&rsquo;hui \u00e0 09h11<\/p>\n<p>Donald Trump avait \u00e9voqu\u00e9 la possibilit\u00e9 de frappes contre le Venezuela<\/p>\n<p>Ces d\u00e9flagrations surviennent alors que le pr\u00e9sident am\u00e9ricain, <a href=\"https:\/\/www.bfmtv.com\/international\/moyen-orient\/iran\/video-manifestations-en-iran-donald-trump-menace-d-une-intervention-americaine_VN-202601030058.html\" title=\"Manifestations en Iran: Donald Trump menace d&#039;une intervention am\u00e9ricaine\" class=\"internal_link\" target=\"_blank\" rel=\"noopener\">Donald Trump<\/a>, qui a fait d\u00e9ployer une flottille de guerre dans les Cara\u00efbes, a \u00e9voqu\u00e9 la possibilit\u00e9 de frappes terrestres contre le Venezuela et affirm\u00e9 que les jours du pr\u00e9sident v\u00e9n\u00e9zu\u00e9lien, Nicolas Maduro, \u00e9taient \u00ab\u00a0compt\u00e9s\u00a0\u00bb.<\/p>\n<p>Aujourd&rsquo;hui \u00e0 09h09<\/p>\n<p>Caracas \u00ab\u00a0d\u00e9nonce la tr\u00e8s grave agression militaire\u00a0\u00bb des \u00c9tats-Unis et d\u00e9cr\u00e8te l&rsquo;\u00e9tat d&rsquo;exception<\/p>\n<p>Apr\u00e8s des explosions entendues dans la nuit, le gouvernement v\u00e9n\u00e9zu\u00e9lien a r\u00e9agi par l&rsquo;interm\u00e9diaire d&rsquo;un communiqu\u00e9 visant directement l&rsquo;administration Trump, qu&rsquo;elle accuse d&rsquo;\u00eatre responsable des explosions \u00e0 Caracas. Le gouvernement de Nicol\u00e1s Maduro a d\u00e9cr\u00e9t\u00e9 \u00ab\u00a0l&rsquo;\u00e9tat d&rsquo;exception\u00a0\u00bb et a appel\u00e9 \u00e0 la \u00ab\u00a0mobilisation\u00a0\u00bb.<\/p>\n<p><strong>&gt;&gt; \u00a0Lire la suite de l&rsquo;article <a href=\"https:\/\/www.bfmtv.com\/international\/amerique-latine\/explosions-au-venezuela-caracas-denonce-la-tres-grave-agression-militaire-des-etats-unis-et-decrete-l-etat-d-exception_AD-202601030110.html\" title=\"Explosions au Venezuela: Caracas &quot;d\u00e9nonce la tr\u00e8s grave agression militaire&quot; des \u00c9tats-Unis et d\u00e9cr\u00e8te l&#039;\u00e9tat d&#039;exception\" class=\"internal_link\" target=\"_blank\" rel=\"noopener\">ici<\/a><\/strong><\/p>\n<p>Aujourd&rsquo;hui \u00e0 09h06<\/p>\n<p>De fortes explosions touchent Caracas au Venezuela<\/p>\n<p>De fortes explosions avec des bruits ressemblant \u00e0 des survols d&rsquo;avions ont touch\u00e9 Caracas ce samedi 3 janvier, alors que Donald Trump a \u00e9voqu\u00e9 la possibilit\u00e9 de frappes terrestres contre le Venezuela.<\/p>\n<p><strong>&gt;&gt; Lire la suite de l&rsquo;article <a href=\"https:\/\/www.bfmtv.com\/international\/amerique-latine\/de-fortes-explosions-touchent-caracas-au-venezuela_AN-202601030089.html\" title=\"De fortes explosions touchent Caracas au Venezuela\" class=\"internal_link\" target=\"_blank\" rel=\"noopener\">ici<\/a><\/strong><\/p>\n","protected":false},"excerpt":{"rendered":"Aujourd&rsquo;hui \u00e0 09h11 Donald Trump avait \u00e9voqu\u00e9 la possibilit\u00e9 de frappes contre le Venezuela Ces d\u00e9flagrations surviennent alors&hellip;\n","protected":false},"author":2,"featured_media":637887,"comment_status":"","ping_status":"","sticky":false,"template":"","format":"standard","meta":{"footnotes":""},"categories":[1589],"tags":[11,73,1866,12,1864,1865,1863,308],"class_list":{"0":"post-637886","1":"post","2":"type-post","3":"status-publish","4":"format-standard","5":"has-post-thumbnail","7":"category-etats-unis","8":"tag-actualites","9":"tag-etats-unis","10":"tag-etats-unis-damerique","11":"tag-news","12":"tag-united-states","13":"tag-united-states-of-america","14":"tag-us","15":"tag-usa"},"share_on_mastodon":{"url":"https:\/\/pubeurope.com\/@fr\/115830164236593340","error":""},"_links":{"self":[{"href":"https:\/\/www.europesays.com\/fr\/wp-json\/wp\/v2\/posts\/637886","targetHints":{"allow":["GET"]}}],"collection":[{"href":"https:\/\/www.europesays.com\/fr\/wp-json\/wp\/v2\/posts"}],"about":[{"href":"https:\/\/www.europesays.com\/fr\/wp-json\/wp\/v2\/types\/post"}],"author":[{"embeddable":true,"href":"https:\/\/www.europesays.com\/fr\/wp-json\/wp\/v2\/users\/2"}],"replies":[{"embeddable":true,"href":"https:\/\/www.europesays.com\/fr\/wp-json\/wp\/v2\/comments?post=637886"}],"version-history":[{"count":0,"href":"https:\/\/www.europesays.com\/fr\/wp-json\/wp\/v2\/posts\/637886\/revisions"}],"wp:featuredmedia":[{"embeddable":true,"href":"https:\/\/www.europesays.com\/fr\/wp-json\/wp\/v2\/media\/637887"}],"wp:attachment":[{"href":"https:\/\/www.europesays.com\/fr\/wp-json\/wp\/v2\/media?parent=637886"}],"wp:term":[{"taxonomy":"category","embeddable":true,"href":"https:\/\/www.europesays.com\/fr\/wp-json\/wp\/v2\/categories?post=637886"},{"taxonomy":"post_tag","embeddable":true,"href":"https:\/\/www.europesays.com\/fr\/wp-json\/wp\/v2\/tags?post=637886"}],"curies":[{"name":"wp","href":"https:\/\/api.w.org\/{rel}","templated":true}]}}