{"id":637890,"date":"2026-01-03T08:14:11","date_gmt":"2026-01-03T08:14:11","guid":{"rendered":"https:\/\/www.europesays.com\/fr\/637890\/"},"modified":"2026-01-03T08:14:11","modified_gmt":"2026-01-03T08:14:11","slug":"en-allemagne-un-scandale-dextremisme-de-droite-bouscule-larmee","status":"publish","type":"post","link":"https:\/\/www.europesays.com\/fr\/637890\/","title":{"rendered":"En Allemagne, un scandale d&rsquo;extr\u00e9misme de droite bouscule l&rsquo;arm\u00e9e"},"content":{"rendered":"<p class=\"ap-StoryElement ap-StoryElement--mb ap-StoryText\">Depuis, trois soldats ont \u00e9t\u00e9 d\u00e9mis de leurs fonctions, dix-neuf sont menac\u00e9s par une proc\u00e9dure de licenciement, et en octobre, le commandant du r\u00e9giment a \u00e9t\u00e9 remplac\u00e9. Quant \u00e0 la justice civile, elle enqu\u00eate en parall\u00e8le contre dix-neuf soldats, sans grade ou avec un grade de sous-officier.<\/p>\n<p>Un plan d&rsquo;action du gouvernement<\/p>\n<p class=\"ap-StoryElement ap-StoryElement--mb ap-StoryText\">Si le scandale a \u00e9clat\u00e9 fin d\u00e9cembre aux yeux de tous, il est en r\u00e9alit\u00e9 connu des autorit\u00e9s depuis juin dernier, quand trois soldates ont fait un signalement aupr\u00e8s du commissaire aux forces arm\u00e9es au sein du Bundestag. Ne repr\u00e9sentant que 5 % des effectifs de ce r\u00e9giment d&rsquo;\u00e9lite, les femmes soldates auraient \u00e9t\u00e9 t\u00e9moins, entre autres, d&rsquo;actes exhibitionnistes, de blagues pornographiques, de fantasmes de viol, et de harc\u00e8lement moral \u00ab\u00a0si elles ne se laissaient pas draguer\u00a0\u00bb.<\/p>\n<p><a href=\"https:\/\/www.lalibre.be\/international\/europe\/2025\/06\/24\/rearmement-de-leurope-berlin-confirme-son-engagement-pour-remettre-a-niveau-son-armee-RCTAEBVMVJBW5I5WVGA7DT2VEQ\/\" target=\"_self\" class=\"ap-StoryInterstitialLink ap-StoryElement ap-StoryElement--mb\" rel=\"noopener\">R\u00e9armement de l&rsquo;Europe: Berlin confirme son engagement pour remettre \u00e0 niveau son arm\u00e9e<\/a><\/p>\n<p class=\"ap-StoryElement ap-StoryElement--mb ap-StoryText\">Face \u00e0 l&rsquo;ampleur du scandale, le ministre de la d\u00e9fense Boris Pistorius s&rsquo;est d\u00e9clar\u00e9 \u00ab\u00a0boulevers\u00e9\u00a0\u00bb cette semaine, non seulement par les accusations \u00e9mises mais aussi par la r\u00e9action jug\u00e9e inadapt\u00e9e et trop lente du commandement sur place. \u00ab\u00a0Il est inacceptable que les fautes commises sur place n&rsquo;aient pas \u00e9t\u00e9 imm\u00e9diatement reconnues comme telles et n&rsquo;aient pas \u00e9t\u00e9 poursuivies avec la rigueur n\u00e9cessaire. Cela ne doit pas reproduire\u00a0\u00bb, a d\u00e9clar\u00e9 le social-d\u00e9mocrate. \u00ab\u00a0Il est d\u00e9sormais important que, premi\u00e8rement, chaque incident continue d&rsquo;\u00eatre \u00e9lucid\u00e9 sans r\u00e9serve. Deuxi\u00e8mement, que si d&rsquo;autres accusations sont confirm\u00e9es, les cas soient punis avec toute la rigueur n\u00e9cessaire. Et troisi\u00e8mement, il est important que la confiance dans le commandement militaire sur place soit r\u00e9tablie\u00a0\u00bb, a ajout\u00e9 le ministre, en confirmant un \u00ab\u00a0plan d&rsquo;action des troupes a\u00e9roport\u00e9es\u00a0\u00bb. Selon la porte-parole de l&rsquo;arm\u00e9e de terre, ce catalogue de mesures \u00ab\u00a0en cours de finalisation\u00a0\u00bb visera \u00e0 renforcer la pr\u00e9vention.<\/p>\n<p>Pas une premi\u00e8re<\/p>\n<p class=\"ap-StoryElement ap-StoryElement--mb ap-StoryText\">Cette affaire n&rsquo;est pas la premi\u00e8re du genre en Allemagne. D\u00e9j\u00e0 en avril 2023, deux anciens parachutistes de ce m\u00eame r\u00e9giment ont \u00e9t\u00e9 condamn\u00e9s pour le viol d&rsquo;une soldate. Plus t\u00f4t, en 2020, une compagnie d&rsquo;un autre <a href=\"https:\/\/www.lalibre.be\/economie\/emploi\/2023\/04\/09\/si-on-fait-ce-metier-pour-la-reconnaissance-alors-il-ne-faut-pas-le-faire-OHWF6JQ6FFBUVO4QY54MSFHCZU\/\" target=\"_self\" rel=\"noopener\">commando <\/a>d&rsquo;\u00e9lite avait \u00e9t\u00e9 dissoute et une vingtaine de ses membres suspendus pour des actes n\u00e9onazis et possession ill\u00e9gale d&rsquo;armes. Et si le nombre de cas suspects d&rsquo;extr\u00e9misme (875 en 2024) au sein de la Bundeswehr reste faible par rapport aux effectifs totaux (180 000), ils sont en hausse sur les deux derni\u00e8res ann\u00e9es.<\/p>\n<p>Dommages r\u00e9putationnels<\/p>\n<p class=\"ap-StoryElement ap-StoryElement--mb ap-StoryText\">Face \u00e0 cela, ces derni\u00e8res ann\u00e9es, les autorit\u00e9s ont multipli\u00e9 les mesures pour lutter contre les tendances extr\u00e9mistes de droite \u2013 cas les plus nombreux \u2013 mais aussi de gauche ou islamistes au sein de l&rsquo;arm\u00e9e. En 2023, les conditions permettant de renvoyer plus rapidement les soldats en cause ont notamment \u00e9t\u00e9 assouplies. Mais pour Henning Otte, commissaire aux forces arm\u00e9es au sein du <a href=\"https:\/\/www.lalibre.be\/international\/2025\/07\/12\/a-nouveau-un-parfum-de-crise-au-sein-de-la-coalition-allemande-vous-etes-responsable-de-ce-desastre-OI4F65OZ7JB33PMPOMFYGCNEKA\/\" target=\"_self\" rel=\"noopener\">Bundestag<\/a>, si les choses avancent, la vitesse de traitement des cas suspects doit \u00eatre acc\u00e9l\u00e9r\u00e9e. \u00ab\u00a0Le service de contre-espionnage militaire joue un r\u00f4le central dans l&rsquo;identification des risques et doit \u00eatre \u00e9quip\u00e9 de mani\u00e8re \u00e0 pouvoir accomplir ses t\u00e2ches rapidement et avec la plus grande efficacit\u00e9 possible\u00a0\u00bb, recommandait-il r\u00e9cemment dans les m\u00e9dias.<\/p>\n<p><a href=\"https:\/\/www.lalibre.be\/international\/europe\/2025\/11\/20\/contrairement-aux-idees-recues-les-allies-nont-pas-choisi-nuremberg-pour-son-passe-nazi-retour-sur-un-proces-hors-norme-YJUEOG6HL5EEBJ3ETQ5HFR5ESU\/\" target=\"_self\" class=\"ap-StoryInterstitialLink ap-StoryElement ap-StoryElement--mb\" rel=\"noopener\">\u00ab\u00a0Contrairement aux id\u00e9es re\u00e7ues, les Alli\u00e9s n&rsquo;ont pas choisi Nuremberg pour son pass\u00e9 nazi\u00a0\u00bb: retour sur un proc\u00e8s hors-norme<\/a><\/p>\n<p class=\"ap-StoryElement ap-StoryElement--mb ap-StoryText\">De l&rsquo;aveu m\u00eame du Minist\u00e8re de la d\u00e9fense, ce dernier scandale risque en tout cas \u00ab\u00a0de nuire \u00e0 la r\u00e9putation de l&rsquo;<a href=\"https:\/\/www.lalibre.be\/international\/europe\/2025\/10\/23\/un-exercice-de-larmee-allemande-a-failli-tourner-au-cauchemar-des-policiers-sont-intervenus-sans-etre-au-courant-4OSRNMHNEFGFZD63K7LDXMJXTM\/\" target=\"_self\" rel=\"noopener\">arm\u00e9e allemande<\/a> dans son ensemble\u00a0\u00bb, alors que la Bundeswehr lance une grande campagne de recrutement et qu&rsquo;entre en vigueur, en ce mois de janvier, le tout nouveau service militaire volontaire, pour les jeunes n\u00e9s en 2008. Les autorit\u00e9s allemandes esp\u00e8rent gagner 20 000 volontaires cette ann\u00e9e, et 80 000 soldats professionnels d&rsquo;ici 2035.<\/p>\n","protected":false},"excerpt":{"rendered":"Depuis, trois soldats ont \u00e9t\u00e9 d\u00e9mis de leurs fonctions, dix-neuf sont menac\u00e9s par une proc\u00e9dure de licenciement, et&hellip;\n","protected":false},"author":2,"featured_media":637891,"comment_status":"","ping_status":"","sticky":false,"template":"","format":"standard","meta":{"footnotes":""},"categories":[1587],"tags":[11,672,32042,1003,74481,1804,51063,9508,53625,53626,74482,48551,16636,74483,74484,74485,70339,1805,1803,1777,450,74486,674,74487,9515,590,49127,74488,1801,65157,9518,74489,74490,9345,74491,74492,5656,8657,74122,1233,12,973,1238,32531,33374,74493,74494,4846,1802,74495,74496,10364,74497,74498,74499],"class_list":{"0":"post-637890","1":"post","2":"type-post","3":"status-publish","4":"format-standard","5":"has-post-thumbnail","7":"category-allemagne","8":"tag-actualites","9":"tag-allemagne","10":"tag-banking","11":"tag-budget","12":"tag-budgeting","13":"tag-bundesrepublik-deutschland","14":"tag-cash","15":"tag-caucasian","16":"tag-child","17":"tag-childhood","18":"tag-coinage","19":"tag-coins","20":"tag-concept","21":"tag-cost","22":"tag-counting","23":"tag-counts","24":"tag-currency","25":"tag-de","26":"tag-deutschland","27":"tag-eu","28":"tag-euro","29":"tag-euro-coins","30":"tag-europe","31":"tag-expenses","32":"tag-family","33":"tag-finance","34":"tag-financial","35":"tag-funny","36":"tag-germany","37":"tag-goal","38":"tag-hand","39":"tag-household","40":"tag-income","41":"tag-inflation","42":"tag-insurance","43":"tag-kid","44":"tag-life","45":"tag-management","46":"tag-money","47":"tag-mother","48":"tag-news","49":"tag-people","50":"tag-person","51":"tag-piles","52":"tag-planning","53":"tag-playful","54":"tag-pocket","55":"tag-protection","56":"tag-republique-federale-dallemagne","57":"tag-roof","58":"tag-savings","59":"tag-security","60":"tag-small","61":"tag-sorts","62":"tag-stability"},"share_on_mastodon":{"url":"","error":"Validation failed: Text character limit of 500 exceeded"},"_links":{"self":[{"href":"https:\/\/www.europesays.com\/fr\/wp-json\/wp\/v2\/posts\/637890","targetHints":{"allow":["GET"]}}],"collection":[{"href":"https:\/\/www.europesays.com\/fr\/wp-json\/wp\/v2\/posts"}],"about":[{"href":"https:\/\/www.europesays.com\/fr\/wp-json\/wp\/v2\/types\/post"}],"author":[{"embeddable":true,"href":"https:\/\/www.europesays.com\/fr\/wp-json\/wp\/v2\/users\/2"}],"replies":[{"embeddable":true,"href":"https:\/\/www.europesays.com\/fr\/wp-json\/wp\/v2\/comments?post=637890"}],"version-history":[{"count":0,"href":"https:\/\/www.europesays.com\/fr\/wp-json\/wp\/v2\/posts\/637890\/revisions"}],"wp:featuredmedia":[{"embeddable":true,"href":"https:\/\/www.europesays.com\/fr\/wp-json\/wp\/v2\/media\/637891"}],"wp:attachment":[{"href":"https:\/\/www.europesays.com\/fr\/wp-json\/wp\/v2\/media?parent=637890"}],"wp:term":[{"taxonomy":"category","embeddable":true,"href":"https:\/\/www.europesays.com\/fr\/wp-json\/wp\/v2\/categories?post=637890"},{"taxonomy":"post_tag","embeddable":true,"href":"https:\/\/www.europesays.com\/fr\/wp-json\/wp\/v2\/tags?post=637890"}],"curies":[{"name":"wp","href":"https:\/\/api.w.org\/{rel}","templated":true}]}}