{"id":637900,"date":"2026-01-03T08:19:11","date_gmt":"2026-01-03T08:19:11","guid":{"rendered":"https:\/\/www.europesays.com\/fr\/637900\/"},"modified":"2026-01-03T08:19:11","modified_gmt":"2026-01-03T08:19:11","slug":"les-friteries-des-hauts-de-france-sont-toujours-les-meilleures-de-france","status":"publish","type":"post","link":"https:\/\/www.europesays.com\/fr\/637900\/","title":{"rendered":"Les friteries des Hauts-de-France sont toujours les meilleures de France"},"content":{"rendered":"\n<p data-syno-attrs=\"{&quot;textMarks&quot;:[{&quot;_&quot;:&quot;font_size&quot;,&quot;value&quot;:16},{&quot;_&quot;:&quot;font_family&quot;,&quot;complexScript&quot;:&quot;Times New Roman&quot;,&quot;eastAsia&quot;:&quot;Times New Roman&quot;,&quot;value&quot;:&quot;Times New Roman&quot;},{&quot;_&quot;:&quot;background_color&quot;,&quot;value&quot;:&quot;transparent&quot;}]}\"><strong>We are the Champions, le Nord on est les plus forts, vous dites comme vous voulez&#8230; <\/strong><\/p>\n<p data-syno-attrs=\"{&quot;textMarks&quot;:[{&quot;_&quot;:&quot;font_size&quot;,&quot;value&quot;:16},{&quot;_&quot;:&quot;font_family&quot;,&quot;complexScript&quot;:&quot;Times New Roman&quot;,&quot;eastAsia&quot;:&quot;Times New Roman&quot;,&quot;value&quot;:&quot;Times New Roman&quot;},{&quot;_&quot;:&quot;background_color&quot;,&quot;value&quot;:&quot;transparent&quot;}]}\"><a href=\"https:\/\/www.les-friteries.com\/classement-meilleures-friteries-france-2025\" rel=\"noopener\" target=\"_blank\">Mais le site LesFriteries.com vient de publier son dernier classement des meilleures fiteries de France.<\/a> <\/p>\n<p data-syno-attrs=\"{&quot;textMarks&quot;:[{&quot;_&quot;:&quot;font_size&quot;,&quot;value&quot;:16},{&quot;_&quot;:&quot;font_family&quot;,&quot;complexScript&quot;:&quot;Times New Roman&quot;,&quot;eastAsia&quot;:&quot;Times New Roman&quot;,&quot;value&quot;:&quot;Times New Roman&quot;},{&quot;_&quot;:&quot;background_color&quot;,&quot;value&quot;:&quot;transparent&quot;}]}\">Et, cocorico, <strong>dans le top 10, on retrouve\u2026 huit friteries des Hauts-de-France. <\/strong><\/p>\n<p data-syno-attrs=\"{&quot;textMarks&quot;:[{&quot;_&quot;:&quot;font_size&quot;,&quot;value&quot;:16},{&quot;_&quot;:&quot;font_family&quot;,&quot;complexScript&quot;:&quot;Times New Roman&quot;,&quot;eastAsia&quot;:&quot;Times New Roman&quot;,&quot;value&quot;:&quot;Times New Roman&quot;},{&quot;_&quot;:&quot;background_color&quot;,&quot;value&quot;:&quot;transparent&quot;}]}\"><strong>La premi\u00e8re est situ\u00e9e \u00e0 Grenay,<\/strong> le Burger du Mineur. <\/p>\n<p data-syno-attrs=\"{&quot;textMarks&quot;:[{&quot;_&quot;:&quot;font_size&quot;,&quot;value&quot;:16},{&quot;_&quot;:&quot;font_family&quot;,&quot;complexScript&quot;:&quot;Times New Roman&quot;,&quot;eastAsia&quot;:&quot;Times New Roman&quot;,&quot;value&quot;:&quot;Times New Roman&quot;},{&quot;_&quot;:&quot;background_color&quot;,&quot;value&quot;:&quot;transparent&quot;}]}\"><a href=\"https:\/\/www.facebook.com\/chezaurel62570\/photos?locale=fr_FR\" rel=\"noopener\" target=\"_blank\">On retrouve Chez Aurel \u00e0 Helfaut en 4\u00e8me position,<\/a> et le <a href=\"https:\/\/v2.friterie-mollien.fr\/\" rel=\"noopener\" target=\"_blank\">fast-food Billy \u00e0 Calais en 7\u00e8me position. <\/a><\/p>\n<p data-syno-attrs=\"{&quot;textMarks&quot;:[{&quot;_&quot;:&quot;font_size&quot;,&quot;value&quot;:16},{&quot;_&quot;:&quot;font_family&quot;,&quot;complexScript&quot;:&quot;Times New Roman&quot;,&quot;eastAsia&quot;:&quot;Times New Roman&quot;,&quot;hint&quot;:&quot;default&quot;,&quot;value&quot;:&quot;Times New Roman&quot;}]}\">\u00a0<\/p>\n","protected":false},"excerpt":{"rendered":"We are the Champions, le Nord on est les plus forts, vous dites comme vous voulez&#8230; Mais le&hellip;\n","protected":false},"author":2,"featured_media":637901,"comment_status":"","ping_status":"","sticky":false,"template":"","format":"standard","meta":{"footnotes":""},"categories":[4],"tags":[11,74505,74502,9420,6828,74503,1981,74507,16827,1011,27,74500,24977,25830,811,74504,74501,74506,12,1308,20373,25,38417],"class_list":{"0":"post-637900","1":"post","2":"type-post","3":"status-publish","4":"format-standard","5":"has-post-thumbnail","7":"category-france","8":"tag-actualites","9":"tag-billy","10":"tag-burger-du-mineur","11":"tag-calais","12":"tag-champions","13":"tag-chez-aurel","14":"tag-classement","15":"tag-cocorico","16":"tag-fast-food","17":"tag-fr","18":"tag-france","19":"tag-friteries","20":"tag-gastronomie-locale","21":"tag-grenay","22":"tag-hauts-de-france","23":"tag-helfaut","24":"tag-lesfriteries-com","25":"tag-meilleures-friteries","26":"tag-news","27":"tag-nord","28":"tag-nordistes","29":"tag-republique-francaise","30":"tag-top-10"},"share_on_mastodon":{"url":"https:\/\/pubeurope.com\/@fr\/115830191739117550","error":""},"_links":{"self":[{"href":"https:\/\/www.europesays.com\/fr\/wp-json\/wp\/v2\/posts\/637900","targetHints":{"allow":["GET"]}}],"collection":[{"href":"https:\/\/www.europesays.com\/fr\/wp-json\/wp\/v2\/posts"}],"about":[{"href":"https:\/\/www.europesays.com\/fr\/wp-json\/wp\/v2\/types\/post"}],"author":[{"embeddable":true,"href":"https:\/\/www.europesays.com\/fr\/wp-json\/wp\/v2\/users\/2"}],"replies":[{"embeddable":true,"href":"https:\/\/www.europesays.com\/fr\/wp-json\/wp\/v2\/comments?post=637900"}],"version-history":[{"count":0,"href":"https:\/\/www.europesays.com\/fr\/wp-json\/wp\/v2\/posts\/637900\/revisions"}],"wp:featuredmedia":[{"embeddable":true,"href":"https:\/\/www.europesays.com\/fr\/wp-json\/wp\/v2\/media\/637901"}],"wp:attachment":[{"href":"https:\/\/www.europesays.com\/fr\/wp-json\/wp\/v2\/media?parent=637900"}],"wp:term":[{"taxonomy":"category","embeddable":true,"href":"https:\/\/www.europesays.com\/fr\/wp-json\/wp\/v2\/categories?post=637900"},{"taxonomy":"post_tag","embeddable":true,"href":"https:\/\/www.europesays.com\/fr\/wp-json\/wp\/v2\/tags?post=637900"}],"curies":[{"name":"wp","href":"https:\/\/api.w.org\/{rel}","templated":true}]}}