{"id":637912,"date":"2026-01-03T08:30:35","date_gmt":"2026-01-03T08:30:35","guid":{"rendered":"https:\/\/www.europesays.com\/fr\/637912\/"},"modified":"2026-01-03T08:30:35","modified_gmt":"2026-01-03T08:30:35","slug":"chamonix-un-magnifique-parhelie-photographie-au-village-des-frasserands","status":"publish","type":"post","link":"https:\/\/www.europesays.com\/fr\/637912\/","title":{"rendered":"Chamonix. Un magnifique parh\u00e9lie photographi\u00e9 au village des Frasserands"},"content":{"rendered":"<p>Avant de changer d\u2019ann\u00e9e, notre correspondant et photographe Bruno Magnien a immortalis\u00e9 un parh\u00e9lie aux Frasserands, sur les hauteurs de la vall\u00e9e de Chamonix. <a href=\"https:\/\/www.ledauphine.com\/haute-savoie\/2017\/12\/23\/un-parhelie-illumine-la-commune\" target=\"_blank\" rel=\"noopener\">Un ph\u00e9nom\u00e8ne optique qui donne l\u2019illusion de voir deux astres lumineux<\/a> aux c\u00f4t\u00e9s du Soleil, reli\u00e9 par un halo circulaire.<\/p>\n<p>Ce clich\u00e9 spectaculaire pris mercredi 31\u00a0d\u00e9cembre a \u00e9t\u00e9 rendu possible par des conditions atmosph\u00e9riques tr\u00e8s sp\u00e9cifiques\u00a0: un air froid et stable, travers\u00e9 par des nuages \u00e9lev\u00e9s charg\u00e9s de cristaux de glace, capables de r\u00e9fracter la lumi\u00e8re solaire avec une pr\u00e9cision remarquable. Un instant fugace, parfaitement saisi, qui rappelle que le ciel de montagne r\u00e9serve parfois des surprises magiques.<\/p>\n","protected":false},"excerpt":{"rendered":"Avant de changer d\u2019ann\u00e9e, notre correspondant et photographe Bruno Magnien a immortalis\u00e9 un parh\u00e9lie aux Frasserands, sur les&hellip;\n","protected":false},"author":2,"featured_media":637913,"comment_status":"","ping_status":"","sticky":false,"template":"","format":"standard","meta":{"footnotes":""},"categories":[1358],"tags":[1348,1384,1385,22849,1386,58,9543,59,436,1011,27,4638,1757,8423,22850,767],"class_list":{"0":"post-637912","1":"post","2":"type-post","3":"status-publish","4":"format-standard","5":"has-post-thumbnail","7":"category-arts-et-design","8":"tag-arts","9":"tag-arts-and-design","10":"tag-arts-et-design","11":"tag-chamonix-mont-blanc","12":"tag-design","13":"tag-divertissement","14":"tag-edition-mont-blanc-arve","15":"tag-entertainment","16":"tag-environnement","17":"tag-fr","18":"tag-france","19":"tag-haute-savoie","20":"tag-insolite","21":"tag-meteorologie-climat","22":"tag-ouverture-chamonix","23":"tag-science-et-technologie"},"share_on_mastodon":{"url":"https:\/\/pubeurope.com\/@fr\/115830235030109867","error":""},"_links":{"self":[{"href":"https:\/\/www.europesays.com\/fr\/wp-json\/wp\/v2\/posts\/637912","targetHints":{"allow":["GET"]}}],"collection":[{"href":"https:\/\/www.europesays.com\/fr\/wp-json\/wp\/v2\/posts"}],"about":[{"href":"https:\/\/www.europesays.com\/fr\/wp-json\/wp\/v2\/types\/post"}],"author":[{"embeddable":true,"href":"https:\/\/www.europesays.com\/fr\/wp-json\/wp\/v2\/users\/2"}],"replies":[{"embeddable":true,"href":"https:\/\/www.europesays.com\/fr\/wp-json\/wp\/v2\/comments?post=637912"}],"version-history":[{"count":0,"href":"https:\/\/www.europesays.com\/fr\/wp-json\/wp\/v2\/posts\/637912\/revisions"}],"wp:featuredmedia":[{"embeddable":true,"href":"https:\/\/www.europesays.com\/fr\/wp-json\/wp\/v2\/media\/637913"}],"wp:attachment":[{"href":"https:\/\/www.europesays.com\/fr\/wp-json\/wp\/v2\/media?parent=637912"}],"wp:term":[{"taxonomy":"category","embeddable":true,"href":"https:\/\/www.europesays.com\/fr\/wp-json\/wp\/v2\/categories?post=637912"},{"taxonomy":"post_tag","embeddable":true,"href":"https:\/\/www.europesays.com\/fr\/wp-json\/wp\/v2\/tags?post=637912"}],"curies":[{"name":"wp","href":"https:\/\/api.w.org\/{rel}","templated":true}]}}