{"id":637914,"date":"2026-01-03T08:32:12","date_gmt":"2026-01-03T08:32:12","guid":{"rendered":"https:\/\/www.europesays.com\/fr\/637914\/"},"modified":"2026-01-03T08:32:12","modified_gmt":"2026-01-03T08:32:12","slug":"manu-dans-le-dur-janet-piegee-les-intrig","status":"publish","type":"post","link":"https:\/\/www.europesays.com\/fr\/637914\/","title":{"rendered":"Manu dans le dur, Janet pi\u00e9g\u00e9e&#8230; Les intrig &#8230;"},"content":{"rendered":"<p>EN BREF<\/p>\n<ul class=\"bloc_resume_post_list\">\n<li>Diffus\u00e9e sur France 2 depuis 2018, \u00ab\u00a0Un si grand soleil\u00a0\u00bb a<br \/>\n\u00e9t\u00e9 d\u00e9plac\u00e9e sur France 3 le 9 septembre 2024.<\/li>\n<li>La s\u00e9rie est d\u00e9sormais diffus\u00e9e \u00e0 20h40, pr\u00e9c\u00e9d\u00e9e d\u00a0\u00bbune<br \/>\nrediffusion \u00e0 20h20, avec des audiences satisfaisantes.<\/li>\n<li>Le personnage de Manu, jou\u00e9 par Mo\u00efse Santamaria, sera<br \/>\nconfront\u00e9 \u00e0 de graves accusations en 2026, bouleversant les<br \/>\nintrigues.<\/li>\n<\/ul>\n<p>Diffus\u00e9e pour la premi\u00e8re fois sur l&rsquo;antenne de France 2 en<br \/>\n2018. <a href=\"https:\/\/www.telestar.fr\/serie_tv\/un-si-grand-soleil-boris-incarcere-muriel-innocentee-kira-en-mode-combat-ce-qui-vous-attend-du-3-au-7-novembre-2025-1743754\" target=\"_blank\" rel=\"noopener\"><br \/>\nLa s\u00e9rie quotidienne intitul\u00e9e Un si grand soleil<\/a>, qui<br \/>\n\u00e9tait <strong>programm\u00e9e du lundi au vendredi apr\u00e8s<br \/>\nle<\/strong>\u00a0<strong>JT de 20h<\/strong>, avait pour objectif<br \/>\ninitial de concurrencer les autres fictions quotidiennes du petit<br \/>\n\u00e9cran. Plus belle la vie sur France 3. Et Demain nous<br \/>\nappartient\u00a0sur TF1.<\/p>\n<p>Depuis son lancement, Un si grand soleil \u00e9tait devenu<br \/>\n<strong>l&rsquo;un des rendez-cous les plus populaires de la cha\u00eene<br \/>\npublique<\/strong>. Toutefois, France 2 a mis un terme \u00e0 la<br \/>\ndiffusion de cette s\u00e9rie sur son antenne depuis le lundi 9<br \/>\nseptembre 2024. En fait, la cha\u00eene publique avait fait le choix de<br \/>\nrallonger le JT de 20h d&rsquo;<a href=\"https:\/\/www.closermag.fr\/people\/anne-sophie-lapix-plus-libre-apres-son-eviction-de-france-2-elle-dit-tout-ce-quelle-pense-3578697\" target=\"_blank\" rel=\"noopener\">Anne-Sophie<br \/>\nLapix<\/a>. Remplac\u00e9e entre temps par L\u00e9a Salam\u00e9. Qui dure d\u00e9sormais<br \/>\nquasiment une heure chaque soir.<\/p>\n<p>Un si grand soleil : le personnage de Manu va \u00eatre la<br \/>\ncible de terribles accusations<\/p>\n<p>Ainsi, Un si grand soleil est aujourd&rsquo;hui programm\u00e9 sur<br \/>\nFrance 3, dans la case historique de Plus belle la vie.<br \/>\nDepuis le lundi 9 septembre 2024, <strong>chaque \u00e9pisode in\u00e9dit de<br \/>\nla fiction est diffus\u00e9 \u00e0 20h40.<\/strong> Pr\u00e9c\u00e9d\u00e9 par une<br \/>\nrediffusion de l&rsquo;\u00e9pisode de la veille \u00e0 20h20. De son c\u00f4t\u00e9, la<br \/>\ndiffusion du magazine Tout le sport a \u00e9t\u00e9 avanc\u00e9e \u00e0 19h50. Jusqu&rsquo;\u00e0<br \/>\npr\u00e9sent, les audiences de la s\u00e9rie sur France 3 semblent donner<br \/>\nsatisfaction au groupe audiovisuel public.<\/p>\n<p>Depuis la diffusion du tout premier \u00e9pisode. De tr\u00e8s nombreux<br \/>\nacteurs ont figur\u00e9 au casting du feuilleton Un si grand<br \/>\nsoleil. Si certains com\u00e9diens n&rsquo;ont fait qu&rsquo;une courte<br \/>\napparition \u00e0 l&rsquo;\u00e9cran. <a href=\"https:\/\/www.telestar.fr\/serie_tv\/exclu-un-si-grand-soleil-elle-soupconnera-cette-intrigue-dans-laquelle-claire-va-jouer-un-role-de-premier-plan-1712848\" target=\"_blank\" rel=\"noopener\"><br \/>\nD&rsquo;autres se sont en revanche inscrits dans la dur\u00e9e<\/a>.<br \/>\n<strong>C&rsquo;est notamment le cas de l&rsquo;acteur Mo\u00efse<br \/>\nSantamaria<\/strong>. Qui interpr\u00e8te le r\u00f4le de Manu \u00e0 l&rsquo;\u00e9cran<br \/>\ndepuis d\u00e9j\u00e0 de nombreuses ann\u00e9es.<\/p>\n<p>Olivier Szulzynger : \u00ab\u00a0Les fans de la<br \/>\ns\u00e9rie savent tr\u00e8s bien que Manu ne peut \u00eatre coupable de ce dont<br \/>\ncette jeune fille l&rsquo;accuse\u00a0\u00bb<\/p>\n<p>L&rsquo;ann\u00e9e 2026 ne va d&rsquo;ailleurs pas commencer de la meilleure des<br \/>\nmani\u00e8res pour le personnage du com\u00e9dien. Dans le cadre d&rsquo;une<br \/>\ninterview accord\u00e9e au magazine T\u00e9l\u00e9 Star, en kiosque le<br \/>\nlundi 5 janvier 2026. Le directeur de collection de la s\u00e9rie Un<br \/>\nsi grand soleil, Olivier Szulzynger, a r\u00e9v\u00e9l\u00e9 que <strong>Manu<br \/>\nallait \u00eatre soup\u00e7onn\u00e9 d&rsquo;avoir maltrait\u00e9 une<br \/>\nadolescente.<\/strong><\/p>\n<p>\u00ab\u00a0Les fans de la s\u00e9rie savent tr\u00e8s bien que Manu ne peut \u00eatre<br \/>\ncoupable de ce dont cette jeune fille l&rsquo;accuse. Toute la question<br \/>\nest de savoir pourquoi elle ment. <strong>Ce sera une arche tr\u00e8s<br \/>\n\u00e9mouvante<\/strong>\u00ab\u00a0, a-t-il aussi soulign\u00e9. De son c\u00f4t\u00e9, Janet<br \/>\n(Tonya Kinzinger, ndlr) verra le pi\u00e8ge de Laurine (L\u00e9a Gillard,<br \/>\nndlr) se refermer sur elle. R\u00e9concili\u00e9 avec sa m\u00e8re, Pablo (Adriel<br \/>\nSorrente, ndlr) sera quant \u00e0 lui au c\u0153ur d&rsquo;une confrontation entre<br \/>\nses deux parents. Enfin, l&rsquo;adult\u00e8re de Yann Cross (Constantin<br \/>\nBalsan, ndlr) sera r\u00e9v\u00e9l\u00e9e au grand jour.<\/p>\n","protected":false},"excerpt":{"rendered":"EN BREF Diffus\u00e9e sur France 2 depuis 2018, \u00ab\u00a0Un si grand soleil\u00a0\u00bb a \u00e9t\u00e9 d\u00e9plac\u00e9e sur France 3&hellip;\n","protected":false},"author":2,"featured_media":637915,"comment_status":"","ping_status":"","sticky":false,"template":"","format":"standard","meta":{"footnotes":""},"categories":[1356],"tags":[548,58,59,1011,27,876,252,1364],"class_list":{"0":"post-637914","1":"post","2":"type-post","3":"status-publish","4":"format-standard","5":"has-post-thumbnail","7":"category-television","8":"tag-article-simple","9":"tag-divertissement","10":"tag-entertainment","11":"tag-fr","12":"tag-france","13":"tag-france-3","14":"tag-television","15":"tag-tv"},"share_on_mastodon":{"url":"https:\/\/pubeurope.com\/@fr\/115830243022567423","error":""},"_links":{"self":[{"href":"https:\/\/www.europesays.com\/fr\/wp-json\/wp\/v2\/posts\/637914","targetHints":{"allow":["GET"]}}],"collection":[{"href":"https:\/\/www.europesays.com\/fr\/wp-json\/wp\/v2\/posts"}],"about":[{"href":"https:\/\/www.europesays.com\/fr\/wp-json\/wp\/v2\/types\/post"}],"author":[{"embeddable":true,"href":"https:\/\/www.europesays.com\/fr\/wp-json\/wp\/v2\/users\/2"}],"replies":[{"embeddable":true,"href":"https:\/\/www.europesays.com\/fr\/wp-json\/wp\/v2\/comments?post=637914"}],"version-history":[{"count":0,"href":"https:\/\/www.europesays.com\/fr\/wp-json\/wp\/v2\/posts\/637914\/revisions"}],"wp:featuredmedia":[{"embeddable":true,"href":"https:\/\/www.europesays.com\/fr\/wp-json\/wp\/v2\/media\/637915"}],"wp:attachment":[{"href":"https:\/\/www.europesays.com\/fr\/wp-json\/wp\/v2\/media?parent=637914"}],"wp:term":[{"taxonomy":"category","embeddable":true,"href":"https:\/\/www.europesays.com\/fr\/wp-json\/wp\/v2\/categories?post=637914"},{"taxonomy":"post_tag","embeddable":true,"href":"https:\/\/www.europesays.com\/fr\/wp-json\/wp\/v2\/tags?post=637914"}],"curies":[{"name":"wp","href":"https:\/\/api.w.org\/{rel}","templated":true}]}}