{"id":637920,"date":"2026-01-03T08:35:09","date_gmt":"2026-01-03T08:35:09","guid":{"rendered":"https:\/\/www.europesays.com\/fr\/637920\/"},"modified":"2026-01-03T08:35:09","modified_gmt":"2026-01-03T08:35:09","slug":"voici-les-3-choses-que-jai-totalement-arretees-de-consommer","status":"publish","type":"post","link":"https:\/\/www.europesays.com\/fr\/637920\/","title":{"rendered":"\u201cVoici les 3 choses que j\u2019ai totalement arr\u00eat\u00e9es de consommer\u201d"},"content":{"rendered":"<p>L\u2019alimentation est souvent pr\u00e9sent\u00e9e comme un levier majeur de<br \/>\n<strong>pr\u00e9vention du cancer<\/strong>, mais entre croyances<br \/>\npopulaires et donn\u00e9es scientifiques, il est parfois difficile de<br \/>\ns\u2019y retrouver. Certaines recommandations surprennent, surtout<br \/>\nlorsqu\u2019elles viennent de professionnels qui appliquent ces<br \/>\nprincipes \u00e0 leur propre quotidien. Une experte en<br \/>\n<strong>nutrition<\/strong> anticancer a ainsi d\u00e9cid\u00e9 d\u2019exclure<br \/>\ntotalement plusieurs produits pourtant tr\u00e8s r\u00e9pandus. Pas par effet<br \/>\nde mode ni par peur excessive, mais \u00e0 la lumi\u00e8re de travaux<br \/>\nscientifiques solides et d\u2019ann\u00e9es d\u2019observation clinique.<\/p>\n<p>Les aliments qu\u2019elle a compl\u00e8tement supprim\u00e9s de son<br \/>\nquotidien<br \/>\nLes viandes transform\u00e9es et le risque canc\u00e9reux av\u00e9r\u00e9<\/p>\n<p>Parmi les premiers produits qu\u2019elle a \u00e9limin\u00e9s figurent les<br \/>\ncharcuteries et <a href=\"https:\/\/www.pleinevie.fr\/sante\/nutrition\/cancer-colorectal-un-lien-etabli-entre-la-maladie-et-la-consommation-de-viande-rouge-4636.html\" target=\"_blank\" rel=\"noopener\">viandes<\/a> transform\u00e9es. Saucisses,<br \/>\njambons industriels, bacon ou nuggets contiennent des nitrites et<br \/>\nnitrates utilis\u00e9s pour la conservation. Selon de nombreuses \u00e9tudes<br \/>\n\u00e9pid\u00e9miologiques, ces substances favorisent la formation de<br \/>\ncompos\u00e9s canc\u00e9rog\u00e8nes dans l\u2019organisme. L\u2019Organisation mondiale de<br \/>\nla sant\u00e9 classe d\u2019ailleurs ces produits comme canc\u00e9rog\u00e8nes certains<br \/>\npour le <strong>cancer colorectal<\/strong>. L\u2019experte souligne que<br \/>\nleur consommation r\u00e9guli\u00e8re agit comme une exposition chronique,<br \/>\nm\u00eame \u00e0 faibles doses, ce qui justifie selon elle une suppression<br \/>\ntotale plut\u00f4t qu\u2019une simple r\u00e9duction.<\/p>\n<p>Les sucres raffin\u00e9s et l\u2019inflammation chronique<\/p>\n<p>Le sucre blanc, les sodas, les p\u00e2tisseries industrielles et les<br \/>\nc\u00e9r\u00e9ales ultra sucr\u00e9es ont aussi disparu de son alimentation. Non<br \/>\npas parce que le sucre \u201cnourrit le cancer\u201d directement, mais parce<br \/>\nqu\u2019il entretient une <a href=\"https:\/\/www.pleinevie.fr\/sante\/cancer-du-colon-il-faut-arreter-de-consommer-ces-aliments-pour-reduire-le-risque-ils-favorisent-linflammation-chronique-181599.html\" target=\"_blank\" rel=\"noopener\">inflammation chronique<\/a> et<br \/>\nfavorise l\u2019insulinor\u00e9sistance. Ces deux m\u00e9canismes sont aujourd\u2019hui<br \/>\nclairement associ\u00e9s \u00e0 un terrain biologique favorable au<br \/>\nd\u00e9veloppement tumoral. L\u2019experte insiste sur le fait que le<br \/>\nprobl\u00e8me vient surtout des sucres rapides, omnipr\u00e9sents dans les<br \/>\n<strong>produits transform\u00e9s<\/strong>, qui perturbent durablement<br \/>\nle m\u00e9tabolisme et affaiblissent les m\u00e9canismes naturels de<br \/>\nprotection cellulaire.<\/p>\n<p>Les aliments ultra-transform\u00e9s et le stress oxydatif<\/p>\n<p>Plats pr\u00e9par\u00e9s, snacks industriels et produits longue<br \/>\nconservation constituent la troisi\u00e8me cat\u00e9gorie \u00e9limin\u00e9e. Riches en<br \/>\nadditifs, \u00e9mulsifiants et graisses d\u00e9grad\u00e9es, ils augmentent le<br \/>\n<strong>stress oxydatif<\/strong>, un facteur cl\u00e9 dans les<br \/>\n<strong>dommages cellulaires<\/strong>. Selon l\u2019experte, ces<br \/>\nproduits surchargent l\u2019organisme de substances inutiles que le foie<br \/>\ndoit constamment neutraliser. \u00c0 long terme, cette surcharge r\u00e9duit<br \/>\nla capacit\u00e9 du corps \u00e0 r\u00e9parer l\u2019ADN endommag\u00e9. Elle rappelle que<br \/>\nm\u00eame des aliments per\u00e7us comme \u201cpratiques\u201d peuvent devenir<br \/>\nprobl\u00e9matiques lorsqu\u2019ils constituent une base r\u00e9guli\u00e8re de<br \/>\nl\u2019alimentation.<\/p>\n<p>Ce qu\u2019elle privil\u00e9gie d\u00e9sormais pour<br \/>\nprot\u00e9ger sa sant\u00e9<br \/>\nLes aliments bruts riches en antioxydants naturels<\/p>\n<p>\u00c0 la place, elle mise sur une alimentation compos\u00e9e<br \/>\nmajoritairement de produits bruts. Fruits, l\u00e9gumes, l\u00e9gumineuses et<br \/>\nc\u00e9r\u00e9ales compl\u00e8tes apportent des <strong>antioxydants<br \/>\nnaturels<\/strong> essentiels pour neutraliser les radicaux libres.<br \/>\nCes compos\u00e9s prot\u00e8gent les cellules contre les agressions<br \/>\nquotidiennes li\u00e9es \u00e0 la pollution, au stress ou aux inflammations<br \/>\nsilencieuses. L\u2019experte insiste sur la vari\u00e9t\u00e9 plut\u00f4t que sur un<br \/>\n<strong>super-aliment miracle,<\/strong> indique <a href=\"https:\/\/www.doctissimo.fr\/nutrition\/alimentation-et-sante\/bien-manger-pour-etre-en-bonne-sante\/cancer-et-alimentation-quels-risques\/je-suis-dieteticienne-en-oncologie-et-pour-eviter-le-cancer-voici-les-3-choses-que-je-ne-consomme-jamais-320974.htm\" target=\"_blank\" rel=\"noopener\">Doctissimo<\/a>. Chaque couleur<br \/>\nv\u00e9g\u00e9tale correspond \u00e0 des mol\u00e9cules diff\u00e9rentes, dont l\u2019action<br \/>\ncombin\u00e9e offre une protection bien plus efficace qu\u2019un compl\u00e9ment<br \/>\nisol\u00e9.<\/p>\n<p>Les bonnes graisses et la protection cellulaire<\/p>\n<p>Elle accorde aussi une place centrale aux graisses de qualit\u00e9.<br \/>\nHuile d\u2019olive, noix, poissons gras et graines apportent des<br \/>\n<a href=\"https:\/\/www.pleinevie.fr\/bien-etre-forme\/bien-etre\/menopause-ce-fruit-bourre-dacides-gras-et-de-vitamines-est-un-allie-de-taille-pour-contrer-la-prise-de-poids-et-renforcer-la-sante-intestinale-119926.html\" target=\"_blank\" rel=\"noopener\">acides gras<\/a> essentiels qui<br \/>\nparticipent \u00e0 la <strong>protection cellulaire<\/strong>.<br \/>\nContrairement aux graisses industrielles, ces lipides soutiennent<br \/>\nles membranes des cellules et modulent favorablement<br \/>\nl\u2019<strong>inflammation<\/strong>. L\u2019experte pr\u00e9cise que supprimer<br \/>\nles mauvaises graisses sans r\u00e9introduire les bonnes serait une<br \/>\nerreur fr\u00e9quente. Le cerveau, le syst\u00e8me hormonal et le syst\u00e8me<br \/>\nimmunitaire d\u00e9pendent \u00e9troitement de cet \u00e9quilibre lipidique.<\/p>\n<p>L\u2019approche durable de la pr\u00e9vention nutritionnelle<\/p>\n<p>Enfin, elle insiste sur un point cl\u00e9 souvent n\u00e9glig\u00e9. L\u2019objectif<br \/>\nn\u2019est pas la restriction permanente, mais une <strong>pr\u00e9vention<br \/>\nnutritionnelle<\/strong> coh\u00e9rente et durable. Elle rappelle que la<br \/>\nculpabilit\u00e9 alimentaire est contre-productive et qu\u2019un changement<br \/>\nefficace repose sur la r\u00e9gularit\u00e9, pas la perfection. En supprimant<br \/>\ncertains produits \u00e0 risque et en construisant une <strong>base<br \/>\nalimentaire protectrice<\/strong>, elle affirme avoir gagn\u00e9 en<br \/>\n\u00e9nergie, en clart\u00e9 mentale et en s\u00e9r\u00e9nit\u00e9. Une d\u00e9marche qu\u2019elle<br \/>\nrecommande comme un investissement \u00e0 long terme plut\u00f4t qu\u2019un r\u00e9gime<br \/>\ntemporaire.<\/p>\n","protected":false},"excerpt":{"rendered":"L\u2019alimentation est souvent pr\u00e9sent\u00e9e comme un levier majeur de pr\u00e9vention du cancer, mais entre croyances populaires et donn\u00e9es&hellip;\n","protected":false},"author":2,"featured_media":637921,"comment_status":"","ping_status":"","sticky":false,"template":"","format":"standard","meta":{"footnotes":""},"categories":[10],"tags":[930,19020,57582,101,19938,7064,1444,1805,8293,3026,39360,1011,27,72,391,151,4991,746,71,9425,96,6013],"class_list":{"0":"post-637920","1":"post","2":"type-post","3":"status-publish","4":"format-standard","5":"has-post-thumbnail","7":"category-sante","8":"tag-le","9":"tag-19020","10":"tag-arretees","11":"tag-cancer","12":"tag-choses","13":"tag-consommer","14":"tag-contre","15":"tag-de","16":"tag-declare","17":"tag-en","18":"tag-experte","19":"tag-fr","20":"tag-france","21":"tag-health","22":"tag-jai","23":"tag-les","24":"tag-nutrition","25":"tag-que","26":"tag-sante","27":"tag-totalement","28":"tag-une","29":"tag-voici"},"share_on_mastodon":{"url":"https:\/\/pubeurope.com\/@fr\/115830254733275078","error":""},"_links":{"self":[{"href":"https:\/\/www.europesays.com\/fr\/wp-json\/wp\/v2\/posts\/637920","targetHints":{"allow":["GET"]}}],"collection":[{"href":"https:\/\/www.europesays.com\/fr\/wp-json\/wp\/v2\/posts"}],"about":[{"href":"https:\/\/www.europesays.com\/fr\/wp-json\/wp\/v2\/types\/post"}],"author":[{"embeddable":true,"href":"https:\/\/www.europesays.com\/fr\/wp-json\/wp\/v2\/users\/2"}],"replies":[{"embeddable":true,"href":"https:\/\/www.europesays.com\/fr\/wp-json\/wp\/v2\/comments?post=637920"}],"version-history":[{"count":0,"href":"https:\/\/www.europesays.com\/fr\/wp-json\/wp\/v2\/posts\/637920\/revisions"}],"wp:featuredmedia":[{"embeddable":true,"href":"https:\/\/www.europesays.com\/fr\/wp-json\/wp\/v2\/media\/637921"}],"wp:attachment":[{"href":"https:\/\/www.europesays.com\/fr\/wp-json\/wp\/v2\/media?parent=637920"}],"wp:term":[{"taxonomy":"category","embeddable":true,"href":"https:\/\/www.europesays.com\/fr\/wp-json\/wp\/v2\/categories?post=637920"},{"taxonomy":"post_tag","embeddable":true,"href":"https:\/\/www.europesays.com\/fr\/wp-json\/wp\/v2\/tags?post=637920"}],"curies":[{"name":"wp","href":"https:\/\/api.w.org\/{rel}","templated":true}]}}