{"id":637922,"date":"2026-01-03T08:36:11","date_gmt":"2026-01-03T08:36:11","guid":{"rendered":"https:\/\/www.europesays.com\/fr\/637922\/"},"modified":"2026-01-03T08:36:11","modified_gmt":"2026-01-03T08:36:11","slug":"toulouse-peato-revient-avec-une-forme-de-concurrence-devant-lui-il-va-devoir-de-nouveau-prouver-le-double-defi-de-mauvaka-toulouse","status":"publish","type":"post","link":"https:\/\/www.europesays.com\/fr\/637922\/","title":{"rendered":"Toulouse \u2013 \u00ab\u00a0Peato revient avec une forme de concurrence devant lui, il va devoir de nouveau prouver\u00a0\u00bb\u00a0: le double d\u00e9fi de Mauvaka (Toulouse)"},"content":{"rendered":"<p>\n                Ce samedi, Peato Mauvaka (28 ans, 42 s\u00e9lections) va retrouver les terrains, un peu plus de huit mois apr\u00e8s sa rupture des ligaments crois\u00e9s du genou droit. Le talonneur international va devoir retrouver ses sensations pour esp\u00e9rer retrouver la place qui \u00e9tait la sienne dans la rotation.\n            <\/p>\n<p>Plus de huit mois apr\u00e8s sa rupture des ligaments au genou droit, Peato Mauvaka va reprendre la comp\u00e9tition ce samedi, \u00e0 <strong><a href=\"https:\/\/www.rugbyrama.fr\/equipe\/usa-perpignan\/\" target=\"_self\" rel=\"noopener\">Perpignan<\/a><\/strong>. L\u2019encadrement a plac\u00e9 le talonneur international sur le banc pour cette premi\u00e8re sortie de l\u2019ann\u00e9e 2026. Comme il l\u2019avait planifi\u00e9, esp\u00e9r\u00e9\u00a0: \u201cSa blessure a bien \u00e9volu\u00e9, on est largement dans les temps, a r\u00e9agi Virgile Lacombe, ce vendredi. Il y a eu une p\u00e9riode au cours de laquelle on a insist\u00e9 sur le travail de renforcement du haut du corps pour le pr\u00e9parer \u00e0 revivre les phases de conqu\u00eate, la m\u00eal\u00e9e notamment. Il a ensuite \u00e9t\u00e9 r\u00e9int\u00e9gr\u00e9 au fur et \u00e0 mesure dans la partie collective\u00a0: avec du s\u00e9par\u00e9 d\u2019abord puis\u00a0les entra\u00eenements \u00e0 quinze contre quinze. \u00c7a fait deux semaines qu\u2019il participe pleinement aux s\u00e9ances. Il a peut-\u00eatre eu un petit peu d\u2019appr\u00e9hension au d\u00e9but mais je pense que le fait de bien vivre ces semaines-l\u00e0 l\u2019a rassur\u00e9. Tout va bien.\u201d<\/p>\n<p>Au-del\u00e0 de son \u00e9tat de forme et de ses sensations du moment, Peato Mauvaka va de nouveau se frotter au jeu de la concurrence <strong><a href=\"https:\/\/www.rugbyrama.fr\/equipe\/stade-toulousain\/\" target=\"_self\" rel=\"noopener\">toulousaine<\/a><\/strong>. Qui n\u2019a s\u00fbrement jamais \u00e9t\u00e9 aussi dense \u00e0 son poste entre le retour au premier plan de Julien Marchand, la progression du n\u00e9ocap\u00e9 Guillaume Cramont et l\u2019\u00e9mergence du grand espoir Thomas Lacombre\u00a0: \u201cPeato revient avec une forme de concurrence devant lui, pr\u00e9sente le sp\u00e9cialiste du jeu d\u2019avants. Il sait qu\u2019il va devoir de nouveau prouver, puisque c\u2019est la loi du sport de haut niveau de retrouver sa place, d\u2019\u00eatre capable de faire de bonnes performances pour pouvoir jouer et redevenir titulaire. Maintenant, \u00e7a se fera progressivement.\u201d L\u2019int\u00e9ress\u00e9 cherchera \u00e0 n\u2019en pas douter \u00e0 acc\u00e9l\u00e9rer le processus, qui plus est \u00e0 un mois du d\u00e9but du\u00a0<strong><a href=\"https:\/\/www.rugbyrama.fr\/rugby-a-xv\/6-nations\/\" target=\"_self\" rel=\"noopener\">Tournoi\u00a0des 6 Nations<\/a><\/strong>\u00a0: \u201cSi dans les prochaines semaines, on arrive \u00e0 lui faire acqu\u00e9rir un petit peu de temps de jeu et que lui continue \u00e0 se rassurer, ce serait une bonne chose. Sachant que le gar\u00e7on est comp\u00e9titif, je ne suis pas trop inquiet quant \u00e0 son envie de jouer.\u201d<\/p>\n<p>\u00ab\u00a0G\u00e9rer comme on le fait \u00e0 tous les postes\u00a0\u00bb<\/p>\n<p>Si Peato Mauvaka retrouve\u00a0toutes ses facult\u00e9s, les choix de composition risquent rapidement de s\u2019apparenter \u00e0 des doubles dilemmes pour le staff. Un probl\u00e8me de riches auquel les t\u00eates pensantes de la maison\u00a0sont habitu\u00e9es \u00e0\u00a0faire face, comme l\u2019a rappel\u00e9 Virgile Lacombe\u00a0: \u201cJ\u2019ai envie de dire qu\u2019on va g\u00e9rer \u00e7a comme on le fait \u00e0 tous les postes.\u00a0En pilier, par exemple\u00a0: ils sont quatre \u00e0 gauche, quatre \u00e0 droite. Ils sont presque tous internationaux. On est parfois oblig\u00e9s de r\u00e9compenser des performances, parfois de remettre des joueurs sur le terrain parce qu\u2019ils ont travaill\u00e9 dur en interne et qu\u2019ils le m\u00e9ritent. Tant qu\u2019on aura de bons r\u00e9sultats, ce sera plus simple pour nous d\u2019avoir cette rotation et de permettre \u00e0 tous les gars de se montrer. Par la suite, sur la fin de saison, il y aura des choix un peu plus tranch\u00e9s \u00e0 effectuer. Comme on l\u2019a tout le temps fait, \u00e7a d\u00e9pendra de l\u2019adversaire, des semaines d\u2019entra\u00eenement, des combinaisons de joueurs ou encore du style de jeu qu\u2019on veut mettre en place.\u201d La question risque de se poser d\u00e8s la semaine prochaine, \u00e0 l\u2019occasion du d\u00e9placement capital sur la pelouse des Saracens.<\/p>\n","protected":false},"excerpt":{"rendered":"Ce samedi, Peato Mauvaka (28 ans, 42 s\u00e9lections) va retrouver les terrains, un peu plus de huit mois&hellip;\n","protected":false},"author":2,"featured_media":637923,"comment_status":"","ping_status":"","sticky":false,"template":"","format":"standard","meta":{"footnotes":""},"categories":[9],"tags":[1011,27,60,476],"class_list":{"0":"post-637922","1":"post","2":"type-post","3":"status-publish","4":"format-standard","5":"has-post-thumbnail","7":"category-sports","8":"tag-fr","9":"tag-france","10":"tag-sports","11":"tag-stade-toulousain"},"share_on_mastodon":{"url":"https:\/\/pubeurope.com\/@fr\/115830258888138233","error":""},"_links":{"self":[{"href":"https:\/\/www.europesays.com\/fr\/wp-json\/wp\/v2\/posts\/637922","targetHints":{"allow":["GET"]}}],"collection":[{"href":"https:\/\/www.europesays.com\/fr\/wp-json\/wp\/v2\/posts"}],"about":[{"href":"https:\/\/www.europesays.com\/fr\/wp-json\/wp\/v2\/types\/post"}],"author":[{"embeddable":true,"href":"https:\/\/www.europesays.com\/fr\/wp-json\/wp\/v2\/users\/2"}],"replies":[{"embeddable":true,"href":"https:\/\/www.europesays.com\/fr\/wp-json\/wp\/v2\/comments?post=637922"}],"version-history":[{"count":0,"href":"https:\/\/www.europesays.com\/fr\/wp-json\/wp\/v2\/posts\/637922\/revisions"}],"wp:featuredmedia":[{"embeddable":true,"href":"https:\/\/www.europesays.com\/fr\/wp-json\/wp\/v2\/media\/637923"}],"wp:attachment":[{"href":"https:\/\/www.europesays.com\/fr\/wp-json\/wp\/v2\/media?parent=637922"}],"wp:term":[{"taxonomy":"category","embeddable":true,"href":"https:\/\/www.europesays.com\/fr\/wp-json\/wp\/v2\/categories?post=637922"},{"taxonomy":"post_tag","embeddable":true,"href":"https:\/\/www.europesays.com\/fr\/wp-json\/wp\/v2\/tags?post=637922"}],"curies":[{"name":"wp","href":"https:\/\/api.w.org\/{rel}","templated":true}]}}