{"id":637924,"date":"2026-01-03T08:37:11","date_gmt":"2026-01-03T08:37:11","guid":{"rendered":"https:\/\/www.europesays.com\/fr\/637924\/"},"modified":"2026-01-03T08:37:11","modified_gmt":"2026-01-03T08:37:11","slug":"la-fille-de-lacteur-tommy-lee-jones-retrouvee-morte-a-san-francisco-cinq-minutes-pour-comprendre-le-drame","status":"publish","type":"post","link":"https:\/\/www.europesays.com\/fr\/637924\/","title":{"rendered":"La fille de l\u2019acteur Tommy Lee Jones retrouv\u00e9e morte \u00e0 San Francisco\u00a0: cinq minutes pour comprendre le drame"},"content":{"rendered":"<p class=\"paragraph text_align_left lp-f-body-02\">Victoria Kafka Jones, fille de l\u2019acteur am\u00e9ricain <a href=\"https:\/\/www.leparisien.fr\/culture-loisirs\/cinema\/death-business-sur-prime-video-le-grand-numero-de-jamie-foxx-et-tommy-lee-jones-13-10-2023-OIHEO73GBJDPNCQFGYMUQVERYM.php\" target=\"_blank\" rel=\"noreferrer noopener\">Tommy Lee Jones<\/a>, elle-m\u00eame com\u00e9dienne dans sa jeunesse,<a href=\"https:\/\/www.leparisien.fr\/culture-loisirs\/cinema\/la-fille-de-lacteur-americain-tommy-lee-jones-retrouvee-morte-le-soir-du-nouvel-an-dans-un-hotel-de-luxe-a-san-francisco-02-01-2026-DPDP3IZPO5A6DB6OJBDAIKUZAA.php\" target=\"_blank\" rel=\"noreferrer noopener\"> a \u00e9t\u00e9 retrouv\u00e9e morte \u00e0 San Francisco<\/a> dans la nuit du 1er janvier. \u00c2g\u00e9e de 34 ans, elle a \u00e9t\u00e9 d\u00e9couverte inanim\u00e9e dans un couloir du Fairmont Hotel, un \u00e9tablissement embl\u00e9matique situ\u00e9 sur les hauteurs du quartier cossu de Nob Hill. Son identification a \u00e9t\u00e9 imm\u00e9diate gr\u00e2ce \u00e0 ses documents d\u2019\u00e9tat civil.<\/p>\n<p>Comment a-t-elle \u00e9t\u00e9 d\u00e9couverte ?<\/p>\n<p class=\"\">Selon les premiers \u00e9l\u00e9ments, Victoria Jones aurait \u00e9t\u00e9 d\u00e9couverte par un autre client de l\u2019h\u00f4tel, qui a alert\u00e9 le personnel apr\u00e8s l\u2019avoir trouv\u00e9e inconsciente allong\u00e9e dans un couloir du 14e \u00e9tage. Les services de secours ont \u00e9t\u00e9 appel\u00e9s \u00e0 2h52 du matin. Selon le service de pompiers du San Francisco Fire Department, premier intervenant sur place, les \u00e9quipes m\u00e9dicales ont proc\u00e9d\u00e9 \u00e0 une \u00e9valuation mais n\u2019ont pu que constater le d\u00e9c\u00e8s.<\/p>\n<p class=\"\">Le corps a \u00e9t\u00e9 confi\u00e9 directement aux services mortuaires, sans transfert vers un h\u00f4pital du comt\u00e9. La police de <a href=\"https:\/\/www.leparisien.fr\/international\/etats-unis\/panne-delectricite-monstre-a-san-francisco-130-000-habitants-prives-de-courant-21-12-2025-K7VDFDLYYJGTZHOUPUW3TT3J7M.php\" target=\"_blank\" rel=\"noreferrer noopener\">San Francisco<\/a> et le bureau du m\u00e9decin l\u00e9giste ont ensuite pris le relais pour d\u00e9terminer les causes officielles du d\u00e9c\u00e8s et tenter de retracer les \u00e9v\u00e9nements qui l\u2019ont pr\u00e9c\u00e9d\u00e9.<\/p>\n<p>Quel est le sc\u00e9nario privil\u00e9gi\u00e9 ?<\/p>\n<p class=\"\">Selon nos informations, une mort par overdose est, \u00e0 ce stade, privil\u00e9gi\u00e9e par les enqu\u00eateurs. Le client qui a donn\u00e9 l\u2019alerte aurait indiqu\u00e9 qu\u2019une femme \u00ab ivre \u00bb gisait sur le chemin des chambres. Des informations issues des \u00e9changes radio des services d\u2019urgence indiquent que l\u2019appel initial a \u00e9t\u00e9 class\u00e9 en \u00ab code 3 \u00bb, qualification correspondant \u00e0 une intervention prioritaire.<\/p>\n<p class=\"\">La mention \u00ab overdose, color change \u00bb figure dans le descriptif transmis aux secours, faisant \u00e9tat d\u2019une suspicion de surdose, li\u00e9e \u00e0 des stup\u00e9fiants ou \u00e0 des m\u00e9dicaments, accompagn\u00e9e de signes visibles de d\u00e9coloration des tissus (cyanose), sympt\u00f4me d\u2019une d\u00e9tresse physiologique aigu\u00eb. Les forces de l\u2019ordre pr\u00e9cisent qu\u2019aucun \u00e9l\u00e9ment ne permet, \u00e0 ce stade, de suspecter l\u2019intervention d\u2019un tiers ou un acte criminel.<\/p>\n<p class=\"\">L\u2019enqu\u00eate se poursuit sous l\u2019autorit\u00e9 du m\u00e9decin l\u00e9giste de San Francisco, qui doit notamment proc\u00e9der \u00e0 des analyses toxicologiques. Ces examens peuvent prendre plusieurs semaines. Contact\u00e9, le bureau du l\u00e9giste indique que le rapport final ne sera rendu public qu\u2019avec l\u2019accord de la famille.<\/p>\n<p>Que s\u2019est-il pass\u00e9 plus t\u00f4t dans la soir\u00e9e ?<\/p>\n<p class=\"\">Le d\u00e9roul\u00e9 pr\u00e9cis des heures ayant pr\u00e9c\u00e9d\u00e9 la mort de Victoria Jones n\u2019a pas encore \u00e9t\u00e9 communiqu\u00e9s par les autorit\u00e9s. Mais, selon nos informations, elle aurait particip\u00e9 \u00e0 une \u00ab New Year\u2019s Eve Party \u00bb, une f\u00eate du Nouvel An\u201a au Fairmont Hotel, avec trois autres personnes. Interrog\u00e9es par la police, elles auraient confirm\u00e9 avoir vu Victoria consommer de la coca\u00efne. Les responsables de l\u2019\u00e9tablissement se refusent, quant \u00e0 eux, \u00e0 davantage d\u2019informations sur la soir\u00e9e. Ils pr\u00e9cisent juste : \u00ab C\u2019est un de nos employ\u00e9s qui a appel\u00e9 les services d\u2019urgence, un massage cardiaque a \u00e9t\u00e9 tent\u00e9 avant l\u2019arriv\u00e9e des secours. L\u2019h\u00f4tel coop\u00e8re activement et soutient les autorit\u00e9s polici\u00e8res dans le cadre de l\u2019enqu\u00eate en cours. \u00bb<\/p>\n<p class=\"\">La fille de Tommy Lee Jones avait ses habitudes dans ce coin vivant de San Francisco. Elle faisait r\u00e9guli\u00e8rement la f\u00eate dans les bars du quartier voisin de North Beach.<\/p>\n<p>Qui \u00e9tait Victoria Jones ?<\/p>\n<p class=\"\">Victoria Jones est le fruit du second mariage de l\u2019acteur du \u00ab Fugitif \u00bb et de <a href=\"https:\/\/www.leparisien.fr\/culture-loisirs\/les-men-in-black-ont-du-chien-11-10-2005-2006372232.php\" target=\"_blank\" rel=\"noreferrer noopener\">\u00ab Men in Black \u00bb<\/a> avec Kimberlea Cloughley, photographe am\u00e9ricaine. Le couple, mari\u00e9 en 1981 et divorc\u00e9 en 1996, a eu deux enfants : Austin, aujourd\u2019hui \u00e2g\u00e9 de 43 ans, et Victoria, n\u00e9e en 1991. Contrairement \u00e0 son fr\u00e8re, rest\u00e9 \u00e0 l\u2019\u00e9cart de la sph\u00e8re m\u00e9diatique, Victoria a \u00e9t\u00e9 tr\u00e8s t\u00f4t expos\u00e9e au monde du cin\u00e9ma.<\/p>\n<p class=\"\">Enfant, elle appara\u00eet \u00e0 l\u2019\u00e9cran dans plusieurs productions aux c\u00f4t\u00e9s de son p\u00e8re, notamment, en 2002, dans <a href=\"https:\/\/www.leparisien.fr\/culture-loisirs\/men-in-black-2-dans-le-mille-11-08-2002-2003313945.php\" target=\"_blank\" rel=\"noreferrer noopener\">\u00ab Men in Black II \u00bb<\/a>. En 2005, elle joue dans un \u00e9pisode de la s\u00e9rie \u00ab Les Fr\u00e8res Scott \u00bb, avant de tourner \u00ab Trois Enterrements \u00bb, sous la direction de Tommy Lee Jones. Dans un portrait publi\u00e9 en 2006 par The New Yorker, l\u2019acteur revenait sur cette collaboration avec sa fille adolescente, \u00e9voquant \u00e0 la fois ses qualit\u00e9s artistiques et les exigences du tournage.<\/p>\n<p class=\"\">\u00ab Elle devait se lever \u00e0 5 heures du matin pour son r\u00f4le. Un matin, elle a refus\u00e9 de sortir du lit. Je lui ai dit : Ch\u00e9rie, c\u2019est un travail. Mais elle n\u2019a pas boug\u00e9. Alors je l\u2019ai renvoy\u00e9e \u00bb, racontait-il. Avant d\u2019ajouter : \u00ab Puis, sans me le dire, l\u2019\u00e9quipe de production est all\u00e9e la r\u00e9veiller et l\u2019a emmen\u00e9e en vitesse sur le plateau juste \u00e0 temps. \u00bb<\/p>\n<p class=\"\">Sa derni\u00e8re apparition \u00e0 l\u2019\u00e9cran remonte \u00e0 2014, dans \u00ab The Homesman \u00bb, un autre film r\u00e9alis\u00e9 par son p\u00e8re. \u00ab C\u2019est une bonne actrice, elle a sa carte du syndicat SAG-AFTRA \u00bb, justifiait alors Tommy Lee Jones pour expliquer son choix de lui confier de nouveau un r\u00f4le.<\/p>\n<p>Quels \u00e9taient ses ant\u00e9c\u00e9dents judiciaires ?<\/p>\n<p class=\"\">Si Victoria Jones a accompagn\u00e9 son p\u00e8re lors de plusieurs apparitions publiques, notamment sur des tapis rouges et lors de festivals internationaux, sa carri\u00e8re d\u2019actrice n\u2019a pas d\u00e9coll\u00e9. \u00c0 partir du milieu des ann\u00e9es 2010, elle s\u2019est progressivement retir\u00e9e de la vie publique.<\/p>\n<p class=\"\">En 2025, son nom r\u00e9appara\u00eet dans les registres judiciaires du comt\u00e9 de Napa, en Californie. Le 11 f\u00e9vrier, des adjoints du sh\u00e9rif interviennent \u00e0 une adresse situ\u00e9e sur Las Amigas Road, \u00e0 la suite d\u2019un appel signalant un diff\u00e9rend domestique. L\u2019homme se pr\u00e9sentant comme le compagnon de Victoria Jones \u00e9voque alors une dispute verbale en cours d\u2019escalade, tout en pr\u00e9cisant ne pas souhaiter engager de poursuites, mais uniquement que l\u2019incident soit consign\u00e9.<\/p>\n<p class=\"\">Le 26 avril, lors d\u2019un contr\u00f4le sanitaire, Victoria Jones est arr\u00eat\u00e9e pour usage d\u2019une substance contr\u00f4l\u00e9e sans prescription m\u00e9dicale valide. Selon le rapport du sh\u00e9rif, elle aurait admis avoir consomm\u00e9 de la coca\u00efne au moment des faits. Cette infraction relevant du r\u00e9gime des \u00ab misdemeanors \u00bb, \u00e9quivalent de d\u00e9lits mineurs en droit p\u00e9nal californien, aucune condamnation n\u2019est prononc\u00e9e \u00e0 son encontre.<\/p>\n<p class=\"\">Deux mois plus tard, le 13 juin, elle est de nouveau interpell\u00e9e dans le m\u00eame comt\u00e9 et poursuivie pour des faits de violences domestiques envers une personne \u00e2g\u00e9e. Les autorit\u00e9s \u00e9tablissent qu\u2019il s\u2019agit encore de son compagnon. Les faits se seraient produits au Carneros Resort and Spa, \u00e0 Napa. La victime pr\u00e9sum\u00e9e affirme avoir \u00e9t\u00e9 frapp\u00e9e \u00e0 deux reprises au visage lors d\u2019une altercation portant notamment sur la consommation d\u2019alcool et de drogues.<\/p>\n<p class=\"\">Le rapport de police mentionne des rougeurs visibles sur le visage et l\u2019oreille de l\u2019homme \u00e0 l\u2019arriv\u00e9e des secours. Victoria Jones nie les faits lors de sa comparution, le 1er juillet. Selon nos informations, la proc\u00e9dure \u00e9tait toujours en cours au moment de son d\u00e9c\u00e8s.<\/p>\n<p class=\"\">Ces ant\u00e9c\u00e9dents judiciaires n\u2019ont, \u00e0 ce stade, pas \u00e9t\u00e9 reli\u00e9s par les autorit\u00e9s aux circonstances de la mort survenue \u00e0 San Francisco. Les enqu\u00eateurs se montrent prudents, rappelant que les conclusions d\u00e9finitives d\u00e9pendront exclusivement des r\u00e9sultats des analyses m\u00e9dico-l\u00e9gales.<\/p>\n<p>Comment a r\u00e9agi son p\u00e8re ?<\/p>\n<p class=\"\">Tommy Lee Jones, 79 ans, n\u2019a pas r\u00e9agi publiquement \u00e0 la disparition de sa fille. Figure majeure du cin\u00e9ma am\u00e9ricain depuis les ann\u00e9es 1970, l\u2019acteur a remport\u00e9 un Oscar et un Golden Globe pour son r\u00f4le dans \u00ab Le Fugitif \u00bb et a marqu\u00e9 le cin\u00e9ma avec des films tels que \u00ab JFK \u00bb, \u00ab No Country for Old Men \u00bb ou \u00ab Lincoln \u00bb.<\/p>\n<p class=\"\">R\u00e9put\u00e9 pour sa grande discr\u00e9tion, il s\u2019est exprim\u00e9 par le biais d\u2019un bref communiqu\u00e9 ce vendredi, sign\u00e9 de la famille Jones : \u00ab Nous appr\u00e9cions tous les mots gentils, les pens\u00e9es et les pri\u00e8res. Veuillez respecter notre vie priv\u00e9e pendant cette p\u00e9riode difficile. Merci. \u00bb<\/p>\n<p class=\"\">\u00c0 San Francisco, l\u2019enqu\u00eate se poursuit. En l\u2019absence de conclusions officielles, les autorit\u00e9s maintiennent une communication prudente. Les circonstances exactes de la mort de Victoria Jones demeurent, pour l\u2019heure, ind\u00e9termin\u00e9es.<\/p>\n","protected":false},"excerpt":{"rendered":"Victoria Kafka Jones, fille de l\u2019acteur am\u00e9ricain Tommy Lee Jones, elle-m\u00eame com\u00e9dienne dans sa jeunesse, a \u00e9t\u00e9 retrouv\u00e9e&hellip;\n","protected":false},"author":2,"featured_media":637925,"comment_status":"","ping_status":"","sticky":false,"template":"","format":"standard","meta":{"footnotes":""},"categories":[8],"tags":[650,872,58,59,1011,27],"class_list":{"0":"post-637924","1":"post","2":"type-post","3":"status-publish","4":"format-standard","5":"has-post-thumbnail","7":"category-divertissement","8":"tag-cinema","9":"tag-culture-et-loisirs","10":"tag-divertissement","11":"tag-entertainment","12":"tag-fr","13":"tag-france"},"share_on_mastodon":{"url":"https:\/\/pubeurope.com\/@fr\/115830262750166219","error":""},"_links":{"self":[{"href":"https:\/\/www.europesays.com\/fr\/wp-json\/wp\/v2\/posts\/637924","targetHints":{"allow":["GET"]}}],"collection":[{"href":"https:\/\/www.europesays.com\/fr\/wp-json\/wp\/v2\/posts"}],"about":[{"href":"https:\/\/www.europesays.com\/fr\/wp-json\/wp\/v2\/types\/post"}],"author":[{"embeddable":true,"href":"https:\/\/www.europesays.com\/fr\/wp-json\/wp\/v2\/users\/2"}],"replies":[{"embeddable":true,"href":"https:\/\/www.europesays.com\/fr\/wp-json\/wp\/v2\/comments?post=637924"}],"version-history":[{"count":0,"href":"https:\/\/www.europesays.com\/fr\/wp-json\/wp\/v2\/posts\/637924\/revisions"}],"wp:featuredmedia":[{"embeddable":true,"href":"https:\/\/www.europesays.com\/fr\/wp-json\/wp\/v2\/media\/637925"}],"wp:attachment":[{"href":"https:\/\/www.europesays.com\/fr\/wp-json\/wp\/v2\/media?parent=637924"}],"wp:term":[{"taxonomy":"category","embeddable":true,"href":"https:\/\/www.europesays.com\/fr\/wp-json\/wp\/v2\/categories?post=637924"},{"taxonomy":"post_tag","embeddable":true,"href":"https:\/\/www.europesays.com\/fr\/wp-json\/wp\/v2\/tags?post=637924"}],"curies":[{"name":"wp","href":"https:\/\/api.w.org\/{rel}","templated":true}]}}