{"id":637930,"date":"2026-01-03T08:40:11","date_gmt":"2026-01-03T08:40:11","guid":{"rendered":"https:\/\/www.europesays.com\/fr\/637930\/"},"modified":"2026-01-03T08:40:11","modified_gmt":"2026-01-03T08:40:11","slug":"controler-laide-humanitaire-a-gaza-une-obsession-israelienne-mediapart","status":"publish","type":"post","link":"https:\/\/www.europesays.com\/fr\/637930\/","title":{"rendered":"Contr\u00f4ler l\u2019aide humanitaire \u00e0 Gaza : une obsession isra\u00e9lienne &#8211; Mediapart"},"content":{"rendered":"<ol>\n<li><a href=\"https:\/\/news.google.com\/rss\/articles\/CBMiswFBVV95cUxOYWw5N3laZGN2R2N1SUJCbnhuZ2pteVQ5M2ZmSEpEc2FTTjBoYzlQcWFRdEFBUHFfNS1xQUZiRzFKZk5FRjBnX21UMUJaX0VjTjloV3I3NU5JSXVjdTJ6RjZBNkxpeTZtOTFPV3hHdkdKX19mSzhPUVlPY0l2LVVDRGc5US1oMG5uNkR0OW8xLVBsRjlPZ1FEQm5UN29NZ29rRnpnWVJERUNNT1gzMDVzcUJVSQ?oc=5\" target=\"_blank\" rel=\"noopener\">Contr\u00f4ler l\u2019aide humanitaire \u00e0 Gaza : une obsession isra\u00e9lienne<\/a>&nbsp;&nbsp;Mediapart<\/li>\n<li><a href=\"https:\/\/news.google.com\/rss\/articles\/CBMi6wFBVV95cUxPclIxbGNZenc1Q0R5ZWdBRGsxRDk1MkpwR0xCWDZaV2NfTUoxczljc283M0gwV0x3Ykg2M3A1OFhLVVMxaTdRVEs1UDJhdkM2OWFUM29xbFpZX1NLTV9xOXk4YWNTT1o3OXA1dUF3SzZBM295VTRZa3BMX2Rvb3BQQXhMUnhpb181a0hpQzR3Z09nRWxubmZsZFN0Tzh2Mml4ZEZjbHp3WXAtNGwwNjAwbm5CMmctTnlJYzNzVHdrUGMxRmRDaVJDeFhZeENOWUFabWJ0dnJxTW1LNUhOVzg5UC15b1dqUk1iU3V3?oc=5\" target=\"_blank\" rel=\"noopener\">Isra\u00ebl porte un coup d\u2019arr\u00eat au travail des ONG humanitaires en Palestine occup\u00e9e<\/a>&nbsp;&nbsp;Le Monde.fr<\/li>\n<li><a href=\"https:\/\/news.google.com\/rss\/articles\/CBMinAJBVV95cUxOZU1mUmR3dXBpTUF0TklrZ3U4RTNhT3JFSDdaalhrMlY4LUxMeEZkelpacDJsTmd5cDN4bG9IZ3RXaGZxaUVmMmxYZVAzMHhYNXo0X3g0QVNFbFRQQkF2R1lmQVJ5OEdaaUk2Y3dqeTdHOGZ2bU5vajZzSzRtVWxTYU5yZjBEM2htdElzR2VxTU96bThvNnJqdmg2NjBzRFZLWXphOHdVWVZqenc5S1BPQVJ2TnpER3FVazZFRy1SMlNPV3JIZzR3R2RqTjI2WFlPbWZZSmszNms1Wm9lNFBTNHNjcEFWU0tXdE52enUxUDEyazltZmhWWTd5Nm9zLUhsTXYxWEpQZTU1d1FOS2ZKM3RCMkdSbHZLcHpKcw?oc=5\" target=\"_blank\" rel=\"noopener\">Cinq questions sur la menace d&rsquo;interdiction d&rsquo;entrer dans la bande de Gaza brandie par Isra\u00ebl \u00e0 l&rsquo;encontre de 37 ONG<\/a>&nbsp;&nbsp;France Info<\/li>\n<li><a href=\"https:\/\/news.google.com\/rss\/articles\/CBMi0AFBVV95cUxNWTh0U1RfSVdWdFhqTS1CNU5CRFpMbk9RRXJmNnNEMlBGQ180MzR5SkFrQ0xDSHRMQVdyRU5Pb2Z4bnQyd01LeDJseUctNmU2LUh2R25nRzM1WEROVWJjRnhwSm1SYXRzUVE2UDlxaEQzaG1kby1fMENNd0ZPc01Ha1l5R3RaMUZoVmdwRjlWdFRvQ1hDQVRPalV4Z1FrN0c2Z0tyRW0waDNOcmhoUDZ6UnpZVjR4bmVuMHNOS0VMc0FZNW1TM3lrTk5TZlg2a2F1?oc=5\" target=\"_blank\" rel=\"noopener\">L\u2019ONU demande Isra\u00ebl de lever l\u2019interdiction visant les ONG \u00e0 Gaza<\/a>&nbsp;&nbsp;20 Minutes<\/li>\n<li><a href=\"https:\/\/news.google.com\/rss\/articles\/CBMingFBVV95cUxOdkRmMDRyRUFDSGhuN2lVLUgyLTRpR0VLSUt2eWNpZ3VvN2MyenNUeHFPQ1hxQjJ4MUFkd09uU01Vc0l6dDBfaTV1RjdpQ1V3ZHZfRWE2Y09ZT05DNmVMTVluY2ZxTmxFNzNxTGZtT2Z6bE4tQWMzeGNUUnNOZlA1enFISUVZQUxGaXZaUXJGTEE3OGxxT3ZrMkhOXzlNUQ?oc=5\" target=\"_blank\" rel=\"noopener\">De Gaza aux Gafam, l\u2019enterrement cynique du droit<\/a>&nbsp;&nbsp;Charente Libre<\/li>\n<\/ol>\n","protected":false},"excerpt":{"rendered":"Contr\u00f4ler l\u2019aide humanitaire \u00e0 Gaza : une obsession isra\u00e9lienne&nbsp;&nbsp;Mediapart Isra\u00ebl porte un coup d\u2019arr\u00eat au travail des ONG&hellip;\n","protected":false},"author":2,"featured_media":637931,"comment_status":"","ping_status":"","sticky":false,"template":"","format":"standard","meta":{"footnotes":""},"categories":[5],"tags":[74510,11,4628,1011,27,14,12,31,28],"class_list":{"0":"post-637930","1":"post","2":"type-post","3":"status-publish","4":"format-standard","5":"has-post-thumbnail","7":"category-international","8":"tag-action-humanitaire","9":"tag-actualites","10":"tag-bande-de-gaza","11":"tag-fr","12":"tag-france","13":"tag-international","14":"tag-news","15":"tag-proche-et-moyen-orient","16":"tag-world"},"share_on_mastodon":{"url":"https:\/\/pubeurope.com\/@fr\/115830274388686120","error":""},"_links":{"self":[{"href":"https:\/\/www.europesays.com\/fr\/wp-json\/wp\/v2\/posts\/637930","targetHints":{"allow":["GET"]}}],"collection":[{"href":"https:\/\/www.europesays.com\/fr\/wp-json\/wp\/v2\/posts"}],"about":[{"href":"https:\/\/www.europesays.com\/fr\/wp-json\/wp\/v2\/types\/post"}],"author":[{"embeddable":true,"href":"https:\/\/www.europesays.com\/fr\/wp-json\/wp\/v2\/users\/2"}],"replies":[{"embeddable":true,"href":"https:\/\/www.europesays.com\/fr\/wp-json\/wp\/v2\/comments?post=637930"}],"version-history":[{"count":0,"href":"https:\/\/www.europesays.com\/fr\/wp-json\/wp\/v2\/posts\/637930\/revisions"}],"wp:featuredmedia":[{"embeddable":true,"href":"https:\/\/www.europesays.com\/fr\/wp-json\/wp\/v2\/media\/637931"}],"wp:attachment":[{"href":"https:\/\/www.europesays.com\/fr\/wp-json\/wp\/v2\/media?parent=637930"}],"wp:term":[{"taxonomy":"category","embeddable":true,"href":"https:\/\/www.europesays.com\/fr\/wp-json\/wp\/v2\/categories?post=637930"},{"taxonomy":"post_tag","embeddable":true,"href":"https:\/\/www.europesays.com\/fr\/wp-json\/wp\/v2\/tags?post=637930"}],"curies":[{"name":"wp","href":"https:\/\/api.w.org\/{rel}","templated":true}]}}