{"id":637936,"date":"2026-01-03T08:45:15","date_gmt":"2026-01-03T08:45:15","guid":{"rendered":"https:\/\/www.europesays.com\/fr\/637936\/"},"modified":"2026-01-03T08:45:15","modified_gmt":"2026-01-03T08:45:15","slug":"lasse-une-equipe-qui-a-une-facon-de-jouer-particuliere","status":"publish","type":"post","link":"https:\/\/www.europesays.com\/fr\/637936\/","title":{"rendered":"L&rsquo;ASSE ? Une \u00e9quipe qui a une fa\u00e7on de jouer particuli\u00e8re"},"content":{"rendered":"<p><strong>Patrick Videira :<\/strong> \u00ab\u00a0On savait qu\u2019on avait un match de championnat le 3 janvier donc les joueurs se sont pr\u00e9par\u00e9s en cons\u00e9quence, on s\u2019adapte mais ce n\u2019est pas compliqu\u00e9, sinc\u00e8rement. La coupure \u00e9tait importante, mentalement et psychologiquement\u00a0mais il y a deuxi\u00e8me partie de saison \u00e0 disputer.<\/p>\n<p>Ce match de Saint-\u00c9tienne est prestigieux, c\u2019est fantastique. On voulait se donner la possibilit\u00e9 de jouer un match de haut de tableau, pour cela il fallait faire un carton plein sur le mois de d\u00e9cembre, ce que nous avons su faire. Demain le stade sera plein, \u00e0 guichets ferm\u00e9s, on esp\u00e8re que les supporters auront des \u00e9charpes \u00e0 nos couleurs. Bienvenue aussi aux supporters de l\u2019ASSE, ce club mythique. On le sait tr\u00e8s bien, ils se d\u00e9placent tout le temps avec une ambiance fantastique, on a pu le constater il y a quelques mois quand nous \u00e9tions chez eux, \u00e0 Geoffroy-Guichard. On esp\u00e8re avoir la m\u00eame chose \u00e0 la maison demain (samedi).<\/p>\n<p>C\u2019est un club mythique, un des clubs phares du championnat de France, on a fait un exploit au match aller, on veut faire exactement la m\u00eame chose demain. On sait que c\u2019est une \u00e9quipe taill\u00e9e pour jouer en Ligue 1 la saison prochaine, ils ont des joueurs offensifs extraordinaires, c\u2019est la meilleure attaque de ce championnat. Apr\u00e8s, et, c\u2019est ce que je r\u00e9p\u00e8te \u00e0 mes joueurs, individuellement nous sommes peut-\u00eatre en dessous mais nous devons faire parler notre puissance collective.\u00a0C\u2019est une \u00e9quipe qui a une fa\u00e7on de jouer particuli\u00e8re, \u00e7a reste un match comme les autres que nous voulons gagner.<\/p>\n<p>Ils aiment avoir la\u00a0possession, ils aiment avoir le ballon, ils travaillent \u00e0 l\u2019int\u00e9rieur pour isoler les joueurs de couloirs avec des qualit\u00e9s individuelles extraordinaires. C\u2019est une tr\u00e8s belle \u00e9quipe mais ils ont des failles comme tout le monde, on a pu voir certaines choses \u00e0 la vid\u00e9o et revoir le match aller o\u00f9 ils ont fait deux tr\u00e8s belles entames. Il faudra \u00eatre vigilant car au bout d\u2019une minute, ils avaient d\u00e9j\u00e0 une situation de but, il ne faudra pas les nourrir sur des erreurs (&#8230;) Ce n\u2019est pas un match de gala, c\u2019est la 18\u00e8me journ\u00e9e de Ligue 2, le premier rendez-vous de 2026, que nous voulons commencer\u00a0correctement.<\/p>\n<p>La force de mon groupe, c\u2019est qu&rsquo;il n\u2019y a pas d\u2019euphorie particuli\u00e8re, il y a beaucoup de tranquillit\u00e9, on veut faire en 2026 ce que nous faisions en 2025 avec beaucoup de travail et beaucoup de sueur. Il faut garder de l\u2019humilit\u00e9.\u00a0\u00bb<\/p>\n<p>\u00c0 noter que Patrick Videira devra composer avec les absences de Lucas Calodat et Harold Voyer pour la r\u00e9ception de l\u2019AS Saint-\u00c9tienne ce samedi soir au stade Marie-Marvingt.<\/p>\n<\/p>\n<p>                  <a href=\"https:\/\/media.unibet.fr\/redirect.aspx?pid=274690&amp;bid=4442 \" target=\"_blank\" rel=\"noopener\"><img decoding=\"async\" src=\"https:\/\/www.europesays.com\/fr\/wp-content\/uploads\/2025\/12\/1766561835_628_EVECT10_560x100_V2.gif\" class=\"img-fluid\" alt=\"Pariez sur l'ASSE avec Unibet et b\u00e9n\u00e9ficiez de 10\u20ac gratuit avec le code Evect\" style=\"max-width: auto !important;margin-left: 0 !important;width: 100%;\"\/><\/a><\/p>\n","protected":false},"excerpt":{"rendered":"Patrick Videira : \u00ab\u00a0On savait qu\u2019on avait un match de championnat le 3 janvier donc les joueurs se&hellip;\n","protected":false},"author":2,"featured_media":619499,"comment_status":"","ping_status":"","sticky":false,"template":"","format":"standard","meta":{"footnotes":""},"categories":[9653],"tags":[1111,11,2430,1777,674,1011,27,12,25,4001],"class_list":{"0":"post-637936","1":"post","2":"type-post","3":"status-publish","4":"format-standard","5":"has-post-thumbnail","7":"category-saint-etienne","8":"tag-actu","9":"tag-actualites","10":"tag-auvergne-rhone-alpes","11":"tag-eu","12":"tag-europe","13":"tag-fr","14":"tag-france","15":"tag-news","16":"tag-republique-francaise","17":"tag-saint-etienne"},"share_on_mastodon":{"url":"https:\/\/pubeurope.com\/@fr\/115830294103231343","error":""},"_links":{"self":[{"href":"https:\/\/www.europesays.com\/fr\/wp-json\/wp\/v2\/posts\/637936","targetHints":{"allow":["GET"]}}],"collection":[{"href":"https:\/\/www.europesays.com\/fr\/wp-json\/wp\/v2\/posts"}],"about":[{"href":"https:\/\/www.europesays.com\/fr\/wp-json\/wp\/v2\/types\/post"}],"author":[{"embeddable":true,"href":"https:\/\/www.europesays.com\/fr\/wp-json\/wp\/v2\/users\/2"}],"replies":[{"embeddable":true,"href":"https:\/\/www.europesays.com\/fr\/wp-json\/wp\/v2\/comments?post=637936"}],"version-history":[{"count":0,"href":"https:\/\/www.europesays.com\/fr\/wp-json\/wp\/v2\/posts\/637936\/revisions"}],"wp:featuredmedia":[{"embeddable":true,"href":"https:\/\/www.europesays.com\/fr\/wp-json\/wp\/v2\/media\/619499"}],"wp:attachment":[{"href":"https:\/\/www.europesays.com\/fr\/wp-json\/wp\/v2\/media?parent=637936"}],"wp:term":[{"taxonomy":"category","embeddable":true,"href":"https:\/\/www.europesays.com\/fr\/wp-json\/wp\/v2\/categories?post=637936"},{"taxonomy":"post_tag","embeddable":true,"href":"https:\/\/www.europesays.com\/fr\/wp-json\/wp\/v2\/tags?post=637936"}],"curies":[{"name":"wp","href":"https:\/\/api.w.org\/{rel}","templated":true}]}}