{"id":637937,"date":"2026-01-03T08:46:10","date_gmt":"2026-01-03T08:46:10","guid":{"rendered":"https:\/\/www.europesays.com\/fr\/637937\/"},"modified":"2026-01-03T08:46:10","modified_gmt":"2026-01-03T08:46:10","slug":"nancy-la-circulation-perturbee-dans-une-rue-du-centre-ville-pendant-une-matinee","status":"publish","type":"post","link":"https:\/\/www.europesays.com\/fr\/637937\/","title":{"rendered":"Nancy. La circulation perturb\u00e9e dans une rue du centre-ville pendant une matin\u00e9e"},"content":{"rendered":"<p>Attention aux travailleurs qui empruntent cet itin\u00e9raire le matin, la circulation sera temporairement modifi\u00e9e dans le centre-ville de <a href=\"https:\/\/www.lasemaine.fr\/lieu\/nancy\/\" data-slug=\"nancy\" data-name=\"Nancy\" data-type=\"location\" data-id=\"5697\" target=\"_blank\" rel=\"noopener\">Nancy<\/a> lundi 12\u00a0janvier 2026 au matin. Dans le cadre d\u2019une intervention sur un conteneur enterr\u00e9, la M\u00e9tropole du Grand Nancy va mener des travaux rue Saint-Julien, entra\u00eenant plusieurs restrictions entre 5\u00a0heures et 10\u00a0heures.<\/p>\n<p>Comme l\u2019indique la Ville de Nancy, \u00ab\u00a0le stationnement sera interdit rue Saint-Julien sur trente m\u00e8tres, de la rue de la Primatiale vers la rue Saint-Georges\u00a0\u00bb. Durant cette m\u00eame plage horaire, \u00ab\u00a0la circulation sera interdite rue Saint-Julien dans sa partie comprise entre la rue des Tiercelins et la rue Saint-Georges\u00a0\u00bb.<\/p>\n<p>Des am\u00e9nagements sp\u00e9cifiques<\/p>\n<p>Une d\u00e9viation sera mise en place afin de contourner la zone de travaux. Les automobilistes seront invit\u00e9s \u00e0 emprunter \u00ab\u00a0la rue Saint-Nicolas, la rue Charles III, le boulevard Lobau, le boulevard du XXIe R.A., le quai Sainte-Catherine, la rue Sainte-Catherine et la rue Pierre Fourier\u00a0\u00bb, pr\u00e9cise la Ville de Nancy.<\/p>\n<p>Ce qui se passe en Meurthe-et-Moselle<\/p>\n<p>Des am\u00e9nagements sp\u00e9cifiques sont \u00e9galement pr\u00e9vus pour les riverains. \u00ab\u00a0Les usagers de la rue Saint-Julien seront autoris\u00e9s \u00e0 emprunter la rue de la Primatiale entre la rue Saint-Julien et la rue Montesquieu\u00a0\u00bb, les services m\u00e9tropolitains proc\u00e9dant \u00e0 l\u2019abaissement temporaire des bornes durant l\u2019intervention. Par ailleurs, la circulation sera maintenue \u00ab\u00a0en voie sans issue et \u00e0 double sens\u00a0\u00bb sur certains tron\u00e7ons, notamment \u00e0 hauteur de la rue Saint-Georges.<\/p>\n<p>Conscients des d\u00e9sagr\u00e9ments occasionn\u00e9s, \u00ab\u00a0la Ville de Nancy et les services de la M\u00e9tropole du Grand Nancy remercient les usagers de leur compr\u00e9hension\u00a0\u00bb pendant la dur\u00e9e des travaux.<\/p>\n","protected":false},"excerpt":{"rendered":"Attention aux travailleurs qui empruntent cet itin\u00e9raire le matin, la circulation sera temporairement modifi\u00e9e dans le centre-ville de&hellip;\n","protected":false},"author":2,"featured_media":637938,"comment_status":"","ping_status":"","sticky":false,"template":"","format":"standard","meta":{"footnotes":""},"categories":[9635],"tags":[1111,11,1777,674,1011,27,775,1702,12,25],"class_list":{"0":"post-637937","1":"post","2":"type-post","3":"status-publish","4":"format-standard","5":"has-post-thumbnail","7":"category-nancy","8":"tag-actu","9":"tag-actualites","10":"tag-eu","11":"tag-europe","12":"tag-fr","13":"tag-france","14":"tag-grand-est","15":"tag-nancy","16":"tag-news","17":"tag-republique-francaise"},"share_on_mastodon":{"url":"https:\/\/pubeurope.com\/@fr\/115830297908350079","error":""},"_links":{"self":[{"href":"https:\/\/www.europesays.com\/fr\/wp-json\/wp\/v2\/posts\/637937","targetHints":{"allow":["GET"]}}],"collection":[{"href":"https:\/\/www.europesays.com\/fr\/wp-json\/wp\/v2\/posts"}],"about":[{"href":"https:\/\/www.europesays.com\/fr\/wp-json\/wp\/v2\/types\/post"}],"author":[{"embeddable":true,"href":"https:\/\/www.europesays.com\/fr\/wp-json\/wp\/v2\/users\/2"}],"replies":[{"embeddable":true,"href":"https:\/\/www.europesays.com\/fr\/wp-json\/wp\/v2\/comments?post=637937"}],"version-history":[{"count":0,"href":"https:\/\/www.europesays.com\/fr\/wp-json\/wp\/v2\/posts\/637937\/revisions"}],"wp:featuredmedia":[{"embeddable":true,"href":"https:\/\/www.europesays.com\/fr\/wp-json\/wp\/v2\/media\/637938"}],"wp:attachment":[{"href":"https:\/\/www.europesays.com\/fr\/wp-json\/wp\/v2\/media?parent=637937"}],"wp:term":[{"taxonomy":"category","embeddable":true,"href":"https:\/\/www.europesays.com\/fr\/wp-json\/wp\/v2\/categories?post=637937"},{"taxonomy":"post_tag","embeddable":true,"href":"https:\/\/www.europesays.com\/fr\/wp-json\/wp\/v2\/tags?post=637937"}],"curies":[{"name":"wp","href":"https:\/\/api.w.org\/{rel}","templated":true}]}}