{"id":637941,"date":"2026-01-03T08:51:10","date_gmt":"2026-01-03T08:51:10","guid":{"rendered":"https:\/\/www.europesays.com\/fr\/637941\/"},"modified":"2026-01-03T08:51:10","modified_gmt":"2026-01-03T08:51:10","slug":"sortir-a-montpellier-grande-revasion-folle-de-rage-concert-des-rois-des-idees-pour-ce-dimanche-4-janvier","status":"publish","type":"post","link":"https:\/\/www.europesays.com\/fr\/637941\/","title":{"rendered":"Sortir \u00e0 Montpellier\u00a0: Grande R\u00eavasion, Folle de Rage, Concert des rois\u2026 des id\u00e9es pour ce dimanche 4\u00a0janvier"},"content":{"rendered":"<p>\n                                                                Le premier No\u00ebl \u00e0 l\u2019Od\u00e9on, \u00ab\u00a0La Grande R\u00eavasion\u00a0\u00bb en avant-premi\u00e8re au Diagonal, Au secours, j\u2019ai r\u00e9tr\u00e9ci le P\u00e8re No\u00ebl au th\u00e9\u00e2tre le Point Com\u00e9die, Le nouvel an des copines \u00e0 Tropisme, lectures surprises du dimanche \u00e0 Zola, Les plaidoiries au Carr\u00e9 Rondelet ou Concert des rois au Kiasma.\n                            <\/p>\n<p>D\u00e9couvrez notre s\u00e9lection de sorties pour ce dimanche 4\u00a0janvier du c\u00f4t\u00e9 de Montpellier et faites le plein d\u2019id\u00e9es avec <a href=\"https:\/\/www.midilibre.fr\/agenda\/?path=&amp;q=&amp;where=herault%3Amontpellier&amp;insee=34172&amp;from=2026-01-04&amp;to=2026-01-04&amp;agendapg=6#2586936\" target=\"_self\" rel=\"noopener\">notre agenda en ligne<\/a>.<\/p>\n<p>Le premier No\u00ebl<\/p>\n<p><strong>Spectacle.<\/strong>\u00a0\u00c0 partir de 3 ans. Tout le monde conna\u00eet le P\u00e8re No\u00ebl, ce vieil homme aux yeux rieurs avec sa barbe blanche et son costume rouge mais qui sait vraiment comment il est devenu celui que les enfants attendent chaque ann\u00e9e\u00a0? D\u00e9couvrez\u00a0cette histoire dr\u00f4le et f\u00e9erique m\u00ealant chansons entra\u00eenantes et chor\u00e9graphies in\u00e9dites.<\/p>\n<p>&gt;\u00a0Samedi\u00a03 \u00e0 15\u00a0heures et ce dimanche 4\u00a0janvier \u00e0 <strong>11\u00a0heures<\/strong> au <a href=\"https:\/\/www.odeonmontpellier.com\/\" target=\"_blank\" rel=\"noopener\">th\u00e9\u00e2tre Od\u00e9on Montpellier<\/a>, ZAC le Fenouillet \u00e0 <a href=\"https:\/\/www.midilibre.fr\/herault\/perols\/\" target=\"_blank\" rel=\"noopener\">P\u00e9rols<\/a>. Plein tarif 13\u00a0\u20ac. Contact au\u00a009\u00a086\u00a068\u00a013\u00a013.<\/p>\n<p>Avant-premi\u00e8re\u00a0: \u00ab\u00a0La Grande R\u00eavasion\u00a0\u00bb<\/p>\n<p><strong>Cin\u00e9 des enfants.<\/strong> Animation, famille \u00e0 partir de 3 ans (0h45). Programme de 3 courts-m\u00e9trages d\u2019animation. Avoir le trac avant de monter sur sc\u00e8ne et s\u2019inventer un monde, d\u00e9couvrir un objet bien myst\u00e9rieux ou ce qui se cache dans une grande bo\u00eete, ces trois courts-m\u00e9trages \u00e9veilleront l\u2019imaginaire et aideront les jeunes spectateurs \u00e0 trouver la confiance en eux.<\/p>\n<p>&gt;\u00a0Ce\u00a0dimanche 4\u00a0janvier \u00e0<strong> 11\u00a0heures<\/strong> au<a href=\"https:\/\/www.cinediagonal.com\/\" target=\"_blank\" rel=\"noopener\"> cin\u00e9ma Diagonal<\/a>, 5 rue de Verdun \u00e0 <a href=\"https:\/\/www.midilibre.fr\/herault\/montpellier\/\" target=\"_blank\" rel=\"noopener\">Montpellier<\/a>. Tarif matin et moins de 14 ans 5\u00a0\u20ac. Contact au\u00a004\u00a067\u00a058\u00a058\u00a010.<\/p>\n<p>Au secours, j\u2019ai r\u00e9tr\u00e9ci le P\u00e8re No\u00ebl<\/p>\n<p><strong>Th\u00e9\u00e2tre.<\/strong>\u00a0\u00c0 partir de 5 ans. Un lutin farceur a fait une \u00e9norme b\u00eatise\u00a0: il a r\u00e9tr\u00e9ci le p\u00e8re No\u00ebl et l\u2019a coinc\u00e9 dans une boule \u00e0 neige\u00a0! Probl\u00e8me, il ne sait plus comment l\u2019en faire sortir\u00a0! Et No\u00ebl approche \u00e0 grands pas\u00a0! Heureusement les enfants vont pouvoir l\u2019aider\u00a0: en r\u00e9solvant des \u00e9nigmes mais aussi en choisissant la suite de l\u2019histoire\u00a0!<\/p>\n<p>&gt;\u00a0Samedi\u00a03 et ce dimanche 4\u00a0janvier \u00e0 <strong>16\u00a0heures<\/strong> au <a href=\"https:\/\/www.lepointcomedie.fr\/\" target=\"_blank\" rel=\"noopener\">th\u00e9\u00e2tre le Point Com\u00e9die<\/a>, 9 rue Sainte-Ursule \u00e0 <a href=\"https:\/\/www.midilibre.fr\/herault\/montpellier\/\" target=\"_blank\" rel=\"noopener\">Montpellier<\/a>. Tarif unique 10\u00a0\u20ac. Contact au\u00a006\u00a004\u00a014\u00a076\u00a008.<\/p>\n<p>Folle de Rage\u00a0: Le nouvel an des copines<\/p>\n<p><strong>F\u00eate.\u00a0<\/strong>Au programme\u00a0: du disco, de la pop, des drags show, des milliers de good vibes et beaucoup d\u2019amour\u00a0! Drag show\u00a0: Keiona (gagnante DragRace France 2, finaliste Danse avec les Stars 13), Mika Rambar (Toulouse), Alizee Shane (Orleans), Jackie Chatte (Montpellier). DJs\u00a0: Julien de Bomerani et Vespi. \u00ab\u00a0\u00c0\u00a0la Folle de Rage on est libre d\u2019\u00eatre comme on veut, de venir comme on veut, et d\u2019aimer qui on veut (mais toujours dans le respect)\u00a0!\u00a0\u00bb<\/p>\n<p>&gt;\u00a0Ce dimanche 4\u00a0janvier de <strong>16\u00a0h \u00e0 22\u00a0heures<\/strong> \u00e0 la <a href=\"https:\/\/www.tropisme.coop\/\" target=\"_blank\" rel=\"noopener\">Halle Tropisme<\/a>, 121 rue Fontcouverte \u00e0 <a href=\"https:\/\/www.midilibre.fr\/herault\/montpellier\/\" target=\"_blank\" rel=\"noopener\">Montpellier<\/a>. Plein tarif 20,99\u00a0\u20ac. Contact au 04\u00a067\u00a004\u00a008\u00a010.<\/p>\n<p>Lectures surprises du dimanche<\/p>\n<p><strong>Lecture jeune public.<\/strong>\u00a0Petits et grands, venez-vous abreuver chaque dimanche \u00e0 la fontaine aux histoires\u00a0!<\/p>\n<p>&gt;\u00a0Ce dimanche 4\u00a0janvier de <strong>16\u00a0h\u00a030 \u00e0 17\u00a0heures<\/strong> \u00e0 la <a href=\"https:\/\/mediatheques.montpellier3m.fr\/default\/mediatheque-emile-zola.aspx?_lg=fr-FR\" target=\"_blank\" rel=\"noopener\">m\u00e9diath\u00e8que \u00c9mile-Zola<\/a>, 218 boulevard de l\u2019A\u00e9roport international \u00e0 <a href=\"https:\/\/www.midilibre.fr\/herault\/montpellier\/\" target=\"_blank\" rel=\"noopener\">Montpellier<\/a>. Gratuit, sans inscription, dans l\u2019atelier du 2e \u00e9tage jeunesse. Contact au\u00a004\u00a067\u00a034\u00a087\u00a000.<\/p>\n<p>Les plaidoiries<\/p>\n<p><strong>Th\u00e9\u00e2tre. <\/strong>D\u2019apr\u00e8s le livre de Matthieu Aron, Les grandes plaidoiries des t\u00e9nors du barreau. Le lien avec le th\u00e9\u00e2tre est \u00e9vident. \u00ab\u00a0Les pr\u00e9toires sont des lieux de trag\u00e9die, les avocats comme les magistrats, en sont les acteurs. Acteurs au vrai sens du terme.\u00a0\u00bb<\/p>\n<p>&gt;\u00a0Samedi 3\u00a0janvier \u00e0 20\u00a0h\u00a030 et ce dimanche 4\u00a0janvier \u00e0 <strong>17\u00a0heures<\/strong> au <a href=\"https:\/\/carrerondelet.fr\/\" target=\"_blank\" rel=\"noopener\">th\u00e9\u00e2tre Carr\u00e9 Rondelet<\/a>, 14 rue de Belfort \u00e0 <a href=\"https:\/\/www.midilibre.fr\/herault\/montpellier\/\" target=\"_blank\" rel=\"noopener\">Montpellier<\/a>. Plein tarif 16,45, r\u00e9duit 14,43\u00a0\u20ac. Contact au\u00a006\u00a067\u00a097\u00a067\u00a032.<\/p>\n<p>Concert des Rois<\/p>\n<p><strong>Concert.<\/strong> Ce concert\u00a0c\u00e9l\u00e8bre la musique viennoise, bien au-del\u00e0 du c\u00e9l\u00e8bre Beau Danube Bleu.\u00a0Choristes, solistes, pianiste, chef et danseurs seront les artisans d\u2019une lumi\u00e8re partag\u00e9e, insufflant cette musique au c\u0153ur du public. Avec l\u2019ensemble Vocal Allegre\u2019Thau et le Ch\u0153ur universitaire Montpellier M\u00e9diterran\u00e9e.\u00a0Pianiste\u00a0: Val\u00e9rie Blanvillain.\u00a0T\u00e9nor\u00a0: Mathieu Sempere.\u00a0Baryton\u00a0: Jean-Michel Balester.<\/p>\n<p>&gt;\u00a0Ce dimanche 4\u00a0janvier \u00e0<strong> 18\u00a0heures<\/strong> au <a href=\"https:\/\/lekiasma.vostickets.fr\/Billet\/FR\/representation-LE_KIASMA-29930-0.wb?REFID=0G0bAAAAAABkAQ\" target=\"_blank\" rel=\"noopener\">Kiasma<\/a>, 1 rue de la Crouzette \u00e0\u00a0<a href=\"https:\/\/www.midilibre.fr\/herault\/castelnau-le-lez\/\" target=\"_blank\" rel=\"noopener\">Castelnau-le-Lez<\/a>. Plein tarif 19\u00a0\u20ac, r\u00e9duit 16\u00a0\u20ac, 12-25 ans 10\u00a0\u20ac, moins de 12 ans 8\u00a0\u20ac. Contact au\u00a004\u00a067\u00a014\u00a019\u00a006.<\/p>\n","protected":false},"excerpt":{"rendered":"Le premier No\u00ebl \u00e0 l\u2019Od\u00e9on, \u00ab\u00a0La Grande R\u00eavasion\u00a0\u00bb en avant-premi\u00e8re au Diagonal, Au secours, j\u2019ai r\u00e9tr\u00e9ci le P\u00e8re&hellip;\n","protected":false},"author":2,"featured_media":637942,"comment_status":"","ping_status":"","sticky":false,"template":"","format":"standard","meta":{"footnotes":""},"categories":[9599],"tags":[1111,11,872,1777,674,1011,27,7089,2208,12,2680,25],"class_list":{"0":"post-637941","1":"post","2":"type-post","3":"status-publish","4":"format-standard","5":"has-post-thumbnail","7":"category-montpellier","8":"tag-actu","9":"tag-actualites","10":"tag-culture-et-loisirs","11":"tag-eu","12":"tag-europe","13":"tag-fr","14":"tag-france","15":"tag-herault","16":"tag-montpellier","17":"tag-news","18":"tag-occitanie","19":"tag-republique-francaise"},"share_on_mastodon":{"url":"https:\/\/pubeurope.com\/@fr\/115830317612962313","error":""},"_links":{"self":[{"href":"https:\/\/www.europesays.com\/fr\/wp-json\/wp\/v2\/posts\/637941","targetHints":{"allow":["GET"]}}],"collection":[{"href":"https:\/\/www.europesays.com\/fr\/wp-json\/wp\/v2\/posts"}],"about":[{"href":"https:\/\/www.europesays.com\/fr\/wp-json\/wp\/v2\/types\/post"}],"author":[{"embeddable":true,"href":"https:\/\/www.europesays.com\/fr\/wp-json\/wp\/v2\/users\/2"}],"replies":[{"embeddable":true,"href":"https:\/\/www.europesays.com\/fr\/wp-json\/wp\/v2\/comments?post=637941"}],"version-history":[{"count":0,"href":"https:\/\/www.europesays.com\/fr\/wp-json\/wp\/v2\/posts\/637941\/revisions"}],"wp:featuredmedia":[{"embeddable":true,"href":"https:\/\/www.europesays.com\/fr\/wp-json\/wp\/v2\/media\/637942"}],"wp:attachment":[{"href":"https:\/\/www.europesays.com\/fr\/wp-json\/wp\/v2\/media?parent=637941"}],"wp:term":[{"taxonomy":"category","embeddable":true,"href":"https:\/\/www.europesays.com\/fr\/wp-json\/wp\/v2\/categories?post=637941"},{"taxonomy":"post_tag","embeddable":true,"href":"https:\/\/www.europesays.com\/fr\/wp-json\/wp\/v2\/tags?post=637941"}],"curies":[{"name":"wp","href":"https:\/\/api.w.org\/{rel}","templated":true}]}}