{"id":637943,"date":"2026-01-03T08:52:17","date_gmt":"2026-01-03T08:52:17","guid":{"rendered":"https:\/\/www.europesays.com\/fr\/637943\/"},"modified":"2026-01-03T08:52:17","modified_gmt":"2026-01-03T08:52:17","slug":"mosson-et-celleneuve-quand-le-nord-ouest-de-montpellier-se-transforme-a-grande-vitesse","status":"publish","type":"post","link":"https:\/\/www.europesays.com\/fr\/637943\/","title":{"rendered":"Mosson et Celleneuve\u00a0: quand le nord-ouest de Montpellier se transforme \u00e0 grande vitesse"},"content":{"rendered":"<p>\n                                                                \u00c0 la Mosson, l\u2019inauguration du centre nautique Neptune, dans quelques mois, marquera une nouvelle \u00e9tape de la r\u00e9habilitation du quartier. \u00c0 Celleneuve, les chantiers d\u2019un groupe scolaire et de l\u2019H\u00f4tel des s\u00e9curit\u00e9s sont lanc\u00e9s.\n                            <\/p>\n<p>La Mosson se reconstruit sur lui-m\u00eame<\/p>\n<p>        <img decoding=\"async\" class=\"std-img__img responsive-img\" src=\"https:\/\/www.europesays.com\/fr\/wp-content\/uploads\/2026\/01\/1767430335_275_image.jpg\" alt=\"Les logements d\u00e9molis de la r\u00e9sidence Neptune laisseront la place au si\u00e8ge d\u2019Altemed.\"\/><\/p>\n<p>                Les logements d\u00e9molis de la r\u00e9sidence Neptune laisseront la place au si\u00e8ge d\u2019Altemed.<br \/>\n                                    Midi Libre &#8211; TOM SERRANO<\/p>\n<p>De tous les quartiers de Montpellier, la Mosson est sans doute celui qui se transforme le plus. Apr\u00e8s la d\u00e9molition d\u2019une partie de la r\u00e9sidence Uranus, de la totalit\u00e9 de la tour d\u2019Assas et de l\u2019Arche Mercure, qui surplombait la ligne 1 de tramway, les travaux continuent dans la partie sud.<\/p>\n<p>Le centre nautique Neptune rouvrira partiellement en janvier, avant mais il faudra attendre juin avant de profiter des espaces ext\u00e9rieurs, et notamment le bassin olympique. Apr\u00e8s plus de deux ans de travaux, la piscine qui date de 1969 va doubler de taille et pourra donc accueillir davantage de public. 150\u00a0000 entr\u00e9es y \u00e9taient enregistr\u00e9es par an.<\/p>\n<p>Ce chantier de 22,5 M\u20ac est un pr\u00e9lude \u00e0 celui du futur b\u00e2timent de la Direction d\u00e9partementale des finances publiques, qui sera lanc\u00e9 en 2027-2028.<\/p>\n<p>Gr\u00e2ce aux travaux r\u00e9alis\u00e9s sous terre, c\u2019est aussi \u00e0 partir de cette ann\u00e9e que la Mosson sera raccord\u00e9e au r\u00e9seau de chaleur Nord Alco.<\/p>\n<p>C\u00f4t\u00e9 nord, \u00e0 deux pas de la station de tramway Saint-Paul, la r\u00e9sidence Neptune voit 159 de ses logements actuellement r\u00e9habilit\u00e9s.<\/p>\n<p>46 autres sont d\u00e9molis, ce qui permettra d\u2019installer le futur si\u00e8ge social d\u2019Altemed sur le site. 330 collaborateurs du groupe (Serm, SA3M et ACM) y seront rassembl\u00e9s sur 10\u00a0500\u00a0m2, d\u2019ici quelques ann\u00e9es. Ce sera la 13e Folie architecturale de Montpellier, comme un symbole de la r\u00e9volution urbaine qui touche le quartier.<\/p>\n<p>Si le dossier de la mosqu\u00e9e ouverte par l\u2019association Vivre en Paix, \u00e0 la place de l\u2019ancien Mc Do, est toujours en suspens, celui de la mosqu\u00e9e de la Mis\u00e9ricorde avance. Situ\u00e9e sur le Grand Mail dans l\u2019immeuble Font Del Rey, qui sera d\u00e9moli en 2028, celle-ci s\u2019installera la m\u00eame ann\u00e9e sur le foncier de l\u2019ancienne tour Catalogne, sur l\u2019avenue de Barcelone. Un \u00e9quipement de sant\u00e9 de proximit\u00e9 verra aussi le jour sur ce site.<\/p>\n<p>Celleneuve fait peau neuve<\/p>\n<p>        <img decoding=\"async\" class=\"std-img__img responsive-img\" src=\"https:\/\/www.europesays.com\/fr\/wp-content\/uploads\/2026\/01\/1767430337_132_image.png\" alt=\"Le futur PC de r\u00e9gulation de Tam \u00e0 Celleneuve.\"\/><\/p>\n<p>                Le futur PC de r\u00e9gulation de Tam \u00e0 Celleneuve.<br \/>\n                                    DR &#8211; Montpellier M\u00e9tropole<\/p>\n<p>\u00c0 l\u2019image de son bidonville, d\u00e9mantel\u00e9 en 2022 apr\u00e8s une dizaine d\u2019ann\u00e9es d\u2019existence, Celleneuve semblait un peu oubli\u00e9 sur la carte de Montpellier. Un temps r\u00e9volu, puisque le quartier situ\u00e9 au nord-ouest de la ville conna\u00eet une seconde jeunesse.<\/p>\n<p>C\u2019est justement \u00e0 la place du bidonville, dans la ZAC Parc 2000, \u00e0 la lisi\u00e8re d\u2019Alco et de la Mosson, que les projets les plus marquants vont sortir de terre. Un groupe scolaire maternelle-\u00e9l\u00e9mentaire de 22 classes, dont 8 d\u00e9doubl\u00e9es, verra le jour en rez-de-chauss\u00e9e et au 1er \u00e9tage d\u2019un b\u00e2timent.<\/p>\n<p>Dans les trois \u00e9tages sup\u00e9rieurs, 60 logements collectifs sociaux ACM seront cr\u00e9\u00e9s. de quoi renforcer l\u2019attractivit\u00e9 d\u2019un territoire desservi par la ligne 3 de tramway. Les travaux d\u00e9buteront ces jours-ci, pour un montant global de 24\u00a0M\u20ac.<\/p>\n<p>C\u2019est au premier trimestre 2026 que d\u00e9buteront les travaux de l\u2019H\u00f4tel des s\u00e9curit\u00e9s, dont la livraison est pr\u00e9vue d\u00e9but 2029, juste \u00e0 c\u00f4t\u00e9. Ce projet est \u00e9valu\u00e9 \u00e0 65\u00a0M\u20ac.<\/p>\n<p>Il r\u00e9unira 450 agents de toutes les forces de s\u00e9curit\u00e9 de la Ville et de la M\u00e9tropole\u00a0: les Centres de Supervision Urbaine (CSU) de TaM et de la Police municipale, ainsi que les forces de Police municipale. Il accueillera aussi des activit\u00e9s tertiaires sur 14\u00a0000 m\u00b2. Un parc de 3\u00a0000\u00a0m2 verra aussi le jour dans cette ZAC.<\/p>\n<p>Apr\u00e8s une requalification d\u2019envergure, le c\u0153ur de Celleneuve a \u00e9t\u00e9 inaugur\u00e9 en novembre. Espace public, habitat, commerces\u2026 La M\u00e9tropole a pris en compte l\u2019ensemble du projet.<\/p>\n<p>Il reste quelques \u00e9quipements encore en travaux. C\u2019est le cas de la premi\u00e8re Maison de l\u2019alimentation solidaire (MAS) qui sera livr\u00e9e au printemps 2026. Ces MAS visent \u00e0 garantir l\u2019acc\u00e8s \u00e0 une alimentation saine dans les quartiers vuln\u00e9rables. Ce projet a \u00e9t\u00e9 construit avec les habitants et les associations locales. Quant au cin\u00e9ma Nestor Burma, il sera agrandi \u00e0 l\u2019horizon 2028.<\/p>\n","protected":false},"excerpt":{"rendered":"\u00c0 la Mosson, l\u2019inauguration du centre nautique Neptune, dans quelques mois, marquera une nouvelle \u00e9tape de la r\u00e9habilitation&hellip;\n","protected":false},"author":2,"featured_media":637944,"comment_status":"","ping_status":"","sticky":false,"template":"","format":"standard","meta":{"footnotes":""},"categories":[9599],"tags":[1111,11,1777,674,1011,27,7089,2208,12,2680,25,1857,1352],"class_list":{"0":"post-637943","1":"post","2":"type-post","3":"status-publish","4":"format-standard","5":"has-post-thumbnail","7":"category-montpellier","8":"tag-actu","9":"tag-actualites","10":"tag-eu","11":"tag-europe","12":"tag-fr","13":"tag-france","14":"tag-herault","15":"tag-montpellier","16":"tag-news","17":"tag-occitanie","18":"tag-republique-francaise","19":"tag-sociu00e9tu00e9","20":"tag-urbanisme"},"share_on_mastodon":{"url":"https:\/\/pubeurope.com\/@fr\/115830321619991923","error":""},"_links":{"self":[{"href":"https:\/\/www.europesays.com\/fr\/wp-json\/wp\/v2\/posts\/637943","targetHints":{"allow":["GET"]}}],"collection":[{"href":"https:\/\/www.europesays.com\/fr\/wp-json\/wp\/v2\/posts"}],"about":[{"href":"https:\/\/www.europesays.com\/fr\/wp-json\/wp\/v2\/types\/post"}],"author":[{"embeddable":true,"href":"https:\/\/www.europesays.com\/fr\/wp-json\/wp\/v2\/users\/2"}],"replies":[{"embeddable":true,"href":"https:\/\/www.europesays.com\/fr\/wp-json\/wp\/v2\/comments?post=637943"}],"version-history":[{"count":0,"href":"https:\/\/www.europesays.com\/fr\/wp-json\/wp\/v2\/posts\/637943\/revisions"}],"wp:featuredmedia":[{"embeddable":true,"href":"https:\/\/www.europesays.com\/fr\/wp-json\/wp\/v2\/media\/637944"}],"wp:attachment":[{"href":"https:\/\/www.europesays.com\/fr\/wp-json\/wp\/v2\/media?parent=637943"}],"wp:term":[{"taxonomy":"category","embeddable":true,"href":"https:\/\/www.europesays.com\/fr\/wp-json\/wp\/v2\/categories?post=637943"},{"taxonomy":"post_tag","embeddable":true,"href":"https:\/\/www.europesays.com\/fr\/wp-json\/wp\/v2\/tags?post=637943"}],"curies":[{"name":"wp","href":"https:\/\/api.w.org\/{rel}","templated":true}]}}