{"id":637947,"date":"2026-01-03T08:54:13","date_gmt":"2026-01-03T08:54:13","guid":{"rendered":"https:\/\/www.europesays.com\/fr\/637947\/"},"modified":"2026-01-03T08:54:13","modified_gmt":"2026-01-03T08:54:13","slug":"lessentiel-du-sport-dans-nos-regions-le-gf38-et-le-fc-annecy-retrouvent-les-terrains-les-bruleurs-de-loups-soffrent-rouen-les-infos-de-ce-samedi-3-janvier","status":"publish","type":"post","link":"https:\/\/www.europesays.com\/fr\/637947\/","title":{"rendered":"L&rsquo;essentiel du sport dans nos r\u00e9gions Le GF38 et le FC Annecy retrouvent les terrains, les Br\u00fbleurs de loups s&rsquo;offrent Rouen&#8230; Les infos de ce samedi 3 janvier"},"content":{"rendered":"<p>Pour lancer la nouvelle ann\u00e9e et \u00e0 l&rsquo;occasion de la 18e journ\u00e9e de Ligue 2, le GF38 et le FC Annecy sont en d\u00e9placement. Les Is\u00e9rois se rendent \u00e0 Bastia, tandis que les Haut-Savoyards d\u00e9fient Reims ; les Br\u00fbleurs de loups ont domin\u00e9 les Dragons de Rouen dans le choc de la 29e journ\u00e9e de Ligue Magnus &#8230; Voici l&rsquo;essentiel de l&rsquo;actualit\u00e9 sportive r\u00e9gionale de ce samedi 3 janvier.<\/p>\n","protected":false},"excerpt":{"rendered":"Pour lancer la nouvelle ann\u00e9e et \u00e0 l&rsquo;occasion de la 18e journ\u00e9e de Ligue 2, le GF38 et&hellip;\n","protected":false},"author":2,"featured_media":637948,"comment_status":"","ping_status":"","sticky":false,"template":"","format":"standard","meta":{"footnotes":""},"categories":[9587],"tags":[1111,11,1777,674,107,1701,1011,27,9540,12,5161,25,9590,517,1947],"class_list":{"0":"post-637947","1":"post","2":"type-post","3":"status-publish","4":"format-standard","5":"has-post-thumbnail","7":"category-rouen","8":"tag-actu","9":"tag-actualites","10":"tag-eu","11":"tag-europe","12":"tag-fil-info","13":"tag-fil-info-sport","14":"tag-fr","15":"tag-france","16":"tag-galerie-sport","17":"tag-news","18":"tag-normandie","19":"tag-republique-francaise","20":"tag-rouen","21":"tag-sport","22":"tag-sport-national"},"share_on_mastodon":{"url":"https:\/\/pubeurope.com\/@fr\/115830329328500014","error":""},"_links":{"self":[{"href":"https:\/\/www.europesays.com\/fr\/wp-json\/wp\/v2\/posts\/637947","targetHints":{"allow":["GET"]}}],"collection":[{"href":"https:\/\/www.europesays.com\/fr\/wp-json\/wp\/v2\/posts"}],"about":[{"href":"https:\/\/www.europesays.com\/fr\/wp-json\/wp\/v2\/types\/post"}],"author":[{"embeddable":true,"href":"https:\/\/www.europesays.com\/fr\/wp-json\/wp\/v2\/users\/2"}],"replies":[{"embeddable":true,"href":"https:\/\/www.europesays.com\/fr\/wp-json\/wp\/v2\/comments?post=637947"}],"version-history":[{"count":0,"href":"https:\/\/www.europesays.com\/fr\/wp-json\/wp\/v2\/posts\/637947\/revisions"}],"wp:featuredmedia":[{"embeddable":true,"href":"https:\/\/www.europesays.com\/fr\/wp-json\/wp\/v2\/media\/637948"}],"wp:attachment":[{"href":"https:\/\/www.europesays.com\/fr\/wp-json\/wp\/v2\/media?parent=637947"}],"wp:term":[{"taxonomy":"category","embeddable":true,"href":"https:\/\/www.europesays.com\/fr\/wp-json\/wp\/v2\/categories?post=637947"},{"taxonomy":"post_tag","embeddable":true,"href":"https:\/\/www.europesays.com\/fr\/wp-json\/wp\/v2\/tags?post=637947"}],"curies":[{"name":"wp","href":"https:\/\/api.w.org\/{rel}","templated":true}]}}