{"id":637949,"date":"2026-01-03T08:56:13","date_gmt":"2026-01-03T08:56:13","guid":{"rendered":"https:\/\/www.europesays.com\/fr\/637949\/"},"modified":"2026-01-03T08:56:13","modified_gmt":"2026-01-03T08:56:13","slug":"pourquoi-sophie-la-girafe-de-grenoble-a-migre-au-musee-de-troyes","status":"publish","type":"post","link":"https:\/\/www.europesays.com\/fr\/637949\/","title":{"rendered":"Pourquoi Sophie la girafe de Grenoble a migr\u00e9 au mus\u00e9e de Troyes"},"content":{"rendered":"<p class=\"paragraph text_align_left lp-f-body-02\"><a href=\"https:\/\/www.leparisien.fr\/environnement\/en-trente-ans-40-des-girafes-ont-disparu-16-08-2019-8134473.php\" target=\"_self\" rel=\"noopener\">Le r\u00e9chauffement climatique <\/a>n\u2019a rien \u00e0 voir avec l\u2019histoire qui suit. Fin d\u00e9cembre \u00e0 Troyes (Aube), ils \u00e9taient pr\u00e8s d\u2019une dizaine \u00e0 s\u2019affairer autour d\u2019un convoi \u00ab exceptionnel \u00bb. Apr\u00e8s 500 kilom\u00e8tres de route, la camionnette partie de Grenoble (Is\u00e8re) s\u2019est gar\u00e9e devant l\u2019entr\u00e9e du <a href=\"https:\/\/www.leparisien.fr\/aube-10\/ils-ont-du-mal-pour-noel-des-commercants-de-troyes-invitent-les-habitants-a-traverser-le-canal-18-12-2024-MR4I7B23WFBCNCCOPI6VQVYVVY.php\" target=\"_self\" rel=\"noopener\">mus\u00e9e Saint-Loup<\/a>. L\u00e0, une dizaine de personnes a pris en charge une esp\u00e8ce animale qu\u2019on n\u2019a pas l\u2019habitude d\u2019apercevoir dans l\u2019Aube. Il s\u2019agissait de\u2026 Sophie la girafe, un animal empaill\u00e9.<\/p>\n<p class=\"\">Qu\u2019on ne s\u2019y m\u00e9prenne pas : malgr\u00e9 son pr\u00e9nom f\u00e9minin, <a href=\"https:\/\/www.leparisien.fr\/economie\/business\/le-secret-de-sophie-la-girafe-devenue-star-internationale-du-jouet-28-11-2016-6383628.php\" target=\"_self\" rel=\"noopener\">en r\u00e9f\u00e9rence au c\u00e9l\u00e8bre jouet<\/a>, la b\u00eate en question est bien un m\u00e2le. Cette girafe massa\u00ef, aussi appel\u00e9e \u00ab girafe du Kilimandjaro \u00bb, embl\u00e8me du Kenya et de la Tanzanie, coulait depuis 2008 des jours paisibles dans le hall d\u2019entr\u00e9e du Mus\u00e9um de Grenoble o\u00f9 100 000 visiteurs la croisaient chaque ann\u00e9e.<\/p>\n<p class=\"\">Pourquoi d\u00e9m\u00e9nager \u00e0 Troyes alors que tout roulait dans l\u2019Is\u00e8re pour Sophie ? \u00c0 l\u2019occasion de ses 250 ans, le Mus\u00e9um de Grenoble a lanc\u00e9 une vague de r\u00e9novations, notamment de son hall d\u2019entr\u00e9e. \u00c0 terme, il n\u2019y aura plus de fen\u00eatres et donc plus de lumi\u00e8re naturelle : des conditions peu id\u00e9ales pour la conservation d\u2019un animal empaill\u00e9 qui s\u2019\u00e9tait d\u00e9j\u00e0 d\u00e9t\u00e9rior\u00e9 au fil des ann\u00e9es. Sophie la girafe, issue d\u2019une esp\u00e8ce qui peut atteindre les 6 m\u00e8tres de hauteur et dont le c\u0153ur peut peser jusqu\u2019\u00e0 12 kilos, avait besoin d\u2019une nouvelle \u00ab maison \u00bb.<\/p>\n<p>Avant d\u2019\u00eatre expos\u00e9e, elle va subir un lifting du cou<\/p>\n<p class=\"\">Le l\u00e9gendaire sens de l\u2019hospitalit\u00e9 des Troyes n\u2019\u00e9tant plus \u00e0 d\u00e9montrer, la Ville de Grenoble a d\u00e9cid\u00e9 d\u2019offrir sa girafe \u00e0 la pr\u00e9fecture de l\u2019Aube. Un don a officiellement accept\u00e9 lors du dernier conseil municipal de 2025.<\/p>\n<p class=\"\">Maire adjoint \u00e0 la culture, Marc Sebeyran, relay\u00e9 par nos confr\u00e8res de L\u2019\u00c9clair, a salu\u00e9 la d\u00e9marche grenobloise : \u00ab Ce sp\u00e9cimen rare est en relatif bon \u00e9tat. \u00c0 la r\u00e9ouverture du mus\u00e9um, il permettra d\u2019\u00e9voquer la famille des giraffid\u00e9s dont ce sera le seul repr\u00e9sentant dans les collections troyennes. Sp\u00e9cimen d\u2019envergure, il pourra devenir l\u2019embl\u00e8me du mus\u00e9um et sensibiliser les visiteurs \u00e0 la protection de ces animaux \u00bb.<\/p>\n<p class=\"\">Repr\u00e9sentante d\u2019une esp\u00e8ce en voie d\u2019extinction, dont on estime qu\u2019il reste environ 35 000 individus sauvages sur Terre, Sophie ne fera pas connaissance dans l\u2019imm\u00e9diat avec les visiteurs du Mus\u00e9e Saint-Loup. La peau de son cou s\u2019\u00e9tant d\u00e9grad\u00e9e au fil des ans, la charmante girafe a besoin d\u2019\u00eatre restaur\u00e9e.<\/p>\n","protected":false},"excerpt":{"rendered":"Le r\u00e9chauffement climatique n\u2019a rien \u00e0 voir avec l\u2019histoire qui suit. Fin d\u00e9cembre \u00e0 Troyes (Aube), ils \u00e9taient&hellip;\n","protected":false},"author":2,"featured_media":637950,"comment_status":"","ping_status":"","sticky":false,"template":"","format":"standard","meta":{"footnotes":""},"categories":[9566],"tags":[1111,917,11,1867,74511,2430,459,1777,674,1011,27,2731,12,25],"class_list":{"0":"post-637949","1":"post","2":"type-post","3":"status-publish","4":"format-standard","5":"has-post-thumbnail","7":"category-grenoble","8":"tag-actu","9":"tag-actu-locale","10":"tag-actualites","11":"tag-animaux","12":"tag-aube-10","13":"tag-auvergne-rhone-alpes","14":"tag-departements-horsidfo","15":"tag-eu","16":"tag-europe","17":"tag-fr","18":"tag-france","19":"tag-grenoble","20":"tag-news","21":"tag-republique-francaise"},"share_on_mastodon":{"url":"https:\/\/pubeurope.com\/@fr\/115830337210021128","error":""},"_links":{"self":[{"href":"https:\/\/www.europesays.com\/fr\/wp-json\/wp\/v2\/posts\/637949","targetHints":{"allow":["GET"]}}],"collection":[{"href":"https:\/\/www.europesays.com\/fr\/wp-json\/wp\/v2\/posts"}],"about":[{"href":"https:\/\/www.europesays.com\/fr\/wp-json\/wp\/v2\/types\/post"}],"author":[{"embeddable":true,"href":"https:\/\/www.europesays.com\/fr\/wp-json\/wp\/v2\/users\/2"}],"replies":[{"embeddable":true,"href":"https:\/\/www.europesays.com\/fr\/wp-json\/wp\/v2\/comments?post=637949"}],"version-history":[{"count":0,"href":"https:\/\/www.europesays.com\/fr\/wp-json\/wp\/v2\/posts\/637949\/revisions"}],"wp:featuredmedia":[{"embeddable":true,"href":"https:\/\/www.europesays.com\/fr\/wp-json\/wp\/v2\/media\/637950"}],"wp:attachment":[{"href":"https:\/\/www.europesays.com\/fr\/wp-json\/wp\/v2\/media?parent=637949"}],"wp:term":[{"taxonomy":"category","embeddable":true,"href":"https:\/\/www.europesays.com\/fr\/wp-json\/wp\/v2\/categories?post=637949"},{"taxonomy":"post_tag","embeddable":true,"href":"https:\/\/www.europesays.com\/fr\/wp-json\/wp\/v2\/tags?post=637949"}],"curies":[{"name":"wp","href":"https:\/\/api.w.org\/{rel}","templated":true}]}}